{"id":13617,"date":"2014-12-22T18:26:17","date_gmt":"2014-12-22T18:26:17","guid":{"rendered":"http:\/\/www.agriatv.hu\/?p=13617"},"modified":"2015-01-05T18:27:20","modified_gmt":"2015-01-05T18:27:20","slug":"eger-videk-kincsei-2","status":"publish","type":"post","link":"https:\/\/www.agriatv.hu\/?p=13617","title":{"rendered":"Eger Vid\u00e9k Kincsei"},"content":{"rendered":"<p>Munkaszervezet \u00fcnnepi \u00fcgyf\u00e9lfogad\u00e1sa:<\/p>\n<p>&nbsp;<\/p>\n<p>Tisztelt \u00c9rdekl\u0151d\u0151k!<\/p>\n<p>Az Eger Vid\u00e9k Kincsei Egyes\u00fclet munkaszervezete ez\u00faton t\u00e1j\u00e9koztatja \u00d6n\u00f6ket, hogy 2014. december 24.-2015. janu\u00e1r 5. k\u00f6z\u00f6tt mobiltelefonos \u00fcgyeletet tart.<\/p>\n<p>&nbsp;<\/p>\n<p>Batki Szabolcs sk.<\/p>\n<p>Munkaszervezet vezet\u0151<\/p>\n<p>&nbsp;<\/p>\n<p>Forr\u00e1s: <a href=\"http:\/\/www.evk-egyesulet.hu\">www.evk-egyesulet.hu<\/a><\/p>\n","protected":false},"excerpt":{"rendered":"<p>Munkaszervezet \u00fcnnepi \u00fcgyf\u00e9lfogad\u00e1sa:<br \/>\n&nbsp;<br \/>\nTisztelt \u00c9rdekl\u0151d\u0151k!<br \/>\nAz Eger Vid\u00e9k Kincsei Egyes\u00fclet munkaszervezete ez\u00faton t\u00e1j\u00e9koztatja \u00d6n\u00f6ket, hogy 2014. december 24.-2015. janu\u00e1r 5. k\u00f6z\u00f6tt mobiltelefonos \u00fcgyeletet tart.<br \/>\n&nbsp;<br \/>\nBatki Szabolcs sk.<br \/>\nMunkaszervezet vezet\u0151<br \/>\n&nbsp;<br \/>\nForr\u00e1s: www.evk-egyesulet.hu<\/p>\n","protected":false},"author":4,"featured_media":0,"comment_status":"closed","ping_status":"closed","sticky":false,"template":"","format":"standard","meta":{"footnotes":""},"categories":[1],"tags":[1615],"class_list":["post-13617","post","type-post","status-publish","format-standard","hentry","category-nincs-kategorizalva","tag-evk"],"_links":{"self":[{"href":"https:\/\/www.agriatv.hu\/index.php?rest_route=\/wp\/v2\/posts\/13617","targetHints":{"allow":["GET"]}}],"collection":[{"href":"https:\/\/www.agriatv.hu\/index.php?rest_route=\/wp\/v2\/posts"}],"about":[{"href":"https:\/\/www.agriatv.hu\/index.php?rest_route=\/wp\/v2\/types\/post"}],"author":[{"embeddable":true,"href":"https:\/\/www.agriatv.hu\/index.php?rest_route=\/wp\/v2\/users\/4"}],"replies":[{"embeddable":true,"href":"https:\/\/www.agriatv.hu\/index.php?rest_route=%2Fwp%2Fv2%2Fcomments&post=13617"}],"version-history":[{"count":1,"href":"https:\/\/www.agriatv.hu\/index.php?rest_route=\/wp\/v2\/posts\/13617\/revisions"}],"predecessor-version":[{"id":13618,"href":"https:\/\/www.agriatv.hu\/index.php?rest_route=\/wp\/v2\/posts\/13617\/revisions\/13618"}],"wp:attachment":[{"href":"https:\/\/www.agriatv.hu\/index.php?rest_route=%2Fwp%2Fv2%2Fmedia&parent=13617"}],"wp:term":[{"taxonomy":"category","embeddable":true,"href":"https:\/\/www.agriatv.hu\/index.php?rest_route=%2Fwp%2Fv2%2Fcategories&post=13617"},{"taxonomy":"post_tag","embeddable":true,"href":"https:\/\/www.agriatv.hu\/index.php?rest_route=%2Fwp%2Fv2%2Ftags&post=13617"}],"curies":[{"name":"wp","href":"https:\/\/api.w.org\/{rel}","templated":true}]}}