{"id":13684,"date":"2015-01-24T16:51:13","date_gmt":"2015-01-24T16:51:13","guid":{"rendered":"http:\/\/www.agriatv.hu\/?p=13684"},"modified":"2015-01-24T16:51:13","modified_gmt":"2015-01-24T16:51:13","slug":"halalos-gazolas-onkent-feladta-magat-a-sofor","status":"publish","type":"post","link":"https:\/\/www.agriatv.hu\/?p=13684","title":{"rendered":"Hal\u00e1los g\u00e1zol\u00e1s: \u00f6nk\u00e9nt feladta mag\u00e1t a sof\u0151r"},"content":{"rendered":"<div class=\"cikklead\" style=\"text-align: justify;\"><strong><a href=\"https:\/\/www.agriatv.hu\/wp-content\/uploads\/2015\/01\/0124hatvan_cserbenhagyas_v.jpg\"><img loading=\"lazy\" decoding=\"async\" class=\"alignleft  wp-image-13685\" src=\"https:\/\/www.agriatv.hu\/wp-content\/uploads\/2015\/01\/0124hatvan_cserbenhagyas_v-300x240.jpg\" alt=\"0124hatvan_cserbenhagyas_v\" width=\"149\" height=\"119\" srcset=\"https:\/\/www.agriatv.hu\/wp-content\/uploads\/2015\/01\/0124hatvan_cserbenhagyas_v-300x240.jpg 300w, https:\/\/www.agriatv.hu\/wp-content\/uploads\/2015\/01\/0124hatvan_cserbenhagyas_v-100x80.jpg 100w, https:\/\/www.agriatv.hu\/wp-content\/uploads\/2015\/01\/0124hatvan_cserbenhagyas_v.jpg 720w\" sizes=\"auto, (max-width: 149px) 100vw, 149px\" \/><\/a>Feladta mag\u00e1t szombaton az a sof\u0151r, aki BMW-j\u00e9vel p\u00e9ntek este Hatvanban hal\u00e1lra g\u00e1zolt egy gyalogost.<\/strong><\/div>\n<div id=\"zonakod_1626\" class=\"ad ad468\" style=\"text-align: justify;\">P\u00e9nteken az esti \u00f3r\u00e1kban egy ismeretlen szem\u00e9ly \u00e1ltal vezetett g\u00e9pj\u00e1rm\u0171 el\u00fct\u00f6tt a hatvani Turai \u00faton egy gyalogos n\u0151t, aki ennek k\u00f6vetkezt\u00e9ben a helysz\u00ednen \u00e9let\u00e9t vesztette. Az aut\u00f3 vezet\u0151je meg\u00e1ll\u00e1s \u00e9s seg\u00edts\u00e9gny\u00fajt\u00e1s n\u00e9lk\u00fcl tov\u00e1bbhajtott.<\/div>\n<div class=\"cikkleft cikktext\" style=\"text-align: justify;\">\n<p>A Heves Megyei Rend\u0151r-f\u0151kapit\u00e1nys\u00e1g \u00e9s a Hatvani Rend\u0151rkapit\u00e1nys\u00e1g az elm\u00falt \u00e9jszaka elv\u00e9gezte a helysz\u00ednel\u00e9st, \u00e9s a tan\u00fak felkutat\u00e1s\u00e1t, majd kihallgat\u00e1s\u00e1t. A Hatvani Rend\u0151rkapit\u00e1nys\u00e1gon\u00a0 szombaton a d\u00e9lel\u0151tti \u00f3r\u00e1kban megjelent egy f\u00e9rfi \u00e9s elmondta, hogy \u0151 vezette a keresett j\u00e1rm\u0171vet. H. L\u00e1szl\u00f3 34 \u00e9ves j\u00e1szf\u00e9nyszarui lakos ellen seg\u00edts\u00e9gny\u00fajt\u00e1s elmulaszt\u00e1sa b\u0171ntett\u00e9nek megalapozott gyan\u00faja miatt indult elj\u00e1r\u00e1s a Heves Megyei Rend\u0151r-f\u0151kapit\u00e1nys\u00e1gon.<\/p>\n<\/div>\n<p style=\"text-align: justify;\"><strong><div class=\"wordtube\">\n<div class=\"wordtube single1398\" id=\"WT1_1\" style=\"width:320px; height:240px;\">\n<a href=\"http:\/\/www.macromedia.com\/go\/getflashplayer\">Get the Flash Player<\/a> to see the wordTube Media Player.\n<\/div><\/div>\n\t<script type=\"text\/javascript\" defer=\"defer\">\nvar WT1_1 = {\n\tparams : {\n\t\twmode : \"opaque\",\n\t\tallowscriptaccess : \"always\",\n\t\tallownetworking : \"all\",\n\t\tallowfullscreen : \"true\"},\n\tflashvars : {\n\t\tfile : \"http%3A%2F%2Fwww.agriatv.hu%2Fwp-content%2Fuploads%2F2015%2F01%2F0124hatvan_cserbenhagyas.flv\",\n\t\tvolume : \"80\",\n\t\tbufferlength : \"5\",\n\t\tquality : \"false\",\n\t\t'logo.hide' : \"false\",\n\t\timage : \"http%3A%2F%2Fwww.agriatv.hu%2Fwp-content%2Fuploads%2F2015%2F01%2F0124hatvan_cserbenhagyas.jpg\",\n\t\ttitle : \"0124hatvan_cserbenhagyas.flv\",\n\t\tlinktarget : \"_self\"},\n\tattr : {\n\t\tid : \"WT1\",\n\t\tname : \"WT1\"},\n\tstart : function() {\n\t\tswfobject.embedSWF(\"https:\/\/www.agriatv.hu\/\/player.swf\", \"WT1_1\", \"320\", \"240\", \"9.0.0\", false, this.flashvars, this.params , this.attr );\n\t}\n}\nWT1_1.start();\n\t<\/script>\n<\/strong><\/p>\n","protected":false},"excerpt":{"rendered":"<p>Feladta mag\u00e1t szombaton az a sof\u0151r, aki BMW-j\u00e9vel p\u00e9ntek este Hatvanban hal\u00e1lra g\u00e1zolt egy gyalogost.<br \/>\nP\u00e9nteken az esti \u00f3r\u00e1kban egy ismeretlen szem\u00e9ly \u00e1ltal vezetett g\u00e9pj\u00e1rm\u0171 el\u00fct\u00f6tt a hatvani Turai \u00faton egy gyalogos n\u0151t, aki ennek k\u00f6vetkezt\u00e9ben a helysz\u00ednen \u00e9let\u00e9t vesztette. Az aut\u00f3 vezet\u0151je meg\u00e1ll\u00e1s \u00e9s seg\u00edts\u00e9gny\u00fajt\u00e1s n\u00e9lk\u00fcl tov\u00e1bbhajtott.<\/p>\n<p>A Heves Megyei Rend\u0151r-f\u0151kapit\u00e1nys\u00e1g \u00e9s a Hatvani Rend\u0151rkapit\u00e1nys\u00e1g az [&#8230;]<\/p>\n","protected":false},"author":4,"featured_media":0,"comment_status":"closed","ping_status":"closed","sticky":false,"template":"","format":"standard","meta":{"footnotes":""},"categories":[5],"tags":[2163,396,771,236,122],"class_list":["post-13684","post","type-post","status-publish","format-standard","hentry","category-kek-hirek","tag-cserbenhagyas","tag-gyalogos","tag-halal","tag-hatvan","tag-rendorseg"],"_links":{"self":[{"href":"https:\/\/www.agriatv.hu\/index.php?rest_route=\/wp\/v2\/posts\/13684","targetHints":{"allow":["GET"]}}],"collection":[{"href":"https:\/\/www.agriatv.hu\/index.php?rest_route=\/wp\/v2\/posts"}],"about":[{"href":"https:\/\/www.agriatv.hu\/index.php?rest_route=\/wp\/v2\/types\/post"}],"author":[{"embeddable":true,"href":"https:\/\/www.agriatv.hu\/index.php?rest_route=\/wp\/v2\/users\/4"}],"replies":[{"embeddable":true,"href":"https:\/\/www.agriatv.hu\/index.php?rest_route=%2Fwp%2Fv2%2Fcomments&post=13684"}],"version-history":[{"count":1,"href":"https:\/\/www.agriatv.hu\/index.php?rest_route=\/wp\/v2\/posts\/13684\/revisions"}],"predecessor-version":[{"id":13686,"href":"https:\/\/www.agriatv.hu\/index.php?rest_route=\/wp\/v2\/posts\/13684\/revisions\/13686"}],"wp:attachment":[{"href":"https:\/\/www.agriatv.hu\/index.php?rest_route=%2Fwp%2Fv2%2Fmedia&parent=13684"}],"wp:term":[{"taxonomy":"category","embeddable":true,"href":"https:\/\/www.agriatv.hu\/index.php?rest_route=%2Fwp%2Fv2%2Fcategories&post=13684"},{"taxonomy":"post_tag","embeddable":true,"href":"https:\/\/www.agriatv.hu\/index.php?rest_route=%2Fwp%2Fv2%2Ftags&post=13684"}],"curies":[{"name":"wp","href":"https:\/\/api.w.org\/{rel}","templated":true}]}}