{"id":13745,"date":"2015-02-08T15:10:27","date_gmt":"2015-02-08T15:10:27","guid":{"rendered":"http:\/\/www.agriatv.hu\/?p=13745"},"modified":"2015-02-08T15:10:27","modified_gmt":"2015-02-08T15:10:27","slug":"extrem-havazas-a-matraban","status":"publish","type":"post","link":"https:\/\/www.agriatv.hu\/?p=13745","title":{"rendered":"Extr\u00e9m havaz\u00e1s a M\u00e1tr\u00e1ban"},"content":{"rendered":"<p style=\"text-align: justify;\"><a href=\"https:\/\/www.agriatv.hu\/wp-content\/uploads\/2015\/02\/0208ho_v.jpg\"><img loading=\"lazy\" decoding=\"async\" class=\"alignleft  wp-image-13747\" src=\"https:\/\/www.agriatv.hu\/wp-content\/uploads\/2015\/02\/0208ho_v-300x240.jpg\" alt=\"0208ho_v\" width=\"108\" height=\"86\" srcset=\"https:\/\/www.agriatv.hu\/wp-content\/uploads\/2015\/02\/0208ho_v-300x240.jpg 300w, https:\/\/www.agriatv.hu\/wp-content\/uploads\/2015\/02\/0208ho_v-100x80.jpg 100w, https:\/\/www.agriatv.hu\/wp-content\/uploads\/2015\/02\/0208ho_v.jpg 720w\" sizes=\"auto, (max-width: 108px) 100vw, 108px\" \/><\/a>Extr\u00e9m havaz\u00e1s alakult ki ma a M\u00e1tr\u00e1ban. A hatalmas \u00e9s s\u0171r\u0171 h\u00f3pelyheknek k\u00f6sz\u00f6nhet\u0151en, 15 perc alatt 4 cm h\u00f3 hullott. A s\u00edz\u0151ket alig lehetett l\u00e1tni a szakad\u00f3 h\u00f3t\u00f3l. B\u00e1r az id\u0151j\u00e1r\u00e1s el\u0151rejelz\u00e9sek csak h\u00f3z\u00e1porr\u00f3l sz\u00f3ltak, m\u00e9g a s\u00edz\u0151k is meglep\u0151dtek a mennyis\u00e9gen. Ritka a jelens\u00e9g, id\u00e9n ilyen intenz\u00edven m\u00e9g nem havazott a M\u00e1tr\u00e1ban.<strong><div class=\"wordtube\">\n<div class=\"wordtube single1404\" id=\"WT1_1\" style=\"width:320px; height:240px;\">\n<a href=\"http:\/\/www.macromedia.com\/go\/getflashplayer\">Get the Flash Player<\/a> to see the wordTube Media Player.\n<\/div><\/div>\n\t<script type=\"text\/javascript\" defer=\"defer\">\nvar WT1_1 = {\n\tparams : {\n\t\twmode : \"opaque\",\n\t\tallowscriptaccess : \"always\",\n\t\tallownetworking : \"all\",\n\t\tallowfullscreen : \"true\"},\n\tflashvars : {\n\t\tfile : \"http%3A%2F%2Fwww.agriatv.hu%2Fwp-content%2Fuploads%2F2015%2F02%2F0208ho.flv\",\n\t\tvolume : \"80\",\n\t\tbufferlength : \"5\",\n\t\tquality : \"false\",\n\t\t'logo.hide' : \"false\",\n\t\timage : \"http%3A%2F%2Fwww.agriatv.hu%2Fwp-content%2Fuploads%2F2015%2F02%2F0208ho.Still001.jpg\",\n\t\ttitle : \"0208ho.flv\",\n\t\tlinktarget : \"_self\"},\n\tattr : {\n\t\tid : \"WT1\",\n\t\tname : \"WT1\"},\n\tstart : function() {\n\t\tswfobject.embedSWF(\"https:\/\/www.agriatv.hu\/\/player.swf\", \"WT1_1\", \"320\", \"240\", \"9.0.0\", false, this.flashvars, this.params , this.attr );\n\t}\n}\nWT1_1.start();\n\t<\/script>\n<\/strong>Bek\u00fcld\u00f6tt vide\u00f3<\/p>\n","protected":false},"excerpt":{"rendered":"<p>Extr\u00e9m havaz\u00e1s alakult ki ma a M\u00e1tr\u00e1ban. A hatalmas \u00e9s s\u0171r\u0171 h\u00f3pelyheknek k\u00f6sz\u00f6nhet\u0151en, 15 perc alatt 4 cm h\u00f3 hullott. A s\u00edz\u0151ket alig lehetett l\u00e1tni a szakad\u00f3 h\u00f3t\u00f3l. B\u00e1r az id\u0151j\u00e1r\u00e1s el\u0151rejelz\u00e9sek csak h\u00f3z\u00e1porr\u00f3l sz\u00f3ltak, m\u00e9g a s\u00edz\u0151k is meglep\u0151dtek a mennyis\u00e9gen. Ritka a jelens\u00e9g, id\u00e9n ilyen intenz\u00edven m\u00e9g nem havazott a M\u00e1tr\u00e1ban.Bek\u00fcld\u00f6tt vide\u00f3<\/p>\n","protected":false},"author":4,"featured_media":0,"comment_status":"closed","ping_status":"closed","sticky":false,"template":"","format":"standard","meta":{"footnotes":""},"categories":[6,11,4],"tags":[872,38,1619,1542],"class_list":["post-13745","post","type-post","status-publish","format-standard","hentry","category-belfold","category-sport","category-szabadido","tag-ho","tag-matra","tag-matraszentistvan","tag-sipark"],"_links":{"self":[{"href":"https:\/\/www.agriatv.hu\/index.php?rest_route=\/wp\/v2\/posts\/13745","targetHints":{"allow":["GET"]}}],"collection":[{"href":"https:\/\/www.agriatv.hu\/index.php?rest_route=\/wp\/v2\/posts"}],"about":[{"href":"https:\/\/www.agriatv.hu\/index.php?rest_route=\/wp\/v2\/types\/post"}],"author":[{"embeddable":true,"href":"https:\/\/www.agriatv.hu\/index.php?rest_route=\/wp\/v2\/users\/4"}],"replies":[{"embeddable":true,"href":"https:\/\/www.agriatv.hu\/index.php?rest_route=%2Fwp%2Fv2%2Fcomments&post=13745"}],"version-history":[{"count":2,"href":"https:\/\/www.agriatv.hu\/index.php?rest_route=\/wp\/v2\/posts\/13745\/revisions"}],"predecessor-version":[{"id":13748,"href":"https:\/\/www.agriatv.hu\/index.php?rest_route=\/wp\/v2\/posts\/13745\/revisions\/13748"}],"wp:attachment":[{"href":"https:\/\/www.agriatv.hu\/index.php?rest_route=%2Fwp%2Fv2%2Fmedia&parent=13745"}],"wp:term":[{"taxonomy":"category","embeddable":true,"href":"https:\/\/www.agriatv.hu\/index.php?rest_route=%2Fwp%2Fv2%2Fcategories&post=13745"},{"taxonomy":"post_tag","embeddable":true,"href":"https:\/\/www.agriatv.hu\/index.php?rest_route=%2Fwp%2Fv2%2Ftags&post=13745"}],"curies":[{"name":"wp","href":"https:\/\/api.w.org\/{rel}","templated":true}]}}