{"id":13749,"date":"2015-02-08T19:51:15","date_gmt":"2015-02-08T19:51:15","guid":{"rendered":"http:\/\/www.agriatv.hu\/?p=13749"},"modified":"2015-02-08T19:51:25","modified_gmt":"2015-02-08T19:51:25","slug":"ket-auto-utkozott-ossze-2","status":"publish","type":"post","link":"https:\/\/www.agriatv.hu\/?p=13749","title":{"rendered":"K\u00e9t aut\u00f3 \u00fctk\u00f6z\u00f6tt \u00f6ssze"},"content":{"rendered":"<p style=\"text-align: justify;\"><strong><a href=\"https:\/\/www.agriatv.hu\/wp-content\/uploads\/2015\/02\/0208baleset_eger_v.jpg\"><img loading=\"lazy\" decoding=\"async\" class=\"alignleft  wp-image-13750\" src=\"https:\/\/www.agriatv.hu\/wp-content\/uploads\/2015\/02\/0208baleset_eger_v-300x240.jpg\" alt=\"0208baleset_eger_v\" width=\"149\" height=\"119\" srcset=\"https:\/\/www.agriatv.hu\/wp-content\/uploads\/2015\/02\/0208baleset_eger_v-300x240.jpg 300w, https:\/\/www.agriatv.hu\/wp-content\/uploads\/2015\/02\/0208baleset_eger_v-100x80.jpg 100w, https:\/\/www.agriatv.hu\/wp-content\/uploads\/2015\/02\/0208baleset_eger_v.jpg 720w\" sizes=\"auto, (max-width: 149px) 100vw, 149px\" \/><\/a>K\u00f6zel m\u00e1sf\u00e9l \u00f3r\u00e1ig volt lez\u00e1rva az Egert Noszvajjal \u00f6sszek\u00f6t\u0151 \u00fat.<\/strong><\/p>\n<p style=\"text-align: justify;\">K\u00e9t aut\u00f3 \u00fctk\u00f6z\u00f6tt \u00f6ssze vas\u00e1rnap este. Az els\u0151dleges meg\u00e1llap\u00edt\u00e1sok szerint, egy Eger fel\u00e9 halad\u00f3 Peugeot egy enyhe \u00edvel\u00e9s\u0171 kanyar ut\u00e1n \u00e1tsodr\u00f3dott a szemk\u00f6zti s\u00e1vba. A szemb\u0151l \u00e9rkez\u0151 Toyota vezet\u0151je, hogy a front\u00e1lis \u00fctk\u00f6z\u00e9st elker\u00fclje, megpr\u00f3b\u00e1lt kit\u00e9rni a sodr\u00f3d\u00f3 kocsi el\u0151l, de ez nem siker\u00fclt teljesen. A k\u00e9t kocsi \u00f6ssze\u00fctk\u00f6z\u00f6tt, a Peugeot az \u00e1rokban, az oldal\u00e1n \u00e1llt meg.<\/p>\n<p style=\"text-align: justify;\">A balesetben\u00a0 &#8211; a Toyota vezet\u0151je l\u00e9lekjelenl\u00e9t\u00e9nek k\u00f6sz\u00f6nhet\u0151en &#8211; ketten s\u00e9r\u00fcltek meg, k\u00f6nnyebben.<\/p>\n<p style=\"text-align: justify;\">A rend\u0151rs\u00e9g a helysz\u00ednel\u00e9s idej\u00e9re lez\u00e1rta az utat.<div class=\"wordtube\">\n<div class=\"wordtube single1405\" id=\"WT1_1\" style=\"width:320px; height:240px;\">\n<a href=\"http:\/\/www.macromedia.com\/go\/getflashplayer\">Get the Flash Player<\/a> to see the wordTube Media Player.\n<\/div><\/div>\n\t<script type=\"text\/javascript\" defer=\"defer\">\nvar WT1_1 = {\n\tparams : {\n\t\twmode : \"opaque\",\n\t\tallowscriptaccess : \"always\",\n\t\tallownetworking : \"all\",\n\t\tallowfullscreen : \"true\"},\n\tflashvars : {\n\t\tfile : \"http%3A%2F%2Fwww.agriatv.hu%2Fwp-content%2Fuploads%2F2015%2F02%2F0208baleset_eger.flv\",\n\t\tvolume : \"80\",\n\t\tbufferlength : \"5\",\n\t\tquality : \"false\",\n\t\t'logo.hide' : \"false\",\n\t\timage : \"http%3A%2F%2Fwww.agriatv.hu%2Fwp-content%2Fuploads%2F2015%2F02%2F0208baleset_eger.Still001.jpg\",\n\t\ttitle : \"0208baleset_eger.flv\",\n\t\tlinktarget : \"_self\"},\n\tattr : {\n\t\tid : \"WT1\",\n\t\tname : \"WT1\"},\n\tstart : function() {\n\t\tswfobject.embedSWF(\"https:\/\/www.agriatv.hu\/\/player.swf\", \"WT1_1\", \"320\", \"240\", \"9.0.0\", false, this.flashvars, this.params , this.attr );\n\t}\n}\nWT1_1.start();\n\t<\/script>\n<\/p>\n","protected":false},"excerpt":{"rendered":"<p>K\u00f6zel m\u00e1sf\u00e9l \u00f3r\u00e1ig volt lez\u00e1rva az Egert Noszvajjal \u00f6sszek\u00f6t\u0151 \u00fat.<br \/>\nK\u00e9t aut\u00f3 \u00fctk\u00f6z\u00f6tt \u00f6ssze vas\u00e1rnap este. Az els\u0151dleges meg\u00e1llap\u00edt\u00e1sok szerint, egy Eger fel\u00e9 halad\u00f3 Peugeot egy enyhe \u00edvel\u00e9s\u0171 kanyar ut\u00e1n \u00e1tsodr\u00f3dott a szemk\u00f6zti s\u00e1vba. A szemb\u0151l \u00e9rkez\u0151 Toyota vezet\u0151je, hogy a front\u00e1lis \u00fctk\u00f6z\u00e9st elker\u00fclje, megpr\u00f3b\u00e1lt kit\u00e9rni a sodr\u00f3d\u00f3 kocsi el\u0151l, de ez nem siker\u00fclt teljesen. A [&#8230;]<\/p>\n","protected":false},"author":4,"featured_media":0,"comment_status":"closed","ping_status":"closed","sticky":false,"template":"","format":"standard","meta":{"footnotes":""},"categories":[5],"tags":[41,36,2014],"class_list":["post-13749","post","type-post","status-publish","format-standard","hentry","category-kek-hirek","tag-baleset","tag-eger","tag-noszvaj"],"_links":{"self":[{"href":"https:\/\/www.agriatv.hu\/index.php?rest_route=\/wp\/v2\/posts\/13749","targetHints":{"allow":["GET"]}}],"collection":[{"href":"https:\/\/www.agriatv.hu\/index.php?rest_route=\/wp\/v2\/posts"}],"about":[{"href":"https:\/\/www.agriatv.hu\/index.php?rest_route=\/wp\/v2\/types\/post"}],"author":[{"embeddable":true,"href":"https:\/\/www.agriatv.hu\/index.php?rest_route=\/wp\/v2\/users\/4"}],"replies":[{"embeddable":true,"href":"https:\/\/www.agriatv.hu\/index.php?rest_route=%2Fwp%2Fv2%2Fcomments&post=13749"}],"version-history":[{"count":2,"href":"https:\/\/www.agriatv.hu\/index.php?rest_route=\/wp\/v2\/posts\/13749\/revisions"}],"predecessor-version":[{"id":13752,"href":"https:\/\/www.agriatv.hu\/index.php?rest_route=\/wp\/v2\/posts\/13749\/revisions\/13752"}],"wp:attachment":[{"href":"https:\/\/www.agriatv.hu\/index.php?rest_route=%2Fwp%2Fv2%2Fmedia&parent=13749"}],"wp:term":[{"taxonomy":"category","embeddable":true,"href":"https:\/\/www.agriatv.hu\/index.php?rest_route=%2Fwp%2Fv2%2Fcategories&post=13749"},{"taxonomy":"post_tag","embeddable":true,"href":"https:\/\/www.agriatv.hu\/index.php?rest_route=%2Fwp%2Fv2%2Ftags&post=13749"}],"curies":[{"name":"wp","href":"https:\/\/api.w.org\/{rel}","templated":true}]}}