{"id":13753,"date":"2015-02-09T18:05:01","date_gmt":"2015-02-09T18:05:01","guid":{"rendered":"http:\/\/www.agriatv.hu\/?p=13753"},"modified":"2015-02-10T18:50:36","modified_gmt":"2015-02-10T18:50:36","slug":"utkoztek-a-matyas-kiraly-uton","status":"publish","type":"post","link":"https:\/\/www.agriatv.hu\/?p=13753","title":{"rendered":"\u00dctk\u00f6ztek a M\u00e1ty\u00e1s kir\u00e1ly \u00faton"},"content":{"rendered":"<p><strong><a href=\"https:\/\/www.agriatv.hu\/wp-content\/uploads\/2015\/02\/0208kocc_c.jpg\"><img loading=\"lazy\" decoding=\"async\" class=\"alignleft  wp-image-13754\" src=\"https:\/\/www.agriatv.hu\/wp-content\/uploads\/2015\/02\/0208kocc_c-300x240.jpg\" alt=\"0208kocc_c\" width=\"119\" height=\"95\" srcset=\"https:\/\/www.agriatv.hu\/wp-content\/uploads\/2015\/02\/0208kocc_c-300x240.jpg 300w, https:\/\/www.agriatv.hu\/wp-content\/uploads\/2015\/02\/0208kocc_c-100x80.jpg 100w, https:\/\/www.agriatv.hu\/wp-content\/uploads\/2015\/02\/0208kocc_c.jpg 720w\" sizes=\"auto, (max-width: 119px) 100vw, 119px\" \/><\/a>K\u00e9t aut\u00f3 \u00fctk\u00f6z\u00f6tt \u00f6ssze vas\u00e1rnap este\u00a0 a M\u00e1ty\u00e1s kir\u00e1ly \u00faton.<\/strong><\/p>\n<p>A Noszvaj fel\u00e9 vezet\u0151 \u00faton t\u00f6rt\u00e9nt baleset ut\u00e1n ism\u00e9t dolga volt a helysz\u00ednel\u0151nek. Egerben az egyik benzink\u00fat mellett \u00fctk\u00f6z\u00f6tt \u00f6ssze k\u00e9t kocsi. Az els\u0151dleges meg\u00e1llap\u00edt\u00e1sok szerint a k\u00fat fel\u00e9 behajt\u00f3 kocsi nem adta meg az els\u0151bbs\u00e9get az egyenesen halad\u00f3 j\u00e1rm\u0171nek. A v\u00e1rosb\u00f3l \u00e9rkez\u0151 aut\u00f3 vezet\u0151je hatalmas f\u00e9kez\u00e9ssel pr\u00f3b\u00e1lta a karambolt elker\u00fclni. A balesetben senki sem s\u00e9r\u00fclt meg, az anyagi k\u00e1r jelent\u0151s. A rend\u0151rs\u00e9g vizsg\u00e1lja a baleset k\u00f6r\u00fclm\u00e9nyeit. <div class=\"wordtube\">\n<div class=\"wordtube single1406\" id=\"WT1_1\" style=\"width:320px; height:240px;\">\n<a href=\"http:\/\/www.macromedia.com\/go\/getflashplayer\">Get the Flash Player<\/a> to see the wordTube Media Player.\n<\/div><\/div>\n\t<script type=\"text\/javascript\" defer=\"defer\">\nvar WT1_1 = {\n\tparams : {\n\t\twmode : \"opaque\",\n\t\tallowscriptaccess : \"always\",\n\t\tallownetworking : \"all\",\n\t\tallowfullscreen : \"true\"},\n\tflashvars : {\n\t\tfile : \"http%3A%2F%2Fwww.agriatv.hu%2Fwp-content%2Fuploads%2F2015%2F02%2F0208kocc.flv\",\n\t\tvolume : \"80\",\n\t\tbufferlength : \"5\",\n\t\tquality : \"false\",\n\t\t'logo.hide' : \"false\",\n\t\timage : \"http%3A%2F%2Fwww.agriatv.hu%2Fwp-content%2Fuploads%2F2015%2F02%2F0208kocc.Still001.jpg\",\n\t\ttitle : \"0208kocc.flv\",\n\t\tlinktarget : \"_self\"},\n\tattr : {\n\t\tid : \"WT1\",\n\t\tname : \"WT1\"},\n\tstart : function() {\n\t\tswfobject.embedSWF(\"https:\/\/www.agriatv.hu\/\/player.swf\", \"WT1_1\", \"320\", \"240\", \"9.0.0\", false, this.flashvars, this.params , this.attr );\n\t}\n}\nWT1_1.start();\n\t<\/script>\n Video: B\u00e1nyai Bal\u00e1zs<\/p>\n","protected":false},"excerpt":{"rendered":"<p>K\u00e9t aut\u00f3 \u00fctk\u00f6z\u00f6tt \u00f6ssze vas\u00e1rnap este\u00a0 a M\u00e1ty\u00e1s kir\u00e1ly \u00faton.<br \/>\nA Noszvaj fel\u00e9 vezet\u0151 \u00faton t\u00f6rt\u00e9nt baleset ut\u00e1n ism\u00e9t dolga volt a helysz\u00ednel\u0151nek. Egerben az egyik benzink\u00fat mellett \u00fctk\u00f6z\u00f6tt \u00f6ssze k\u00e9t kocsi. Az els\u0151dleges meg\u00e1llap\u00edt\u00e1sok szerint a k\u00fat fel\u00e9 behajt\u00f3 kocsi nem adta meg az els\u0151bbs\u00e9get az egyenesen halad\u00f3 j\u00e1rm\u0171nek. A v\u00e1rosb\u00f3l \u00e9rkez\u0151 aut\u00f3 vezet\u0151je hatalmas [&#8230;]<\/p>\n","protected":false},"author":4,"featured_media":0,"comment_status":"closed","ping_status":"closed","sticky":false,"template":"","format":"standard","meta":{"footnotes":""},"categories":[5],"tags":[41,36],"class_list":["post-13753","post","type-post","status-publish","format-standard","hentry","category-kek-hirek","tag-baleset","tag-eger"],"_links":{"self":[{"href":"https:\/\/www.agriatv.hu\/index.php?rest_route=\/wp\/v2\/posts\/13753","targetHints":{"allow":["GET"]}}],"collection":[{"href":"https:\/\/www.agriatv.hu\/index.php?rest_route=\/wp\/v2\/posts"}],"about":[{"href":"https:\/\/www.agriatv.hu\/index.php?rest_route=\/wp\/v2\/types\/post"}],"author":[{"embeddable":true,"href":"https:\/\/www.agriatv.hu\/index.php?rest_route=\/wp\/v2\/users\/4"}],"replies":[{"embeddable":true,"href":"https:\/\/www.agriatv.hu\/index.php?rest_route=%2Fwp%2Fv2%2Fcomments&post=13753"}],"version-history":[{"count":5,"href":"https:\/\/www.agriatv.hu\/index.php?rest_route=\/wp\/v2\/posts\/13753\/revisions"}],"predecessor-version":[{"id":13760,"href":"https:\/\/www.agriatv.hu\/index.php?rest_route=\/wp\/v2\/posts\/13753\/revisions\/13760"}],"wp:attachment":[{"href":"https:\/\/www.agriatv.hu\/index.php?rest_route=%2Fwp%2Fv2%2Fmedia&parent=13753"}],"wp:term":[{"taxonomy":"category","embeddable":true,"href":"https:\/\/www.agriatv.hu\/index.php?rest_route=%2Fwp%2Fv2%2Fcategories&post=13753"},{"taxonomy":"post_tag","embeddable":true,"href":"https:\/\/www.agriatv.hu\/index.php?rest_route=%2Fwp%2Fv2%2Ftags&post=13753"}],"curies":[{"name":"wp","href":"https:\/\/api.w.org\/{rel}","templated":true}]}}