{"id":13792,"date":"2015-02-21T12:26:55","date_gmt":"2015-02-21T12:26:55","guid":{"rendered":"http:\/\/www.agriatv.hu\/?p=13792"},"modified":"2015-02-21T18:08:28","modified_gmt":"2015-02-21T18:08:28","slug":"baleset-a-viadukton-2","status":"publish","type":"post","link":"https:\/\/www.agriatv.hu\/?p=13792","title":{"rendered":"Baleset a viadukton"},"content":{"rendered":"<p style=\"text-align: justify;\"><strong><a href=\"https:\/\/www.agriatv.hu\/wp-content\/uploads\/2015\/02\/0221viadukt_eger_v.jpg\"><img loading=\"lazy\" decoding=\"async\" class=\"alignleft  wp-image-13793\" src=\"https:\/\/www.agriatv.hu\/wp-content\/uploads\/2015\/02\/0221viadukt_eger_v-300x240.jpg\" alt=\"0221viadukt_eger_v\" width=\"136\" height=\"109\" srcset=\"https:\/\/www.agriatv.hu\/wp-content\/uploads\/2015\/02\/0221viadukt_eger_v-300x240.jpg 300w, https:\/\/www.agriatv.hu\/wp-content\/uploads\/2015\/02\/0221viadukt_eger_v-100x80.jpg 100w, https:\/\/www.agriatv.hu\/wp-content\/uploads\/2015\/02\/0221viadukt_eger_v.jpg 720w\" sizes=\"auto, (max-width: 136px) 100vw, 136px\" \/><\/a>Egy Feln\u00e9met fel\u00e9 halad\u00f3 kocsi \u00fctk\u00f6z\u00f6tt a korl\u00e1tnak. <\/strong><\/p>\n<p style=\"text-align: justify;\">Megs\u00e9r\u00fclt a vezet\u0151je annak a kocsinak, amelyik ma d\u00e9lel\u0151tt balesetezett, Egerben a viadukton. A kocsi eddig ismeretlen okb\u00f3l az \u00fatp\u00e1lya korl\u00e1tj\u00e1nak \u00fctk\u00f6z\u00f6tt, kiszak\u00edtva azt tov\u00e1bb p\u00f6rd\u00fclt az \u00faton, majd ism\u00e9t a szalagkorl\u00e1tnak \u00fctk\u00f6z\u00f6tt, ezt k\u00f6vet\u0151en \u00e1llt meg.<\/p>\n<p style=\"text-align: justify;\">Egyel\u0151re nem tudni, hogy a sof\u0151r rosszul lett, vagy megcs\u00faszott az \u00faton. Csak a v\u00e9letlenen m\u00falt, hogy komolyabb baleset nem t\u00f6rt\u00e9nt, hiszen a korl\u00e1t \u00e9s a kocsi darabjai az \u00fat alatt l\u00e9v\u0151 j\u00e1rd\u00e1hoz csap\u00f3dtak. A korrod\u00e1lt korl\u00e1t alig fogta meg a j\u00e1rm\u0171vet, az is vezet\u0151j\u00e9vel egy\u00fctt a m\u00e9lybe zuhanhatott volna.<\/p>\n<p style=\"text-align: justify;\">\u00dagy tudjuk, a kocsit egy 50-es \u00e9veiben j\u00e1r\u00f3 sof\u0151r vezette, aki k\u00f6nnyebb s\u00e9r\u00fcl\u00e9sekkel \u00faszta meg a balesetet.<\/p>\n<p style=\"text-align: justify;\">A baleset k\u00f6r\u00fclm\u00e9nyeit a rend\u0151rs\u00e9g vizsg\u00e1lja. A helysz\u00ednel\u00e9s idej\u00e9re f\u00e9lp\u00e1ly\u00e1n lez\u00e1rt\u00e1k a viaduktot.<div class=\"wordtube\">\n<div class=\"wordtube single1413\" id=\"WT1_1\" style=\"width:320px; height:240px;\">\n<a href=\"http:\/\/www.macromedia.com\/go\/getflashplayer\">Get the Flash Player<\/a> to see the wordTube Media Player.\n<\/div><\/div>\n\t<script type=\"text\/javascript\" defer=\"defer\">\nvar WT1_1 = {\n\tparams : {\n\t\twmode : \"opaque\",\n\t\tallowscriptaccess : \"always\",\n\t\tallownetworking : \"all\",\n\t\tallowfullscreen : \"true\"},\n\tflashvars : {\n\t\tfile : \"http%3A%2F%2Fwww.agriatv.hu%2Fwp-content%2Fuploads%2F2015%2F02%2F0221viadukt_eger.flv\",\n\t\tvolume : \"80\",\n\t\tbufferlength : \"5\",\n\t\tquality : \"false\",\n\t\t'logo.hide' : \"false\",\n\t\timage : \"http%3A%2F%2Fwww.agriatv.hu%2Fwp-content%2Fuploads%2F2015%2F02%2F0221viadukt_eger.Still001.jpg\",\n\t\ttitle : \"0221viadukt_eger.flv\",\n\t\tlinktarget : \"_self\"},\n\tattr : {\n\t\tid : \"WT1\",\n\t\tname : \"WT1\"},\n\tstart : function() {\n\t\tswfobject.embedSWF(\"https:\/\/www.agriatv.hu\/\/player.swf\", \"WT1_1\", \"320\", \"240\", \"9.0.0\", false, this.flashvars, this.params , this.attr );\n\t}\n}\nWT1_1.start();\n\t<\/script>\n<\/p>\n","protected":false},"excerpt":{"rendered":"<p>Egy Feln\u00e9met fel\u00e9 halad\u00f3 kocsi \u00fctk\u00f6z\u00f6tt a korl\u00e1tnak.<br \/>\nMegs\u00e9r\u00fclt a vezet\u0151je annak a kocsinak, amelyik ma d\u00e9lel\u0151tt balesetezett, Egerben a viadukton. A kocsi eddig ismeretlen okb\u00f3l az \u00fatp\u00e1lya korl\u00e1tj\u00e1nak \u00fctk\u00f6z\u00f6tt, kiszak\u00edtva azt tov\u00e1bb p\u00f6rd\u00fclt az \u00faton, majd ism\u00e9t a szalagkorl\u00e1tnak \u00fctk\u00f6z\u00f6tt, ezt k\u00f6vet\u0151en \u00e1llt meg.<br \/>\nEgyel\u0151re nem tudni, hogy a sof\u0151r rosszul lett, vagy megcs\u00faszott az [&#8230;]<\/p>\n","protected":false},"author":4,"featured_media":0,"comment_status":"closed","ping_status":"closed","sticky":false,"template":"","format":"standard","meta":{"footnotes":""},"categories":[5],"tags":[41,36,592,122,2171],"class_list":["post-13792","post","type-post","status-publish","format-standard","hentry","category-kek-hirek","tag-baleset","tag-eger","tag-lezaras","tag-rendorseg","tag-viadukt"],"_links":{"self":[{"href":"https:\/\/www.agriatv.hu\/index.php?rest_route=\/wp\/v2\/posts\/13792","targetHints":{"allow":["GET"]}}],"collection":[{"href":"https:\/\/www.agriatv.hu\/index.php?rest_route=\/wp\/v2\/posts"}],"about":[{"href":"https:\/\/www.agriatv.hu\/index.php?rest_route=\/wp\/v2\/types\/post"}],"author":[{"embeddable":true,"href":"https:\/\/www.agriatv.hu\/index.php?rest_route=\/wp\/v2\/users\/4"}],"replies":[{"embeddable":true,"href":"https:\/\/www.agriatv.hu\/index.php?rest_route=%2Fwp%2Fv2%2Fcomments&post=13792"}],"version-history":[{"count":3,"href":"https:\/\/www.agriatv.hu\/index.php?rest_route=\/wp\/v2\/posts\/13792\/revisions"}],"predecessor-version":[{"id":13797,"href":"https:\/\/www.agriatv.hu\/index.php?rest_route=\/wp\/v2\/posts\/13792\/revisions\/13797"}],"wp:attachment":[{"href":"https:\/\/www.agriatv.hu\/index.php?rest_route=%2Fwp%2Fv2%2Fmedia&parent=13792"}],"wp:term":[{"taxonomy":"category","embeddable":true,"href":"https:\/\/www.agriatv.hu\/index.php?rest_route=%2Fwp%2Fv2%2Fcategories&post=13792"},{"taxonomy":"post_tag","embeddable":true,"href":"https:\/\/www.agriatv.hu\/index.php?rest_route=%2Fwp%2Fv2%2Ftags&post=13792"}],"curies":[{"name":"wp","href":"https:\/\/api.w.org\/{rel}","templated":true}]}}