{"id":1380,"date":"2010-08-31T19:00:44","date_gmt":"2010-08-31T19:00:44","guid":{"rendered":"http:\/\/www.agriatv.hu\/?p=1380"},"modified":"2010-08-31T21:00:21","modified_gmt":"2010-08-31T21:00:21","slug":"bekes-kampannyal-keszul-az-mszp","status":"publish","type":"post","link":"https:\/\/www.agriatv.hu\/?p=1380","title":{"rendered":"B\u00e9k\u00e9s kamp\u00e1nnyal k\u00e9sz\u00fcl az MSZP"},"content":{"rendered":"<div class=\"wordtube\">\n<div class=\"wordtube single53\" id=\"WT1_1\" style=\"width:320px; height:240px;\">\n<a href=\"http:\/\/www.macromedia.com\/go\/getflashplayer\">Get the Flash Player<\/a> to see the wordTube Media Player.\n<\/div><\/div>\n\t<script type=\"text\/javascript\" defer=\"defer\">\nvar WT1_1 = {\n\tparams : {\n\t\twmode : \"opaque\",\n\t\tallowscriptaccess : \"always\",\n\t\tallownetworking : \"all\",\n\t\tallowfullscreen : \"true\"},\n\tflashvars : {\n\t\tfile : \"http%3A%2F%2Fwww.agriatv.hu%2Fwp-content%2Fuploads%2F2010%2F08%2Fsajtaj0831_at.flv\",\n\t\tvolume : \"80\",\n\t\tbufferlength : \"5\",\n\t\tquality : \"false\",\n\t\t'logo.hide' : \"false\",\n\t\timage : \"http%3A%2F%2Fwww.agriatv.hu%2Fwp-content%2Fuploads%2F2010%2F08%2Fsajtal0831.jpg\",\n\t\ttitle : \"sajtaj0831_at.flv\",\n\t\tlinktarget : \"_self\"},\n\tattr : {\n\t\tid : \"WT1\",\n\t\tname : \"WT1\"},\n\tstart : function() {\n\t\tswfobject.embedSWF(\"https:\/\/www.agriatv.hu\/\/player.swf\", \"WT1_1\", \"320\", \"240\", \"9.0.0\", false, this.flashvars, this.params , this.attr );\n\t}\n}\nWT1_1.start();\n\t<\/script>\n\n<p><strong>A Magyar Szocialista P\u00e1rt m\u00e1r kor\u00e1bban bemutatta az \u00f6nkorm\u00e1nyzati   v\u00e1laszt\u00e1sokra \u00e1ll\u00edtott megyei list\u00e1j\u00e1t. A mai egri sajt\u00f3t\u00e1j\u00e9koztat\u00f3n a   lista els\u0151 k\u00e9t helyezettje S\u00f3s Tam\u00e1s \u00e9s Szab\u00f3 Gyula besz\u00e9lt a c\u00e9lokr\u00f3l   \u00e9s a pozit\u00edv visszhangokr\u00f3l a p\u00e1rt Dob\u00f3 utcai irod\u00e1j\u00e1ban.<\/strong><\/p>\n<div>A sz\u00fcks\u00e9ges aj\u00e1nl\u00e1sokt\u00f3l m\u00e1r most l\u00e9nyegesen t\u00f6bbel  rendelkezik az MSZP \u2013 kezdte a t\u00e1j\u00e9koztat\u00f3t a megyei k\u00f6zgy\u0171l\u00e9s eln\u00f6ke. A  v\u00e1rtn\u00e1l kedvez\u0151bb volt a fogadtat\u00e1s a kopogtat\u00f3c\u00e9dul\u00e1kkal kapcsolatban,  ezt \u00e9rzik a lakoss\u00e1ggal folytatott besz\u00e9lget\u00e9sek alkalm\u00e1val is. Sokan  keresik meg \u0151ket azzal, hogy szeretn\u00e9k n\u00e1luk leadni az aj\u00e1nl\u00f3szelv\u00e9nyt  \u00e9s az aktivist\u00e1k is gy\u0171jtik azokat a telep\u00fcl\u00e9seken. Az orsz\u00e1ggy\u0171l\u00e9si  aj\u00e1nl\u00e1sokn\u00e1l jobbnak tartj\u00e1k a helyzetet, hasonl\u00f3 a mostani fogadtat\u00e1s a  2006-os \u00f6nkorm\u00e1nyzati v\u00e1laszt\u00e1sokhoz \u2013 mondta bizakod\u00f3an a listavezet\u0151.  A p\u00e1rt orsz\u00e1gos \u00f6sszehasonl\u00edt\u00e1sban mindig j\u00f3l szerepelt Heves megy\u00e9ben,  ezt v\u00e1rj\u00e1k a mostani v\u00e1laszt\u00e1sokon is.<\/div>\n<div>\u201eA  lakoss\u00e1gi besz\u00e9lget\u00e9sekb\u0151l kider\u00fclt, hogy az emberek egyre  kritikusabbak a korm\u00e1nyz\u00f3 er\u0151kkel szemben, t\u00f6bben \u00fagy l\u00e1tj\u00e1k, hogy  l\u00e1tv\u00e1nypolitiz\u00e1l\u00e1s zajlik, ezzel megt\u00e9vesztik a lakoss\u00e1got. Akik azt  v\u00e1rt\u00e1k, hogy r\u00f6vid id\u0151n bel\u00fcl t\u00f6bb p\u00e9nz lesz a t\u00e1rc\u00e1jukban, azoknak  csal\u00f3dniuk kellett. L\u00e1that\u00f3, hogy r\u00f6vidt\u00e1von az \u00edg\u00e9reteket nem tudj\u00e1k  teljes\u00edteni \u00e9s az is l\u00e1tszik, hogy a t\u00e9nyleges int\u00e9zked\u00e9seikkel majd az  \u00f6nkorm\u00e1nyzati v\u00e1laszt\u00e1st k\u00f6vet\u0151en fognak el\u0151j\u00f6nni\u201d \u2013 tette hozz\u00e1 a  politikus. \u00dagy gondolja, hogy nagyon sokat el fog \u00e1rulni a korm\u00e1ny  int\u00e9zked\u00e9seir\u0151l okt\u00f3ber m\u00e1sodik fele, amikor megjelenik a k\u00f6lts\u00e9gvet\u00e9s  tervezete.<\/div>\n<div>A  v\u00e1laszt\u00e1si rendszerr\u0151l sz\u00f3lva elhangzott, hogy a v\u00e1laszt\u00e1si t\u00f6rv\u00e9ny  \u00e1t\u00edr\u00e1sa nagy gondot jelent a kisebb politikai p\u00e1rtoknak, szervezeteknek,  civil k\u00f6z\u00f6ss\u00e9geknek, m\u00e1r a jel\u00f6l\u00e9si folyamatn\u00e1l csorbul az ar\u00e1nyoss\u00e1g a  kor\u00e1bbi id\u0151szakhoz k\u00e9pest.<\/div>\n<p>A  lista m\u00e1sodik hely\u00e9n tal\u00e1lhat\u00f3 Szab\u00f3 Gyula, aki k\u00e9t cikluson \u00e1t volt  Gy\u00f6ngy\u00f6s polg\u00e1rmestere \u00e9s szint\u00e9n k\u00e9t cikluson kereszt\u00fcl orsz\u00e1ggy\u0171l\u00e9si  k\u00e9pvisel\u0151. Jelenleg a 12 f\u0151s magyar deleg\u00e1ci\u00f3 egyikek\u00e9nt k\u00e9pviseli  haz\u00e1nkat az EU R\u00e9gi\u00f3k Bizotts\u00e1g\u00e1ban illetve megyei k\u00f6zgy\u0171l\u00e9si tag is. A  tov\u00e1bbi munk\u00e1hoz a bizotts\u00e1gban felt\u00e9tel, hogy megtartsa k\u00e9pvisel\u0151i  mand\u00e1tum\u00e1t a l\u00e9tsz\u00e1m\u00e1t tekintve 40-r\u0151l 15 f\u0151re cs\u00f6kken\u0151 megyei  test\u00fcletben. V\u00e9lem\u00e9ny\u00fck szerint ezt el is \u00e9rik az \u00f6nkorm\u00e1nyzati  v\u00e1laszt\u00e1son, amelyet optimist\u00e1n v\u00e1rnak \u00e9s b\u00e9k\u00e9s kamp\u00e1nnyal szeretn\u00e9nek  felvezetni.<\/p>\n<p>Forr\u00e1s: Egrisz\u00edn<\/p>\n","protected":false},"excerpt":{"rendered":"<p>A Magyar Szocialista P\u00e1rt m\u00e1r kor\u00e1bban bemutatta az \u00f6nkorm\u00e1nyzati   v\u00e1laszt\u00e1sokra \u00e1ll\u00edtott megyei list\u00e1j\u00e1t. A mai egri sajt\u00f3t\u00e1j\u00e9koztat\u00f3n a   lista els\u0151 k\u00e9t helyezettje S\u00f3s Tam\u00e1s \u00e9s Szab\u00f3 Gyula besz\u00e9lt a c\u00e9lokr\u00f3l   \u00e9s a pozit\u00edv visszhangokr\u00f3l a p\u00e1rt Dob\u00f3 utcai irod\u00e1j\u00e1ban.<br \/>\nA sz\u00fcks\u00e9ges aj\u00e1nl\u00e1sokt\u00f3l m\u00e1r most l\u00e9nyegesen t\u00f6bbel  rendelkezik az MSZP [&#8230;]<\/p>\n","protected":false},"author":4,"featured_media":0,"comment_status":"open","ping_status":"closed","sticky":false,"template":"","format":"standard","meta":{"footnotes":""},"categories":[3],"tags":[],"class_list":["post-1380","post","type-post","status-publish","format-standard","hentry","category-politika"],"_links":{"self":[{"href":"https:\/\/www.agriatv.hu\/index.php?rest_route=\/wp\/v2\/posts\/1380","targetHints":{"allow":["GET"]}}],"collection":[{"href":"https:\/\/www.agriatv.hu\/index.php?rest_route=\/wp\/v2\/posts"}],"about":[{"href":"https:\/\/www.agriatv.hu\/index.php?rest_route=\/wp\/v2\/types\/post"}],"author":[{"embeddable":true,"href":"https:\/\/www.agriatv.hu\/index.php?rest_route=\/wp\/v2\/users\/4"}],"replies":[{"embeddable":true,"href":"https:\/\/www.agriatv.hu\/index.php?rest_route=%2Fwp%2Fv2%2Fcomments&post=1380"}],"version-history":[{"count":9,"href":"https:\/\/www.agriatv.hu\/index.php?rest_route=\/wp\/v2\/posts\/1380\/revisions"}],"predecessor-version":[{"id":1394,"href":"https:\/\/www.agriatv.hu\/index.php?rest_route=\/wp\/v2\/posts\/1380\/revisions\/1394"}],"wp:attachment":[{"href":"https:\/\/www.agriatv.hu\/index.php?rest_route=%2Fwp%2Fv2%2Fmedia&parent=1380"}],"wp:term":[{"taxonomy":"category","embeddable":true,"href":"https:\/\/www.agriatv.hu\/index.php?rest_route=%2Fwp%2Fv2%2Fcategories&post=1380"},{"taxonomy":"post_tag","embeddable":true,"href":"https:\/\/www.agriatv.hu\/index.php?rest_route=%2Fwp%2Fv2%2Ftags&post=1380"}],"curies":[{"name":"wp","href":"https:\/\/api.w.org\/{rel}","templated":true}]}}