{"id":13937,"date":"2015-04-04T13:26:06","date_gmt":"2015-04-04T13:26:06","guid":{"rendered":"http:\/\/www.agriatv.hu\/?p=13937"},"modified":"2015-04-06T13:03:49","modified_gmt":"2015-04-06T13:03:49","slug":"15-egri-tavaszi-fesztival","status":"publish","type":"post","link":"https:\/\/www.agriatv.hu\/?p=13937","title":{"rendered":"15. Egri Tavaszi Fesztiv\u00e1l"},"content":{"rendered":"<p><strong><a href=\"https:\/\/www.agriatv.hu\/wp-content\/uploads\/2015\/03\/tavaszi_fesztival_eger.jpg\"><img loading=\"lazy\" decoding=\"async\" class=\"alignleft  wp-image-13938\" src=\"https:\/\/www.agriatv.hu\/wp-content\/uploads\/2015\/03\/tavaszi_fesztival_eger-261x300.jpg\" alt=\"tavaszi_fesztival_eger\" width=\"158\" height=\"182\" srcset=\"https:\/\/www.agriatv.hu\/wp-content\/uploads\/2015\/03\/tavaszi_fesztival_eger-261x300.jpg 261w, https:\/\/www.agriatv.hu\/wp-content\/uploads\/2015\/03\/tavaszi_fesztival_eger.jpg 480w\" sizes=\"auto, (max-width: 158px) 100vw, 158px\" \/><\/a>2015. \u00e1prilis 10-27.<\/strong><\/p>\n<p>\u00c1prilis 10. p\u00e9ntek 16.30<\/p>\n<p><strong>M\u00e1rai hat\u00e1rok n\u00e9lk\u00fcl <\/strong><\/p>\n<p>interakt\u00edv ki\u00e1ll\u00edt\u00e1s megnyit\u00f3ja<\/p>\n<p>Vend\u00e9g: D\u00e9k\u00e1nyn\u00e9 J\u00e1ky Judit, a M\u00e1rai-hagyat\u00e9k \u0151rz\u0151je \u00e9s<\/p>\n<p>M\u00e9sz\u00e1ros Tibor irodalomt\u00f6rt\u00e9n\u00e9sz<\/p>\n<p>Helysz\u00edn: Sz\u00e9passzonyv\u00f6lgyi M\u00e1rai L\u00e1togat\u00f3k\u00f6zpont<\/p>\n<p>&nbsp;<\/p>\n<p>\u00c1prilis 10. p\u00e9ntek 18.00<\/p>\n<p><em>az Egri Tavaszi Fesztiv\u00e1l nyit\u00f3 g\u00e1laestje<\/em><\/p>\n<p><strong>30 \u00e9ves a Harlekin B\u00e1bsz\u00ednh\u00e1z &#8211; Harlekin Kort\u00e1rs B\u00e1bm\u0171v\u00e9szeti Napok<\/strong><\/p>\n<p>\u00dcnnepi k\u00f6sz\u00f6nt\u0151t mond: Habis L\u00e1szl\u00f3 Eger MJV polg\u00e1rmestere, a fesztiv\u00e1l f\u0151v\u00e9dn\u00f6ke<\/p>\n<p>Dr. Liptai K\u00e1lm\u00e1n, az Eszterh\u00e1zy K\u00e1roly F\u0151iskola rektora, a Kort\u00e1rs B\u00e1bm\u0171v\u00e9szeti Napok v\u00e9dn\u00f6ke<\/p>\n<p><strong>A dzsungel k\u00f6nyve b\u00e1bmusical<\/strong><\/p>\n<p>Helysz\u00edn: Harlekin B\u00e1bsz\u00ednh\u00e1z<\/p>\n<p>&nbsp;<\/p>\n<p>\u00c1prilis 11. szombat 17.00<\/p>\n<p><strong>T\u00c9R-ZENE az Egri Szimfonikus Zenekar R\u00e9zf\u00fav\u00f3s Egy\u00fcttese el\u0151ad\u00e1s\u00e1ban <\/strong><\/p>\n<p>Helysz\u00edn: G\u00e1rdonyi t\u00e9r<\/p>\n<p><strong>\u00a0<\/strong><\/p>\n<p>\u00c1prilis 11. szombat<\/p>\n<p><strong>Harlekin Kort\u00e1rs B\u00e1bm\u0171v\u00e9szeti Napok<\/strong><\/p>\n<p>10.00\u00a0\u00a0 J\u00e1tssz b\u00e1bsz\u00ednh\u00e1zat\u2026\u00a0\u00a0 L\u00e9n\u00e1rt Andr\u00e1s workshopja<\/p>\n<p>15.00\u00a0\u00a0 Con Anima, a Mikrop\u00f3dium el\u0151ad\u00e1sa<\/p>\n<p>19.00 \u00a0Don Quijote, avagy Alonso Quijana \u00fatja a v\u00e9gtelenbe b\u00e1b-sz\u00ednpadi-j\u00e1t\u00e9k d\u00edszbemutat\u00f3ja<\/p>\n<p>Helysz\u00edn: Harlekin B\u00e1bsz\u00ednh\u00e1z<\/p>\n<p>&nbsp;<\/p>\n<p>\u00c1prilis 11. szombat 18.00<\/p>\n<p><strong>Zen\u00e9s \u00fczenet Porib\u00f3l<\/strong><\/p>\n<p>A finnorsz\u00e1gi testv\u00e9rv\u00e1ros vend\u00e9gm\u0171v\u00e9szeinek koncertje<\/p>\n<p>Helysz\u00edn: Farkas Ferenc Zeneiskola<\/p>\n<p><strong>\u00a0<\/strong><\/p>\n<p><strong>\u00c1prilis 12. vas\u00e1rnap<\/strong><\/p>\n<p><strong>Harlekin Kort\u00e1rs B\u00e1bm\u0171v\u00e9szeti Napok<\/strong><\/p>\n<p>10.00\u00a0\u00a0 Symposium &#8211; szakmai besz\u00e9lget\u00e9sek<\/p>\n<p>14.30\u00a0\u00a0 Hamlet &#8211; repr\u00edz<\/p>\n<p>19.00\u00a0\u00a0 L\u00e9gz\u00e9s, az Ariel Gyermek- \u00e9s Ifj\u00fas\u00e1gi Sz\u00ednh\u00e1z vend\u00e9gj\u00e1t\u00e9ka<\/p>\n<p>&nbsp;<\/p>\n<p>\u00c1prilis 12. vas\u00e1rnap 18.00<\/p>\n<p><strong>R\u00fazsa Magdi \u00e9l\u0151 koncert <\/strong><\/p>\n<p>Helysz\u00edn: Hotel Eger &amp; Park konferenciaterme<\/p>\n<p>Bel\u00e9p\u0151jegy: 3900 Ft, Eger V\u00e1rosk\u00e1rty\u00e1val 3500 Ft<\/p>\n<p>&nbsp;<\/p>\n<p>\u00c1prilis 13. h\u00e9tf\u0151 17.00<\/p>\n<p><strong>Csillag \u00e9s k\u0151 &#8211; tematikus ki\u00e1ll\u00edt\u00e1s <\/strong><\/p>\n<p>Heves megyei k\u00e9pz\u0151m\u0171v\u00e9szek r\u00e9szv\u00e9tel\u00e9vel<\/p>\n<p>K\u00f6zrem\u0171k\u00f6dik a Family Singers \u00e9nekegy\u00fcttes<\/p>\n<p>Helysz\u00edn: Templom Gal\u00e9ria<\/p>\n<p>Megtekinthet\u0151: 2015. m\u00e1jus 15-ig, naponta 10-t\u0151l 18 \u00f3r\u00e1ig<\/p>\n<p>&nbsp;<\/p>\n<p>\u00c1prilis 14. kedd 19.00<\/p>\n<p><strong>Palya Bea \u00e9s ifj. T\u00f3th Istv\u00e1n du\u00f3 koncertje <\/strong><\/p>\n<p><em>A du\u00f3z\u00e1s \u00f6tlete Bea \u00faj zenekar\u00e1nak kapcs\u00e1n forrott ki, mely form\u00e1ci\u00f3ban Ifj. T\u00f3th Istv\u00e1n \u2013 a Zeneakad\u00e9mia frissen v\u00e9gzett zen\u00e9sze, a Montreux-i Git\u00e1rverseny k\u00fcl\u00f6nd\u00edjasa -git\u00e1rm\u0171v\u00e9szk\u00e9nt m\u0171k\u00f6dik k\u00f6zre.<\/em><\/p>\n<p><em>&#8222;Pistivel j\u00f3 zen\u00e9lni, minden idegsz\u00e1l\u00e1val \u00e9s minden h\u00farj\u00e1val r\u00e1m hangol\u00f3dik. A j\u00e1t\u00e9ka olykor gyeng\u00e9d, m\u00e1skor f\u00e9rfiasan szil\u00e1rd, biztos, k\u00e9szs\u00e9ges, s ett\u0151l \u00e9n m\u00e9g n\u0151iesebb tudok lenni, amikor a leg\u00fajabb, N\u0151 c\u00edm\u0171 albumom dalait j\u00e1tszuk. A reperto\u00e1runkban vannak sz\u00e1mok az \u00faj \u00e9s a r\u00e9gebbi lemezeimr\u0151l, de vannak francia \u00e9s spanyol dalok is. Kihozzuk a legt\u00f6bbet ebb\u0151l a fel\u00e1ll\u00e1sb\u00f3l, \u00e9s ha m\u00e1r most ilyen \u00f6r\u00f6mteli, el sem tudom k\u00e9pzelni, mi v\u00e1r m\u00e9g r\u00e1nk&#8230;&#8221;<\/em><\/p>\n<p><em>Koncertjeik hangulata amennyire meghitt \u00e9s bens\u0151s\u00e9ges, annyira \u00f6nfeledt \u00e9s katartikus.<\/em><\/p>\n<p>Helysz\u00edn: Bartakovics B\u00e9la K\u00f6z\u00f6ss\u00e9gi H\u00e1z<\/p>\n<p>Bel\u00e9p\u0151: el\u0151v\u00e9telben \u00e9s Eger v\u00e1rosk\u00e1rty\u00e1val 1800 Ft, a helysz\u00ednen 2500 Ft<\/p>\n<p>&nbsp;<\/p>\n<p>\u00c1prilis 17. p\u00e9ntek 19.00<\/p>\n<p><strong>\u201cSZABAD\u201d &#8211; <\/strong><strong>Wahorn Andr\u00e1s tavaszi ki\u00e1ll\u00edt\u00e1s\u00e1nak megnyit\u00f3ja<\/strong><\/p>\n<p><em>Wahorn Andr\u00e1s \u201cSZABAD\u201d c. k\u00e9pz\u0151m\u0171v\u00e9szeti \u00e9s zenei bemutat\u00f3ja \u00e9rdekes kalandnak \u00edg\u00e9rkezik Egerben. A legend\u00e1s m\u0171v\u00e9sz \u00e9letm\u0171ve j\u00f3l ismert belf\u00f6ld\u00f6n \u00e9s k\u00fclf\u00f6ld\u00f6n egyar\u00e1nt, azonban most el\u0151sz\u00f6r mutatkozik be az egri k\u00f6z\u00f6ns\u00e9gnek. Wahorn Andr\u00e1s sosem j\u00e1rta a szokv\u00e1nyos utakat \u00e9let\u00e9ben.\u00a0A szabads\u00e1g m\u0171v\u00e9sze \u0151, zen\u00e9j\u00e9ben, k\u00e9pz\u0151m\u0171v\u00e9szeti alkot\u00e1saiban, \u00e9s sz\u00e1mtalan egy\u00e9b intermedi\u00e1lis kalandoz\u00e1sa sor\u00e1n. Els\u0151sorban a szabad gondolkod\u00e1st, alkot\u00e1st az \u00e9let alapvet\u0151 k\u00e9rd\u00e9seinek \u00fajszer\u0171 megk\u00f6zel\u00edt\u00e9s\u00e9t tanulhatjuk meg t\u0151le.<\/em><\/p>\n<p><em>A ki\u00e1ll\u00edt\u00e1s ideje alatt a Tapasztalt Ecsetek \u00e9s az \u00c9jszakai M\u00fazeumok zenei form\u00e1ci\u00f3kkal mutatkozik be, valamint k\u00f6z\u00f6ns\u00e9gtal\u00e1lkoz\u00f3ra is sor ker\u00fcl, ahol b\u00e1rki felteheti k\u00e9rd\u00e9seit.<\/em><\/p>\n<p><strong>\u00a0<\/strong><\/p>\n<p><strong>20.00 Tapasztalt Ecsetek koncert<\/strong><\/p>\n<p>Wahorn Andr\u00e1s \u00e9s zen\u00e9szt\u00e1rsai<\/p>\n<p>Helysz\u00edn: Vitkovics Alkot\u00f3h\u00e1z \u00e9s M\u0171v\u00e9sztelep<\/p>\n<p>A ki\u00e1ll\u00edt\u00e1s megtekinthet\u0151: m\u00e1jus 15-ig, h\u00e9tk\u00f6znap\u00a0 9.00-16.00, szombaton 13.00-16.00, vas\u00e1rnap z\u00e1rva.<\/p>\n<p>&nbsp;<\/p>\n<p>\u00c1prilis 21. kedd 14.00<\/p>\n<p><strong>Alkot\u00f3nap a Wahorn-m\u0171vekhez<\/strong><\/p>\n<p>18.00 A m\u0171v\u00e9sz t\u00e1rlatvezet\u00e9se<\/p>\n<p>Helysz\u00edn: Vitkovics Alkot\u00f3h\u00e1z \u00e9s M\u0171v\u00e9sztelep<\/p>\n<p>&nbsp;<\/p>\n<p>\u00c1prilis 16. cs\u00fct\u00f6rt\u00f6k 18.00<\/p>\n<p>Gyulai V\u00e1rsz\u00ednh\u00e1z produkci\u00f3ja<\/p>\n<p><strong>F\u00fcvesk\u00f6nyvek \u2013 Az \u00c9let nagy k\u00e9rd\u00e9sei<\/strong><\/p>\n<p>M\u00e1rai S\u00e1ndor, Hamvas B\u00e9la \u00e9s We\u00f6res S\u00e1ndor b\u00f6lcseletei<\/p>\n<p><em>El\u0151adj\u00e1k: <\/em><\/p>\n<p>Dunai Tam\u00e1s sz\u00ednm\u0171v\u00e9sz<\/p>\n<p>Binder K\u00e1roly zongoram\u0171v\u00e9sz<\/p>\n<p>Bark\u00f3czi Be\u00e1ta t\u00e1ncos<\/p>\n<p>Dramaturg: Rideg Zs\u00f3fia<\/p>\n<p>Rendez\u0151: Gedeon J\u00f3zsef<\/p>\n<p>Helysz\u00edn: Forr\u00e1s Gyermek \u00e9s Ifj\u00fas\u00e1gi H\u00e1z<\/p>\n<p>&nbsp;<\/p>\n<p>\u00c1prilis 18. szombat 19.00<\/p>\n<p><strong>KOMOLY-talan ZENE<\/strong><\/p>\n<p>Az Egri Szimfonikus Zenekar \u00e9s a franciaorsz\u00e1gi testv\u00e9rv\u00e1ros, Macon vend\u00e9gm\u0171v\u00e9szeinek k\u00f6z\u00f6s hangversenye<\/p>\n<p>Helysz\u00edn: Bartakovics B\u00e9la K\u00f6z\u00f6ss\u00e9gi H\u00e1z<\/p>\n<p>Bel\u00e9p\u0151: 1000 Ft<\/p>\n<p><strong>\u00a0<\/strong><\/p>\n<p>\u00c1prilis 19. vas\u00e1rnap 10.00 \u00e9s 12.00<\/p>\n<p><strong>Kezd\u0151dhet a mulats\u00e1g<\/strong><\/p>\n<p>Hal\u00e1sz Judit lemezbemutat\u00f3 koncertje<\/p>\n<p><em>A csal\u00e1d \u00fcnnepeir\u0151l \u00e9nekel Hal\u00e1sz Judit: any\u00e1k napj\u00e1r\u00f3l, esk\u00fcv\u0151r\u0151l, a nagymama neve napj\u00e1r\u00f3l, az els\u0151 iskol\u00e1ba menet izgalm\u00e1r\u00f3l, kar\u00e1csonyr\u00f3l, k\u00f6z\u00f6s utaz\u00e1sr\u00f3l, a majmok k\u00f3rus\u00e1r\u00f3l, de m\u00e9g otthoni kedvenc \u00e1llataink sz\u00fclet\u00e9snapj\u00e1r\u00f3l is.<\/em><\/p>\n<p>Helysz\u00edn: G\u00e1rdonyi G\u00e9za Sz\u00ednh\u00e1z<\/p>\n<p>Bel\u00e9p\u0151jegy: 2100 Ft<\/p>\n<p>&nbsp;<\/p>\n<p><strong>\u00c1prilis 20. h\u00e9tf\u0151 19.00<\/strong><\/p>\n<p><strong>SATART Akusztikus\u00a0 Felolvas\u00f3sz\u00ednh\u00e1zi sorozat<\/strong><\/p>\n<p><strong>Hars\u00e1nyi Judit: Z\u00e1rt kert <\/strong><\/p>\n<p><em>A felolvas\u00f3sz\u00ednh\u00e1z bev\u00e1lt forma, hogy felh\u00edvja a publikum figyelm\u00e9t a kort\u00e1rsszerz\u0151kre, s az \u00faj m\u0171vekre. B\u00e1r val\u00f3 igaz, ebben az esetben nem a l\u00e1tv\u00e1nyon van a hangs\u00faly, de az is igaz, hogy t\u00f6bb ez, mint egy r\u00e1di\u00f3j\u00e1t\u00e9k, hiszen egy-egy gesztus, mimika sok pluszt ad.<\/em><\/p>\n<p><em>Hars\u00e1nyi Judit Z\u00e1rt kert c\u00edm\u0171 darabja arr\u00f3l sz\u00f3l: ha igaz\u00e1n hisz\u00fcnk magunkban \u00e9s abban, hogy egy probl\u00e9m\u00e1nak megtal\u00e1lhatjuk a megold\u00e1s\u00e1t, akkor nem lehet akad\u00e1ly a c\u00e9lunk el\u00e9r\u00e9se.<\/em><\/p>\n<p><em>Sata \u00c1rp\u00e1d rendez\u0151<\/em><\/p>\n<p>Szerepl\u0151k:<\/p>\n<p>Kisborka \u2013 Sata-B\u00e1nfi \u00c1gota<\/p>\n<p>\u00c9lpista \u2013 Sata \u00c1rp\u00e1d<\/p>\n<p>Sz\u0171zmara \u2013Nagy Adrienn<\/p>\n<p>Sz\u00e9lb\u00e9la \u2013 Bar\u00e1th Zolt\u00e1n<\/p>\n<p>H\u00edrvera \u2013 Klep\u00e1cs Andrea<\/p>\n<p>J\u00f3doki \u2013 Radv\u00e1nszki Szabolcs<\/p>\n<p>Rosszdoki &#8211; Nagy Andr\u00e1s<\/p>\n<p>Rendez\u0151: Sata \u00c1rp\u00e1d<\/p>\n<p>Zeneszerz\u0151: Nagy Zolt\u00e1n<\/p>\n<p>Helysz\u00edn: Forr\u00e1s Gyermek \u00e9s Ifj\u00fas\u00e1gi H\u00e1z<\/p>\n<p>Bel\u00e9p\u0151: 1200 Ft<\/p>\n<p>&nbsp;<\/p>\n<p>\u00c1prilis 21. kedd 17.00<\/p>\n<p>iroDALom improviz\u00e1ci\u00f3s zen\u00e9s irodalmi estek sorozat I.<\/p>\n<p><strong>Sz\u00e1zl\u00e1t\u00f3 \u00fcveg<\/strong><\/p>\n<p>a versekkel egyl\u00e9nyeg\u0171 zenei improviz\u00e1ci\u00f3k J\u00f3zsef Attila sz\u00f6veg\u00e9re<\/p>\n<p>R\u00e9v\u00e1sz \u00c1gnes \u00e9s tan\u00edtv\u00e1nyai<\/p>\n<p><em>Az improviz\u00e1ci\u00f3s zenei \u00e9s irodalmi esteken szeretn\u00e9nk bemutatni, hogyan nyilv\u00e1nul meg a bels\u0151 l\u00e9lekb\u0151l fakad\u00f3 alkot\u00e1s ereje, mik\u00e9nt mutatkozhatnak meg a fiatalokban k\u00f6lt\u00e9szetk\u00e9nt, zenei formak\u00e9nt.<\/em><\/p>\n<p>Helysz\u00edn: Forr\u00e1s Gyermek \u00e9s Ifj\u00fas\u00e1gi H\u00e1z<\/p>\n<p>Bel\u00e9p\u0151: 1000 Ft<\/p>\n<p>&nbsp;<\/p>\n<p>\u00c1prilis 24. p\u00e9ntek 19.00<\/p>\n<p>Eszterh\u00e1zy G\u00e1la III.<\/p>\n<p><strong>K\u00e9t \u00e9vsz\u00e1zad vok\u00e1lis gy\u00f6ngyszemei (XIX-XX.)<br \/>\n<\/strong>K\u00f6zrem\u0171k\u00f6dik: Eszterh\u00e1zy Vegyeskar Kabdeb\u00f3 S\u00e1ndor vezet\u00e9s\u00e9vel,<\/p>\n<p>Eszterh\u00e1zy F\u0151iskola \u00c9nek-zene Tansz\u00e9k\u00e9nek m\u0171v\u00e9sztan\u00e1rai:<\/p>\n<p>Iv\u00e1n Ildik\u00f3, Bolya-Papp Nikoletta, Hegyesi-Hudik Margit<\/p>\n<p>Zongor\u00e1n k\u00eds\u00e9r: R\u00e9z L\u00f3r\u00e1nt, Mar\u00edk Erzs\u00e9bet, V\u00e1rady Krisztina, Cs\u00fcll\u00f6g Judit, G\u00e1bos Judit<\/p>\n<p>Helysz\u00edn: L\u00edceum k\u00e1polna<\/p>\n<p><strong>\u00a0<\/strong><\/p>\n<p><strong>\u00c1prilis 25. szombat 19.00<\/strong><\/p>\n<ol>\n<li><strong> S. Bach csembal\u00f3-heged\u0171 szon\u00e1t\u00e1i<\/strong><\/li>\n<\/ol>\n<p>K\u00f6zrem\u0171k\u00f6dnek:<br \/>\n<strong>Papp Rita, a kecskem\u00e9ti Kod\u00e1ly Iskola m\u0171v\u00e9sztan\u00e1ra, a P\u00e1rizsi Csembal\u00f3verseny egykori gy\u0151ztese<\/strong><strong><br \/>\n<\/strong>D<strong>r. Ittz\u00e9s Tam\u00e1s, a Debreceni Egyetem Zenem\u0171v\u00e9szeti Kar\u00e1nak heged\u0171tan\u00e1ra<\/strong><\/p>\n<p>M\u0171soron Johann Sebastian Bach 6 csembal\u00f3-heged\u0171 szon\u00e1t\u00e1ja:<\/p>\n<p>E-d\u00far szon\u00e1ta BWV 1016<\/p>\n<p>A-d\u00far szon\u00e1ta BWV 1015<\/p>\n<p>h-moll szon\u00e1ta BWV 1014<\/p>\n<p>G-d\u00far szon\u00e1ta BWV 1019<\/p>\n<p>c-moll szon\u00e1ta BWV 1017<\/p>\n<p>f-moll szon\u00e1ta BWV 1018<\/p>\n<p>Helysz\u00edn: Bartakovics B\u00e9la K\u00f6z\u00f6ss\u00e9gi H\u00e1z<br \/>\n\u00c1prilis 27. h\u00e9tf\u0151 19.00<\/p>\n<p><strong>\u201eZeng a l\u00e9lek\u2026\u201d<\/strong><\/p>\n<p>N\u00e9pt\u00e1ncg\u00e1la a T\u00e1nc Vil\u00e1gnapja alkalm\u00e1b\u00f3l<\/p>\n<p>K\u00f6zrem\u0171k\u00f6dnek:<\/p>\n<p>a N\u00edv\u00f3-\u00e9s Pr\u00edma-d\u00edjas egri Lajtha L\u00e1szl\u00f3 N\u00e9pt\u00e1ncegy\u00fcttes,<\/p>\n<p>valamint erd\u00e9lyi hagyom\u00e1ny\u0151rz\u0151 t\u00e1ncosok Gy\u00f6rgyfalv\u00e1r\u00f3l,<\/p>\n<p>Busai Zsuzsanna, \u00d6r\u00f6k\u00f6s Aranygy\u00f6ngy\u00f6s T\u00e1ncos,<\/p>\n<p>Busai Norbert, \u00d6r\u00f6k\u00f6s Aranysarkanty\u00fas T\u00e1ncos, a N\u00e9pm\u0171v\u00e9szet Ifj\u00fa Mesterei,<\/p>\n<p>a Csosszant\u00f3 Gyermek N\u00e9pt\u00e1nccsoport<\/p>\n<p>\u00e9s a Bor\u00f3ka Ifj\u00fas\u00e1gi N\u00e9pt\u00e1ncegy\u00fcttes<\/p>\n<p>K\u00eds\u00e9r: Zagyva Banda<\/p>\n<p>Helysz\u00edn: G\u00e1rdonyi G\u00e9za Sz\u00ednh\u00e1z<\/p>\n<p>Bel\u00e9p\u0151: el\u0151v\u00e9telben 1500 Ft, napj\u00e1n 1900 Ft<\/p>\n<p>Jegyek kaphat\u00f3k a GGSz Szervez\u0151irod\u00e1j\u00e1ban, valamint a sz\u00ednh\u00e1z jegyp\u00e9nzt\u00e1r\u00e1ban az el\u0151ad\u00e1sok el\u0151tt egy \u00f3r\u00e1val.<\/p>\n<p><strong>\u00a0<\/strong><\/p>\n<p><strong>\u00a0<\/strong><\/p>\n<p>Az id\u0151szak tov\u00e1bbi kiemelt kultur\u00e1lis esem\u00e9nyei:<\/p>\n<p><strong>\u00c1prilis 10. p\u00e9ntek 15.00<\/strong><\/p>\n<p>K\u00f6lt\u00e9szet napi flashmob a G\u00e1rdonyi t\u00e9ren<\/p>\n<p><strong>\u00c1prilis 10-11.<\/strong><\/p>\n<p>\u201eViseletek r\u00e9gen \u00e9s ma\u201d VIII. Orsz\u00e1gos N\u00e9pviseleti Konferencia<\/p>\n<p>T\u00e1rszervez\u0151k: Heves Megyei N\u00e9pm\u0171v\u00e9szeti Egyes\u00fclet, a N\u00e9pm\u0171v\u00e9szeti Egyes\u00fcletek Orsz\u00e1gos Sz\u00f6vets\u00e9ge<\/p>\n<p>Helysz\u00edn: Bartakovics B\u00e9la K\u00f6z\u00f6ss\u00e9gi H\u00e1z<\/p>\n<p><strong>\u00c1prilis 10-27.<\/strong><\/p>\n<p>AGRIA AUT ART<\/p>\n<p>Autodidakta k\u00e9pz\u0151m\u0171v\u00e9szek ki\u00e1ll\u00edt\u00e1sa<\/p>\n<p>Szervez\u0151: Ez\u00fcstid\u0151 Szabadid\u0151s Egyes\u00fclet<\/p>\n<p>Helysz\u00edn: Szent Hedvig Koll\u00e9gium<\/p>\n<p><strong>\u00c1prilis 11. szombat 10.00<\/strong><\/p>\n<p>M\u00e1rai S\u00e1ndor Pr\u00f3za- \u00e9s versmond\u00f3 tal\u00e1lkoz\u00f3 az \u00edr\u00f3 sz\u00fclet\u00e9s\u00e9nek 115. \u00e9vfordul\u00f3ja tisztelet\u00e9re<\/p>\n<p>Helysz\u00edn: Sz\u00e9passzonyv\u00f6lgyi M\u00e1rai L\u00e1togat\u00f3k\u00f6zpont<\/p>\n<p><strong>\u00c1prilis 15. szerda 17.00<\/strong><\/p>\n<p>\u00dajhold zenekar koncertje<\/p>\n<p>Helysz\u00edn: Bartakovics B\u00e9la K\u00f6z\u00f6ss\u00e9gi H\u00e1z<\/p>\n<p><strong>\u00c1prilis 16. cs\u00fct\u00f6rt\u00f6k 17.00<\/strong><\/p>\n<p>Sorsfordul\u00f3k &#8211; A fert\u00e1lymesters\u00e9g<\/p>\n<p>El\u0151ad\u00f3: Petercs\u00e1k Tivadar<\/p>\n<p>Helysz\u00edn: Br\u00f3dy S\u00e1ndor Megyei \u00e9s V\u00e1rosi K\u00f6nyvt\u00e1r<\/p>\n<p><strong>\u00c1prilis 17-26.<\/strong><\/p>\n<p><strong>\u00c9nekl\u0151 Ifj\u00fas\u00e1g \u2013 Ifj\u00fas\u00e1gi Zenei Fesztiv\u00e1l \u00e9s II. Egri Dalos\u00fcnnep<\/strong><\/p>\n<p>gyakorl\u00f3iskolai k\u00f3rusok orsz\u00e1gos tal\u00e1lkoz\u00f3ja<\/p>\n<p>Helysz\u00edn: Bartakovics B\u00e9la K\u00f6z\u00f6ss\u00e9gi H\u00e1z, Eszterh\u00e1zy K\u00e1roly F\u0151iskola, Dob\u00f3 t\u00e9r<\/p>\n<p><strong>\u00c1prilis 23. cs\u00fct\u00f6rt\u00f6k 16.00<\/strong><\/p>\n<p>Kapcsolatok, konfliktusok, magatart\u00e1sform\u00e1k Szab\u00f3 Magda Az ajt\u00f3 c\u00edm\u0171 reg\u00e9ny\u00e9ben<\/p>\n<p>El\u0151ad\u00f3: Kusper Judit<\/p>\n<p>Helysz\u00edn: Br\u00f3dy S\u00e1ndor Megyei \u00e9s V\u00e1rosi K\u00f6nyvt\u00e1r<\/p>\n<p>&nbsp;<\/p>\n<p>&nbsp;<\/p>\n","protected":false},"excerpt":{"rendered":"<p>2015. \u00e1prilis 10-27.<br \/>\n\u00c1prilis 10. p\u00e9ntek 16.30<br \/>\nM\u00e1rai hat\u00e1rok n\u00e9lk\u00fcl<br \/>\ninterakt\u00edv ki\u00e1ll\u00edt\u00e1s megnyit\u00f3ja<br \/>\nVend\u00e9g: D\u00e9k\u00e1nyn\u00e9 J\u00e1ky Judit, a M\u00e1rai-hagyat\u00e9k \u0151rz\u0151je \u00e9s<br \/>\nM\u00e9sz\u00e1ros Tibor irodalomt\u00f6rt\u00e9n\u00e9sz<br \/>\nHelysz\u00edn: Sz\u00e9passzonyv\u00f6lgyi M\u00e1rai L\u00e1togat\u00f3k\u00f6zpont<br \/>\n&nbsp;<br \/>\n\u00c1prilis 10. p\u00e9ntek 18.00<br \/>\naz Egri Tavaszi Fesztiv\u00e1l nyit\u00f3 g\u00e1laestje<br \/>\n30 \u00e9ves a Harlekin B\u00e1bsz\u00ednh\u00e1z &#8211; Harlekin Kort\u00e1rs B\u00e1bm\u0171v\u00e9szeti Napok<br \/>\n\u00dcnnepi k\u00f6sz\u00f6nt\u0151t mond: Habis L\u00e1szl\u00f3 Eger MJV polg\u00e1rmestere, a fesztiv\u00e1l f\u0151v\u00e9dn\u00f6ke<br \/>\nDr. Liptai K\u00e1lm\u00e1n, az Eszterh\u00e1zy K\u00e1roly [&#8230;]<\/p>\n","protected":false},"author":4,"featured_media":0,"comment_status":"closed","ping_status":"closed","sticky":false,"template":"","format":"standard","meta":{"footnotes":""},"categories":[8,4],"tags":[262],"class_list":["post-13937","post","type-post","status-publish","format-standard","hentry","category-kultura","category-szabadido","tag-ekmk"],"_links":{"self":[{"href":"https:\/\/www.agriatv.hu\/index.php?rest_route=\/wp\/v2\/posts\/13937","targetHints":{"allow":["GET"]}}],"collection":[{"href":"https:\/\/www.agriatv.hu\/index.php?rest_route=\/wp\/v2\/posts"}],"about":[{"href":"https:\/\/www.agriatv.hu\/index.php?rest_route=\/wp\/v2\/types\/post"}],"author":[{"embeddable":true,"href":"https:\/\/www.agriatv.hu\/index.php?rest_route=\/wp\/v2\/users\/4"}],"replies":[{"embeddable":true,"href":"https:\/\/www.agriatv.hu\/index.php?rest_route=%2Fwp%2Fv2%2Fcomments&post=13937"}],"version-history":[{"count":2,"href":"https:\/\/www.agriatv.hu\/index.php?rest_route=\/wp\/v2\/posts\/13937\/revisions"}],"predecessor-version":[{"id":13997,"href":"https:\/\/www.agriatv.hu\/index.php?rest_route=\/wp\/v2\/posts\/13937\/revisions\/13997"}],"wp:attachment":[{"href":"https:\/\/www.agriatv.hu\/index.php?rest_route=%2Fwp%2Fv2%2Fmedia&parent=13937"}],"wp:term":[{"taxonomy":"category","embeddable":true,"href":"https:\/\/www.agriatv.hu\/index.php?rest_route=%2Fwp%2Fv2%2Fcategories&post=13937"},{"taxonomy":"post_tag","embeddable":true,"href":"https:\/\/www.agriatv.hu\/index.php?rest_route=%2Fwp%2Fv2%2Ftags&post=13937"}],"curies":[{"name":"wp","href":"https:\/\/api.w.org\/{rel}","templated":true}]}}