{"id":13941,"date":"2015-05-15T15:34:01","date_gmt":"2015-05-15T15:34:01","guid":{"rendered":"http:\/\/www.agriatv.hu\/?p=13941"},"modified":"2015-05-16T06:22:54","modified_gmt":"2015-05-16T06:22:54","slug":"punkosdi-fesztival-a-szepasszonyvolgyben","status":"publish","type":"post","link":"https:\/\/www.agriatv.hu\/?p=13941","title":{"rendered":"P\u00fcnk\u00f6sdi Fesztiv\u00e1l a Sz\u00e9passzonyv\u00f6lgyben"},"content":{"rendered":"<ol start=\"2015\">\n<li>m\u00e1jus 23-24.<\/li>\n<\/ol>\n<p>&nbsp;<\/p>\n<p>M\u00e1jus 23. szombat 11.00 &#8211; 18.00<\/p>\n<p><strong>J\u00e1tsz\u00f3park \u2013 kieg\u00e9sz\u00edt\u0151 faj\u00e1t\u00e9kokkal<\/strong><\/p>\n<p>Helysz\u00edn: Sz\u00e9passzonyv\u00f6lgy J\u00e1tsz\u00f3park<\/p>\n<p>Bel\u00e9p\u0151: 300 Ft<\/p>\n<p>&nbsp;<\/p>\n<p>M\u00e1jus 23. szombat 16.30 -18.30<\/p>\n<p><strong>N\u00f3takaraoke <\/strong><\/p>\n<p>Magyar n\u00f3ta, n\u00e9pdalok, operett \u00e9s r\u00e9gi filmsl\u00e1gerek<\/p>\n<p>Cig\u00e1nyzenekar Tordai Zolt\u00e1n\u00a0vezet\u00e9s\u00e9vel<\/p>\n<p>A m\u0171sorvezet\u0151:\u00a0Csengeri Attila, sz\u00edn\u00e9sz, \u00e9nekes, hangulatmester<\/p>\n<p>Helysz\u00edn: Parkol\u00f3 sz\u00ednpad, Sz\u00e9passzonyv\u00f6lgy<\/p>\n<p>&nbsp;<\/p>\n<p>M\u00e1jus 23. szombat 18.30<\/p>\n<p><strong>L\u00e9vai Bal\u00e1zs a Budapest B\u00e1r szt\u00e1rvend\u00e9geivel besz\u00e9lget<\/strong><\/p>\n<p>Helysz\u00edn: Parkol\u00f3 sz\u00ednpad melletti t\u00e9r, Sz\u00e9passzonyv\u00f6lgy<\/p>\n<p><strong>\u00a0<\/strong><\/p>\n<p>M\u00e1jus 23. szombat 20.00<\/p>\n<p><strong>Budapest B\u00e1r koncert<\/strong><\/p>\n<p>Vend\u00e9gek: Behumi D\u00f3ri, Keleti Andr\u00e1s, N\u00e9meth Juci, Sz\u0171cs Kriszti\u00e1n<\/p>\n<p>Helysz\u00edn: Sz\u00e9passzonyv\u00f6lgyi M\u00e1rai L\u00e1togat\u00f3k\u00f6zpont, szabadt\u00e9ri sz\u00ednpada<\/p>\n<p>Bel\u00e9p\u0151: el\u0151v\u00e9telben 2500 Ft, helysz\u00ednen 2800 Ft<\/p>\n<p>&nbsp;<\/p>\n<p>M\u00e1jus 23. szombat 22.00<\/p>\n<p><strong>DJ- T\u00f3th P\u00e9ter<\/strong><\/p>\n<p>Helysz\u00edn: Parkol\u00f3 sz\u00ednpad, Sz\u00e9passzonyv\u00f6lgy<\/p>\n<p><strong>\u00a0<\/strong><\/p>\n<p>M\u00e1jus 24. vas\u00e1rnap 10.00 &#8211; 18.00<\/p>\n<p>Faj\u00e1t\u00e9kok<\/p>\n<p>10.00 &#8211; 13.00<\/p>\n<p>K\u00e9zm\u0171ves foglalkoz\u00e1sok<\/p>\n<p>Helysz\u00edn: Sz\u00e9passzonyv\u00f6lgyi M\u00e1rai L\u00e1togat\u00f3k\u00f6zpont el\u0151tti f\u00fcves ter\u00fclet<\/p>\n<p>&nbsp;<\/p>\n<p>M\u00e1jus 24. vas\u00e1rnap 11.00, 13.00, 15.00<\/p>\n<p><strong>P\u00fcnk\u00f6sdi kir\u00e1lyv\u00e1laszt\u00e1s &#8211; vonul\u00e1ssal, zenekarral <\/strong><\/p>\n<p>Helysz\u00edn: Parkol\u00f3 sz\u00ednpad, Sz\u00e9passzonyv\u00f6lgy<\/p>\n<p><strong>\u00a0<\/strong><\/p>\n<p>M\u00e1jus 24. vas\u00e1rnap 17.00<\/p>\n<p><strong>Kolompos Egy\u00fcttes koncertje<\/strong><\/p>\n<p>Helysz\u00edn: Parkol\u00f3 sz\u00ednpad, Sz\u00e9passzonyv\u00f6lgy<\/p>\n<p><strong>\u00a0<\/strong><\/p>\n<p>M\u00e1jus 24. vas\u00e1rnap 20.00<\/p>\n<p><strong>KFT koncert<\/strong><\/p>\n<p>Helysz\u00edn: Sz\u00e9passzonyv\u00f6lgyi M\u00e1rai L\u00e1togat\u00f3k\u00f6zpont szabadt\u00e9ri sz\u00ednpada<\/p>\n<p>Bel\u00e9p\u0151: el\u0151v\u00e9telben 2500 Ft, helysz\u00ednen 2800 Ft<\/p>\n<p>&nbsp;<\/p>\n<p>A k\u00e9t koncertre (Budapest B\u00e1r \u00e9s a KFT) a bel\u00e9p\u0151: 3500 Ft<\/p>\n<p><strong>\u00a0<\/strong><\/p>\n<p>Inform\u00e1ci\u00f3 \u00e9s jegy\u00e1rus\u00edt\u00e1s: Egri Kultur\u00e1lis \u00e9s M\u0171v\u00e9szeti K\u00f6zpont<\/p>\n<p>Eger, Bart\u00f3k B\u00e9la t\u00e9r 6. 36\/517-555, 20\/779-2877<\/p>\n<p>www.ekmk.eu<\/p>\n<p>&nbsp;<\/p>\n","protected":false},"excerpt":{"rendered":"<p>m\u00e1jus 23-24.<\/p>\n<p>&nbsp;<br \/>\nM\u00e1jus 23. szombat 11.00 &#8211; 18.00<br \/>\nJ\u00e1tsz\u00f3park \u2013 kieg\u00e9sz\u00edt\u0151 faj\u00e1t\u00e9kokkal<br \/>\nHelysz\u00edn: Sz\u00e9passzonyv\u00f6lgy J\u00e1tsz\u00f3park<br \/>\nBel\u00e9p\u0151: 300 Ft<br \/>\n&nbsp;<br \/>\nM\u00e1jus 23. szombat 16.30 -18.30<br \/>\nN\u00f3takaraoke<br \/>\nMagyar n\u00f3ta, n\u00e9pdalok, operett \u00e9s r\u00e9gi filmsl\u00e1gerek<br \/>\nCig\u00e1nyzenekar Tordai Zolt\u00e1n\u00a0vezet\u00e9s\u00e9vel<br \/>\nA m\u0171sorvezet\u0151:\u00a0Csengeri Attila, sz\u00edn\u00e9sz, \u00e9nekes, hangulatmester<br \/>\nHelysz\u00edn: Parkol\u00f3 sz\u00ednpad, Sz\u00e9passzonyv\u00f6lgy<br \/>\n&nbsp;<br \/>\nM\u00e1jus 23. szombat 18.30<br \/>\nL\u00e9vai Bal\u00e1zs a Budapest B\u00e1r szt\u00e1rvend\u00e9geivel besz\u00e9lget<br \/>\nHelysz\u00edn: Parkol\u00f3 sz\u00ednpad melletti t\u00e9r, Sz\u00e9passzonyv\u00f6lgy<br \/>\n\u00a0<br \/>\nM\u00e1jus 23. szombat 20.00<br \/>\nBudapest B\u00e1r koncert<br \/>\nVend\u00e9gek: Behumi [&#8230;]<\/p>\n","protected":false},"author":4,"featured_media":0,"comment_status":"closed","ping_status":"closed","sticky":false,"template":"","format":"standard","meta":{"footnotes":""},"categories":[8,4],"tags":[262],"class_list":["post-13941","post","type-post","status-publish","format-standard","hentry","category-kultura","category-szabadido","tag-ekmk"],"_links":{"self":[{"href":"https:\/\/www.agriatv.hu\/index.php?rest_route=\/wp\/v2\/posts\/13941","targetHints":{"allow":["GET"]}}],"collection":[{"href":"https:\/\/www.agriatv.hu\/index.php?rest_route=\/wp\/v2\/posts"}],"about":[{"href":"https:\/\/www.agriatv.hu\/index.php?rest_route=\/wp\/v2\/types\/post"}],"author":[{"embeddable":true,"href":"https:\/\/www.agriatv.hu\/index.php?rest_route=\/wp\/v2\/users\/4"}],"replies":[{"embeddable":true,"href":"https:\/\/www.agriatv.hu\/index.php?rest_route=%2Fwp%2Fv2%2Fcomments&post=13941"}],"version-history":[{"count":1,"href":"https:\/\/www.agriatv.hu\/index.php?rest_route=\/wp\/v2\/posts\/13941\/revisions"}],"predecessor-version":[{"id":13942,"href":"https:\/\/www.agriatv.hu\/index.php?rest_route=\/wp\/v2\/posts\/13941\/revisions\/13942"}],"wp:attachment":[{"href":"https:\/\/www.agriatv.hu\/index.php?rest_route=%2Fwp%2Fv2%2Fmedia&parent=13941"}],"wp:term":[{"taxonomy":"category","embeddable":true,"href":"https:\/\/www.agriatv.hu\/index.php?rest_route=%2Fwp%2Fv2%2Fcategories&post=13941"},{"taxonomy":"post_tag","embeddable":true,"href":"https:\/\/www.agriatv.hu\/index.php?rest_route=%2Fwp%2Fv2%2Ftags&post=13941"}],"curies":[{"name":"wp","href":"https:\/\/api.w.org\/{rel}","templated":true}]}}