{"id":13946,"date":"2015-03-26T10:18:44","date_gmt":"2015-03-26T10:18:44","guid":{"rendered":"http:\/\/www.agriatv.hu\/?p=13946"},"modified":"2015-03-26T10:18:44","modified_gmt":"2015-03-26T10:18:44","slug":"markazon-egett-egy-haz-szerda-este","status":"publish","type":"post","link":"https:\/\/www.agriatv.hu\/?p=13946","title":{"rendered":"Markazon \u00e9gett egy h\u00e1z szerda este"},"content":{"rendered":"<p style=\"text-align: justify;\"><strong><a href=\"https:\/\/www.agriatv.hu\/wp-content\/uploads\/2015\/03\/0325tuz_markaz._v.jpg\"><img loading=\"lazy\" decoding=\"async\" class=\"alignleft  wp-image-13949\" src=\"https:\/\/www.agriatv.hu\/wp-content\/uploads\/2015\/03\/0325tuz_markaz._v-300x240.jpg\" alt=\"0325tuz_markaz._v\" width=\"138\" height=\"110\" srcset=\"https:\/\/www.agriatv.hu\/wp-content\/uploads\/2015\/03\/0325tuz_markaz._v-300x240.jpg 300w, https:\/\/www.agriatv.hu\/wp-content\/uploads\/2015\/03\/0325tuz_markaz._v-100x80.jpg 100w, https:\/\/www.agriatv.hu\/wp-content\/uploads\/2015\/03\/0325tuz_markaz._v.jpg 720w\" sizes=\"auto, (max-width: 138px) 100vw, 138px\" \/><\/a>A sz\u00e1z n\u00e9gyzetm\u00e9teres \u00e9p\u00fclet konyh\u00e1j\u00e1ban keletkezett t\u0171z este 9 ut\u00e1n Markazon. <\/strong><br \/>\nSz\u00e1z n\u00e9gyzetm\u00e9teres paraszth\u00e1z konyh\u00e1j\u00e1ban keletkezett t\u0171z a Heves megyei Markazon, a F\u0151 utc\u00e1ban. A helysz\u00ednre a gy\u00f6ngy\u00f6si hivat\u00e1sos t\u0171zolt\u00f3kat riasztott\u00e1k, akik h\u00e1rom v\u00edzsug\u00e1rral behatoltak a f\u00fcsttel tel\u00edtett \u00e9p\u00fcletbe, majd n\u00e9h\u00e1ny perc alatt eloltott\u00e1k a t\u00fczet. A hivat\u00e1sos egys\u00e9gek munk\u00e1j\u00e1t a markazi \u00f6nk\u00e9ntes t\u0171zolt\u00f3k is seg\u00edtett\u00e9k.<\/p>\n<p style=\"text-align: justify;\">A szomsz\u00e9dok a nagy f\u00fcstre lettek figyelmesek. Szerint\u00fck a padl\u00e1son l\u00e9v\u0151 f\u00f3lia miatt nem kapott el\u00e9g leveg\u0151t a t\u0171z, ez\u00e9rt nem lett nagyobb baj.<\/p>\n<p style=\"text-align: justify;\">A markazi \u00f6nk\u00e9ntesek \u00e9rkeztek legel\u0151sz\u00f6r a helysz\u00ednre, \u0151k kezdt\u00e9k meg leghamarabb az olt\u00e1st.<\/p>\n<p style=\"text-align: justify;\">N\u00e9h\u00e1ny perc m\u00falva a gy\u00f6ngy\u00f6si egys\u00e9gek is meg\u00e9rkeztek.<\/p>\n<p style=\"text-align: justify;\">A h\u00e1z lakhatatlann\u00e1 v\u00e1lt, a konyh\u00e1ban a mennyezet is leszakadt. A h\u00e1zasp\u00e1r \u00e9jszak\u00e1ra rokonokn\u00e1l h\u00fazta meg mag\u00e1t.<strong><div class=\"wordtube\">\n<div class=\"wordtube single1440\" id=\"WT1_1\" style=\"width:320px; height:240px;\">\n<a href=\"http:\/\/www.macromedia.com\/go\/getflashplayer\">Get the Flash Player<\/a> to see the wordTube Media Player.\n<\/div><\/div>\n\t<script type=\"text\/javascript\" defer=\"defer\">\nvar WT1_1 = {\n\tparams : {\n\t\twmode : \"opaque\",\n\t\tallowscriptaccess : \"always\",\n\t\tallownetworking : \"all\",\n\t\tallowfullscreen : \"true\"},\n\tflashvars : {\n\t\tfile : \"http%3A%2F%2Fwww.agriatv.hu%2Fwp-content%2Fuploads%2F2015%2F03%2F0325tuz_markaz.flv\",\n\t\tvolume : \"80\",\n\t\tbufferlength : \"5\",\n\t\tquality : \"false\",\n\t\t'logo.hide' : \"false\",\n\t\timage : \"http%3A%2F%2Fwww.agriatv.hu%2Fwp-content%2Fuploads%2F2015%2F03%2F0325tuz_markaz.jpg\",\n\t\ttitle : \"0325tuz_markaz.flv\",\n\t\tlinktarget : \"_self\"},\n\tattr : {\n\t\tid : \"WT1\",\n\t\tname : \"WT1\"},\n\tstart : function() {\n\t\tswfobject.embedSWF(\"https:\/\/www.agriatv.hu\/\/player.swf\", \"WT1_1\", \"320\", \"240\", \"9.0.0\", false, this.flashvars, this.params , this.attr );\n\t}\n}\nWT1_1.start();\n\t<\/script>\n<\/strong><\/p>\n","protected":false},"excerpt":{"rendered":"<p>A sz\u00e1z n\u00e9gyzetm\u00e9teres \u00e9p\u00fclet konyh\u00e1j\u00e1ban keletkezett t\u0171z este 9 ut\u00e1n Markazon.<br \/>\nSz\u00e1z n\u00e9gyzetm\u00e9teres paraszth\u00e1z konyh\u00e1j\u00e1ban keletkezett t\u0171z a Heves megyei Markazon, a F\u0151 utc\u00e1ban. A helysz\u00ednre a gy\u00f6ngy\u00f6si hivat\u00e1sos t\u0171zolt\u00f3kat riasztott\u00e1k, akik h\u00e1rom v\u00edzsug\u00e1rral behatoltak a f\u00fcsttel tel\u00edtett \u00e9p\u00fcletbe, majd n\u00e9h\u00e1ny perc alatt eloltott\u00e1k a t\u00fczet. A hivat\u00e1sos egys\u00e9gek munk\u00e1j\u00e1t a markazi \u00f6nk\u00e9ntes t\u0171zolt\u00f3k is [&#8230;]<\/p>\n","protected":false},"author":4,"featured_media":0,"comment_status":"closed","ping_status":"closed","sticky":false,"template":"","format":"standard","meta":{"footnotes":""},"categories":[5],"tags":[2194,124,484,161],"class_list":["post-13946","post","type-post","status-publish","format-standard","hentry","category-kek-hirek","tag-markaz","tag-onkentes","tag-tuz","tag-tuzolto"],"_links":{"self":[{"href":"https:\/\/www.agriatv.hu\/index.php?rest_route=\/wp\/v2\/posts\/13946","targetHints":{"allow":["GET"]}}],"collection":[{"href":"https:\/\/www.agriatv.hu\/index.php?rest_route=\/wp\/v2\/posts"}],"about":[{"href":"https:\/\/www.agriatv.hu\/index.php?rest_route=\/wp\/v2\/types\/post"}],"author":[{"embeddable":true,"href":"https:\/\/www.agriatv.hu\/index.php?rest_route=\/wp\/v2\/users\/4"}],"replies":[{"embeddable":true,"href":"https:\/\/www.agriatv.hu\/index.php?rest_route=%2Fwp%2Fv2%2Fcomments&post=13946"}],"version-history":[{"count":3,"href":"https:\/\/www.agriatv.hu\/index.php?rest_route=\/wp\/v2\/posts\/13946\/revisions"}],"predecessor-version":[{"id":13950,"href":"https:\/\/www.agriatv.hu\/index.php?rest_route=\/wp\/v2\/posts\/13946\/revisions\/13950"}],"wp:attachment":[{"href":"https:\/\/www.agriatv.hu\/index.php?rest_route=%2Fwp%2Fv2%2Fmedia&parent=13946"}],"wp:term":[{"taxonomy":"category","embeddable":true,"href":"https:\/\/www.agriatv.hu\/index.php?rest_route=%2Fwp%2Fv2%2Fcategories&post=13946"},{"taxonomy":"post_tag","embeddable":true,"href":"https:\/\/www.agriatv.hu\/index.php?rest_route=%2Fwp%2Fv2%2Ftags&post=13946"}],"curies":[{"name":"wp","href":"https:\/\/api.w.org\/{rel}","templated":true}]}}