{"id":13951,"date":"2015-03-26T20:14:02","date_gmt":"2015-03-26T20:14:02","guid":{"rendered":"http:\/\/www.agriatv.hu\/?p=13951"},"modified":"2015-03-26T20:30:54","modified_gmt":"2015-03-26T20:30:54","slug":"shito-ryu-edzotabor-egerben","status":"publish","type":"post","link":"https:\/\/www.agriatv.hu\/?p=13951","title":{"rendered":"Shito Ryu edz\u0151t\u00e1bor Egerben"},"content":{"rendered":"<p style=\"text-align: justify;\"><a href=\"https:\/\/www.agriatv.hu\/wp-content\/uploads\/2015\/03\/0321karate_v1.jpg\"><img loading=\"lazy\" decoding=\"async\" class=\"wp-image-13954 alignleft\" src=\"https:\/\/www.agriatv.hu\/wp-content\/uploads\/2015\/03\/0321karate_v1-300x240.jpg\" alt=\"0321karate_v\" width=\"118\" height=\"94\" srcset=\"https:\/\/www.agriatv.hu\/wp-content\/uploads\/2015\/03\/0321karate_v1-300x240.jpg 300w, https:\/\/www.agriatv.hu\/wp-content\/uploads\/2015\/03\/0321karate_v1-100x80.jpg 100w, https:\/\/www.agriatv.hu\/wp-content\/uploads\/2015\/03\/0321karate_v1.jpg 720w\" sizes=\"auto, (max-width: 118px) 100vw, 118px\" \/><\/a>M\u00e1rcius 20-21-22-\u00e9n rendezte meg szok\u00e1sos edz\u0151t\u00e1bor\u00e1t az egri Shito Ryu karate klub, Hidetoshi Nakahashi 9. danos mester vezet\u00e9s\u00e9vel.<\/p>\n<p style=\"text-align: justify;\">A mester 1994-ben j\u00e1rt el\u0151sz\u00f6r Egerben, majd 8 miskolci \u00e9v ut\u00e1n 2003-ban, \u00e9s az\u00f3ta minden \u00e9vben itt tartja magyarorsz\u00e1gi edz\u0151t\u00e1bor\u00e1t. Az t\u00e1bor orsz\u00e1gos h\u00edr\u0171, saj\u00e1t tan\u00edtv\u00e1nyain k\u00edv\u00fcl m\u00e1s szervezet karat\u00e9k\u00e1i is rendszeresen r\u00e9szt vesznek rajta, s\u0151t, a Shotokan st\u00edlus k\u00e9pvisel\u0151i is rendszeres l\u00e1togat\u00f3i edz\u00e9seinek.<\/p>\n<p style=\"text-align: justify;\">Ahogy \u0151 fogalmaz: &#8222;az igazi szellemis\u00e9ge a karat\u00e9nak \u00f6sszekov\u00e1csolja az embereket, nem pedig sz\u00e9tv\u00e1lasztja.<strong><div class=\"wordtube\">\n<div class=\"wordtube single1441\" id=\"WT1_1\" style=\"width:320px; height:240px;\">\n<a href=\"http:\/\/www.macromedia.com\/go\/getflashplayer\">Get the Flash Player<\/a> to see the wordTube Media Player.\n<\/div><\/div>\n\t<script type=\"text\/javascript\" defer=\"defer\">\nvar WT1_1 = {\n\tparams : {\n\t\twmode : \"opaque\",\n\t\tallowscriptaccess : \"always\",\n\t\tallownetworking : \"all\",\n\t\tallowfullscreen : \"true\"},\n\tflashvars : {\n\t\tfile : \"http%3A%2F%2Fwww.agriatv.hu%2Fwp-content%2Fuploads%2F2015%2F03%2F0321karate.flv\",\n\t\tvolume : \"80\",\n\t\tbufferlength : \"5\",\n\t\tquality : \"false\",\n\t\t'logo.hide' : \"false\",\n\t\timage : \"http%3A%2F%2Fwww.agriatv.hu%2Fwp-content%2Fuploads%2F2015%2F03%2F0321karate.Still001.jpg\",\n\t\ttitle : \"0321karate.flv\",\n\t\tlinktarget : \"_self\"},\n\tattr : {\n\t\tid : \"WT1\",\n\t\tname : \"WT1\"},\n\tstart : function() {\n\t\tswfobject.embedSWF(\"https:\/\/www.agriatv.hu\/\/player.swf\", \"WT1_1\", \"320\", \"240\", \"9.0.0\", false, this.flashvars, this.params , this.attr );\n\t}\n}\nWT1_1.start();\n\t<\/script>\n<\/strong><\/p>\n","protected":false},"excerpt":{"rendered":"<p>M\u00e1rcius 20-21-22-\u00e9n rendezte meg szok\u00e1sos edz\u0151t\u00e1bor\u00e1t az egri Shito Ryu karate klub, Hidetoshi Nakahashi 9. danos mester vezet\u00e9s\u00e9vel.<br \/>\nA mester 1994-ben j\u00e1rt el\u0151sz\u00f6r Egerben, majd 8 miskolci \u00e9v ut\u00e1n 2003-ban, \u00e9s az\u00f3ta minden \u00e9vben itt tartja magyarorsz\u00e1gi edz\u0151t\u00e1bor\u00e1t. Az t\u00e1bor orsz\u00e1gos h\u00edr\u0171, saj\u00e1t tan\u00edtv\u00e1nyain k\u00edv\u00fcl m\u00e1s szervezet karat\u00e9k\u00e1i is rendszeresen r\u00e9szt vesznek rajta, s\u0151t, a Shotokan [&#8230;]<\/p>\n","protected":false},"author":4,"featured_media":0,"comment_status":"closed","ping_status":"closed","sticky":false,"template":"","format":"standard","meta":{"footnotes":""},"categories":[11,4],"tags":[1318,36,597],"class_list":["post-13951","post","type-post","status-publish","format-standard","hentry","category-sport","category-szabadido","tag-edzotabor","tag-eger","tag-shito-ryu"],"_links":{"self":[{"href":"https:\/\/www.agriatv.hu\/index.php?rest_route=\/wp\/v2\/posts\/13951","targetHints":{"allow":["GET"]}}],"collection":[{"href":"https:\/\/www.agriatv.hu\/index.php?rest_route=\/wp\/v2\/posts"}],"about":[{"href":"https:\/\/www.agriatv.hu\/index.php?rest_route=\/wp\/v2\/types\/post"}],"author":[{"embeddable":true,"href":"https:\/\/www.agriatv.hu\/index.php?rest_route=\/wp\/v2\/users\/4"}],"replies":[{"embeddable":true,"href":"https:\/\/www.agriatv.hu\/index.php?rest_route=%2Fwp%2Fv2%2Fcomments&post=13951"}],"version-history":[{"count":3,"href":"https:\/\/www.agriatv.hu\/index.php?rest_route=\/wp\/v2\/posts\/13951\/revisions"}],"predecessor-version":[{"id":13956,"href":"https:\/\/www.agriatv.hu\/index.php?rest_route=\/wp\/v2\/posts\/13951\/revisions\/13956"}],"wp:attachment":[{"href":"https:\/\/www.agriatv.hu\/index.php?rest_route=%2Fwp%2Fv2%2Fmedia&parent=13951"}],"wp:term":[{"taxonomy":"category","embeddable":true,"href":"https:\/\/www.agriatv.hu\/index.php?rest_route=%2Fwp%2Fv2%2Fcategories&post=13951"},{"taxonomy":"post_tag","embeddable":true,"href":"https:\/\/www.agriatv.hu\/index.php?rest_route=%2Fwp%2Fv2%2Ftags&post=13951"}],"curies":[{"name":"wp","href":"https:\/\/api.w.org\/{rel}","templated":true}]}}