{"id":13977,"date":"2015-03-18T18:48:57","date_gmt":"2015-03-18T18:48:57","guid":{"rendered":"http:\/\/www.agriatv.hu\/?p=13977"},"modified":"2015-04-01T18:50:48","modified_gmt":"2015-04-01T18:50:48","slug":"az-evk-egyesulet-kozlemenye-2","status":"publish","type":"post","link":"https:\/\/www.agriatv.hu\/?p=13977","title":{"rendered":"AZ EVK-Egyes\u00fclet k\u00f6zlem\u00e9nye"},"content":{"rendered":"<p style=\"text-align: justify;\"><a href=\"https:\/\/www.agriatv.hu\/wp-content\/uploads\/2014\/09\/2.png\"><img loading=\"lazy\" decoding=\"async\" class=\"wp-image-13214 alignleft\" src=\"https:\/\/www.agriatv.hu\/wp-content\/uploads\/2014\/09\/2-300x93.png\" alt=\"2\" width=\"223\" height=\"69\" srcset=\"https:\/\/www.agriatv.hu\/wp-content\/uploads\/2014\/09\/2-300x93.png 300w, https:\/\/www.agriatv.hu\/wp-content\/uploads\/2014\/09\/2.png 319w\" sizes=\"auto, (max-width: 223px) 100vw, 223px\" \/><\/a>A Dar\u00e1nyi Ign\u00e1c Terv EMVA t\u00e1rsfinansz\u00edroz\u00e1s\u00fa int\u00e9zked\u00e9sei Ir\u00e1ny\u00edt\u00f3 Hat\u00f3s\u00e1g\u00e1nak <strong>6\/2015 (III. 13.) sz\u00e1m\u00fa k\u00f6zlem\u00e9nye<\/strong> az Eur\u00f3pai Mez\u0151gazdas\u00e1gi Vid\u00e9kfejleszt\u00e9si Alapb\u00f3l ny\u00fajtand\u00f3, a vid\u00e9ki gazdas\u00e1g \u00e9s a lakoss\u00e1g sz\u00e1m\u00e1ra ny\u00fajtott alapszolg\u00e1ltat\u00e1sok fejleszt\u00e9s\u00e9re 2015-ben ig\u00e9nybe vehet\u0151 t\u00e1mogat\u00e1sok r\u00e9szletes felt\u00e9teleir\u0151l sz\u00f3l\u00f3 rendelet megjelen\u00e9s\u00e9r\u0151l.<\/p>\n<p style=\"text-align: justify;\">\u00a0A Dar\u00e1nyi Ign\u00e1c Terv keret\u00e9ben m\u0171k\u00f6d\u0151 \u00daj Magyarorsz\u00e1g Vid\u00e9kfejleszt\u00e9si Program (DIT \u00daMVP) III. tengely\u00e9n bel\u00fcl a vid\u00e9ki gazdas\u00e1g \u00e9s a lakoss\u00e1g sz\u00e1m\u00e1ra ny\u00fajtott alapszolg\u00e1ltat\u00e1sok fejleszt\u00e9s\u00e9re ir\u00e1nyul\u00f3 int\u00e9zked\u00e9s (a tov\u00e1bbiakban: alapszolg\u00e1ltat\u00e1sok jogc\u00edm) \u00fajranyit\u00e1sa v\u00e1rhat\u00f3. A beny\u00fajt\u00e1si id\u0151szak kezdete: 2015. \u00e1prilis k\u00f6zepe.<\/p>\n<p style=\"text-align: justify;\">Az alapszolg\u00e1ltat\u00e1sok jogc\u00edm kedvezm\u00e9nyezettjeinek k\u00f6re a telep\u00fcl\u00e9si \u00f6nkorm\u00e1nyzatokra, \u00f6nkorm\u00e1nyzati t\u00e1rsul\u00e1sokra, nemzetis\u00e9gi \u00f6nkorm\u00e1nyzatokra, nonprofit szervezetekre (egyes\u00fcletek, alap\u00edtv\u00e1nyok, p\u00e9ld\u00e1ul polg\u00e1r\u0151r egyes\u00fcletek) \u00e9s egyh\u00e1zi jogi szem\u00e9lyekre terjed ki. A rendelet mell\u00e9klet\u00e9t k\u00e9pezi a jogosult telep\u00fcl\u00e9seket tartalmaz\u00f3 telep\u00fcl\u00e9slista. Az \u00fcgyf\u00e9lnek sz\u00e9khellyel kell rendelkezni azon a telep\u00fcl\u00e9slist\u00e1ban tal\u00e1lhat\u00f3 telep\u00fcl\u00e9sen, amelyen a fejleszt\u00e9st meg k\u00edv\u00e1nja val\u00f3s\u00edtani. A rendelet alapj\u00e1n kett\u0151 c\u00e9lter\u00fclet ker\u00fcl megnyit\u00e1sra. Az els\u0151 c\u00e9lter\u00fclet keret\u00e9ben t\u00e1mogat\u00e1s vehet\u0151 ig\u00e9nybe \u00faj \u00e9s m\u00e1r megl\u00e9v\u0151 falu- \u00e9s tanyagondnoki szolg\u00e1ltat\u00e1s fejleszt\u00e9s\u00e9hez, a m\u00e1sodik c\u00e9lter\u00fclet keret\u00e9ben egy\u00e9b szoci\u00e1lis, b\u0171nmegel\u0151z\u00e9si \u00e9s k\u00f6z\u00f6ss\u00e9gi szolg\u00e1ltat\u00e1sok fejleszt\u00e9s\u00e9hez.<\/p>\n<p style=\"text-align: justify;\">A t\u00e1mogathat\u00f3 tev\u00e9kenys\u00e9g: \u00faj g\u00e9pj\u00e1rm\u0171 beszerz\u00e9se.<\/p>\n<p style=\"text-align: justify;\">Az egy t\u00e1mogat\u00e1si k\u00e9relemben ig\u00e9nyelhet\u0151 t\u00e1mogat\u00e1s \u00f6sszege: szem\u00e9lyg\u00e9pj\u00e1rm\u0171 eset\u00e9n legfeljebb nett\u00f3 3,5 milli\u00f3 forint, terepj\u00e1r\u00f3 eset\u00e9n legfeljebb nett\u00f3 5 milli\u00f3 forint, mikrobusz eset\u00e9n kevesebb, mint nett\u00f3 8 milli\u00f3 forint. A t\u00e1mogat\u00e1s m\u00e9rt\u00e9ke az \u00f6sszes elsz\u00e1molhat\u00f3 kiad\u00e1s 100 sz\u00e1zal\u00e9ka. Az alapszolg\u00e1ltat\u00e1sok jogc\u00edm eset\u00e9ben a t\u00e1mogat\u00e1si k\u00e9relem elektronikus \u00faton ny\u00fajthat\u00f3 be. Felh\u00edvom a figyelmet, hogy az Ir\u00e1ny\u00edt\u00f3 Hat\u00f3s\u00e1gi K\u00f6zlem\u00e9ny csup\u00e1n t\u00e1j\u00e9koztat\u00f3 jelleg\u0171!<\/p>\n<p style=\"text-align: justify;\">Kecskem\u00e9t, 2015. m\u00e1rcius \u201e13.\u201d<\/p>\n<p style=\"text-align: justify;\">Dr. Viski J\u00f3zsef<\/p>\n<p style=\"text-align: justify;\">Ir\u00e1ny\u00edt\u00f3 Hat\u00f3s\u00e1g vezet\u0151je<\/p>\n<p style=\"text-align: justify;\">Forr\u00e1s Eger Vid\u00e9k Kincsei Egyes\u00fclet<\/p>\n<p style=\"text-align: justify;\"><a href=\"http:\/\/www.evk-egyesulet.hu\">http:\/\/www.evk-egyesulet.hu<\/a><\/p>\n","protected":false},"excerpt":{"rendered":"<p>A Dar\u00e1nyi Ign\u00e1c Terv EMVA t\u00e1rsfinansz\u00edroz\u00e1s\u00fa int\u00e9zked\u00e9sei Ir\u00e1ny\u00edt\u00f3 Hat\u00f3s\u00e1g\u00e1nak 6\/2015 (III. 13.) sz\u00e1m\u00fa k\u00f6zlem\u00e9nye az Eur\u00f3pai Mez\u0151gazdas\u00e1gi Vid\u00e9kfejleszt\u00e9si Alapb\u00f3l ny\u00fajtand\u00f3, a vid\u00e9ki gazdas\u00e1g \u00e9s a lakoss\u00e1g sz\u00e1m\u00e1ra ny\u00fajtott alapszolg\u00e1ltat\u00e1sok fejleszt\u00e9s\u00e9re 2015-ben ig\u00e9nybe vehet\u0151 t\u00e1mogat\u00e1sok r\u00e9szletes felt\u00e9teleir\u0151l sz\u00f3l\u00f3 rendelet megjelen\u00e9s\u00e9r\u0151l.<br \/>\n\u00a0A Dar\u00e1nyi Ign\u00e1c Terv keret\u00e9ben m\u0171k\u00f6d\u0151 \u00daj Magyarorsz\u00e1g Vid\u00e9kfejleszt\u00e9si Program (DIT \u00daMVP) III. tengely\u00e9n bel\u00fcl a vid\u00e9ki [&#8230;]<\/p>\n","protected":false},"author":4,"featured_media":0,"comment_status":"closed","ping_status":"closed","sticky":false,"template":"","format":"standard","meta":{"footnotes":""},"categories":[6],"tags":[1615],"class_list":["post-13977","post","type-post","status-publish","format-standard","hentry","category-belfold","tag-evk"],"_links":{"self":[{"href":"https:\/\/www.agriatv.hu\/index.php?rest_route=\/wp\/v2\/posts\/13977","targetHints":{"allow":["GET"]}}],"collection":[{"href":"https:\/\/www.agriatv.hu\/index.php?rest_route=\/wp\/v2\/posts"}],"about":[{"href":"https:\/\/www.agriatv.hu\/index.php?rest_route=\/wp\/v2\/types\/post"}],"author":[{"embeddable":true,"href":"https:\/\/www.agriatv.hu\/index.php?rest_route=\/wp\/v2\/users\/4"}],"replies":[{"embeddable":true,"href":"https:\/\/www.agriatv.hu\/index.php?rest_route=%2Fwp%2Fv2%2Fcomments&post=13977"}],"version-history":[{"count":2,"href":"https:\/\/www.agriatv.hu\/index.php?rest_route=\/wp\/v2\/posts\/13977\/revisions"}],"predecessor-version":[{"id":13979,"href":"https:\/\/www.agriatv.hu\/index.php?rest_route=\/wp\/v2\/posts\/13977\/revisions\/13979"}],"wp:attachment":[{"href":"https:\/\/www.agriatv.hu\/index.php?rest_route=%2Fwp%2Fv2%2Fmedia&parent=13977"}],"wp:term":[{"taxonomy":"category","embeddable":true,"href":"https:\/\/www.agriatv.hu\/index.php?rest_route=%2Fwp%2Fv2%2Fcategories&post=13977"},{"taxonomy":"post_tag","embeddable":true,"href":"https:\/\/www.agriatv.hu\/index.php?rest_route=%2Fwp%2Fv2%2Ftags&post=13977"}],"curies":[{"name":"wp","href":"https:\/\/api.w.org\/{rel}","templated":true}]}}