{"id":13988,"date":"2015-04-01T22:03:32","date_gmt":"2015-04-01T22:03:32","guid":{"rendered":"http:\/\/www.agriatv.hu\/?p=13988"},"modified":"2015-04-01T22:03:32","modified_gmt":"2015-04-01T22:03:32","slug":"wahorn-andras-es-ruzsa-magdi-az-egri-tavaszi-fesztivalon","status":"publish","type":"post","link":"https:\/\/www.agriatv.hu\/?p=13988","title":{"rendered":"Wahorn Andr\u00e1s \u00e9s R\u00fazsa Magdi az Egri Tavaszi Fesztiv\u00e1lon"},"content":{"rendered":"<div class=\"lead\"><a href=\"http:\/\/egriugyek.hu\/public\/pic\/editor\/007a9ae790276aab7c64ec6448e84488_1920.jpg\" rel=\"prettyPhoto[gallery1]\"><img loading=\"lazy\" decoding=\"async\" class=\" alignleft\" src=\"http:\/\/egriugyek.hu\/public\/pic\/editor\/007a9ae790276aab7c64ec6448e84488.jpg\" alt=\"\" width=\"158\" height=\"223\" \/><\/a>Wahorn Andr\u00e1ssal, Hal\u00e1sz Judittal, R\u00fazsa Magdival \u00e9s Palya Be\u00e1val is tal\u00e1lkozhatnak az \u00e9rdekl\u0151d\u0151k a tizen\u00f6t t\u00f6rzsprogramot \u00e9s sz\u00e1mos k\u00eds\u00e9r\u0151rendezv\u00e9nyt tartalmaz\u00f3 15. Egri Tavaszi Fesztiv\u00e1lon \u00e1prilis 10. \u00e9s 27. k\u00f6z\u00f6tt.<\/div>\n<p>Habis L\u00e1szl\u00f3 egri polg\u00e1rmester az esem\u00e9nyt bemutat\u00f3 sajt\u00f3t\u00e1j\u00e9koztat\u00f3n kiemelte: turisztikai jelent\u0151s\u00e9ggel is b\u00edr az igen sz\u00ednes programokat k\u00edn\u00e1l\u00f3 Egri Tavaszi Fesztiv\u00e1l, ugyanakkor &#8222;nem kis r\u00e9szben az egrieket \u00e9s az\u00a0Eger\u00a0k\u00f6rny\u00e9k\u00e9n \u00e9l\u0151ket is szolg\u00e1lja ez a rendezv\u00e9ny&#8221;.\u00a0Elmondta: a nyit\u00f3rendezv\u00e9ny az id\u00e9n 30 \u00e9ves egri Harlekin B\u00e1bsz\u00ednh\u00e1z \u00fcnnepe is lesz. A t\u00e1rsulat 10-\u00e9n 18 \u00f3rakor az elm\u00falt id\u0151szak egyik legsikeresebb produkci\u00f3j\u00e1t, A dzsungel k\u00f6nyve b\u00e1bmusicalt mutatja be a b\u00e1bsz\u00ednh\u00e1zban, majd m\u00e1snap 19 \u00f3rakor a Don Quijote c\u00edm\u0171 b\u00e1b-sz\u00ednpadi j\u00e1t\u00e9k d\u00edszbemutat\u00f3ja lesz l\u00e1that\u00f3 ugyanott.<\/p>\n<p>A polg\u00e1rmester kit\u00e9rt r\u00e1: a t\u00f6bb gener\u00e1ci\u00f3nak is vonz\u00f3 programokat k\u00edn\u00e1l\u00f3 fesztiv\u00e1l keret\u00e9ben komolyzenei produkci\u00f3kkal is tal\u00e1lkozhatnak az \u00e9rdekl\u0151d\u0151k, \u00e9s\u00a0Eger\u00a0k\u00e9t testv\u00e9rv\u00e1ros\u00e1b\u00f3l, a franciaorsz\u00e1gi Maconb\u00f3l, illetve a finnorsz\u00e1gi Porib\u00f3l is \u00e9rkeznek fell\u00e9p\u0151k.<\/p>\n<p>Somodyn\u00e9 J\u00e1mbor Ildik\u00f3, a fesztiv\u00e1lt szervez\u0151 Egri Kultur\u00e1lis \u00e9s M\u0171v\u00e9szeti K\u00f6zpont (EKMK) fesztiv\u00e1l koordin\u00e1tora hangs\u00falyozta, hogy &#8222;n\u00e9pszer\u0171, de magas m\u0171v\u00e9szetet k\u00e9pvisel\u0151 produkci\u00f3kat&#8221; k\u00edn\u00e1lnak az \u00e9rdekl\u0151d\u0151knek. Igyekeztek fiatal m\u0171v\u00e9szeknek is lehet\u0151s\u00e9get adni, \u00e9s \u00faj helysz\u00edneket is bekapcsoltak a programsorozatba.<\/p>\n<p>&nbsp;<\/p>\n<p>Elhangzott: a fesztiv\u00e1l az \u00e1prilis 10-\u00e9n d\u00e9lut\u00e1n f\u00e9l \u00f6tkor a M\u00e1rai hat\u00e1rok n\u00e9lk\u00fcl c\u00edm\u0171 interakt\u00edv ki\u00e1ll\u00edt\u00e1ssal ny\u00edlik a Sz\u00e9passzonyv\u00f6lgyi M\u00e1rai L\u00e1togat\u00f3k\u00f6zpontban, 18 \u00f3r\u00e1t\u00f3l pedig a Harlekin Kort\u00e1rs B\u00e1bm\u0171v\u00e9szeti Napok kezd\u0151dnek a b\u00e1bsz\u00ednh\u00e1zban. A rendezv\u00e9nysorozat hivatalos megnyit\u00f3j\u00e1n, 11-\u00e9n 17 \u00f3rakor az Egri Szimfonikus Zenekar r\u00e9zf\u00fav\u00f3s egy\u00fcttese ad t\u00e9rzen\u00e9t a G\u00e1rdonyi t\u00e9ren.<\/p>\n<p>A fesztiv\u00e1lesem\u00e9nyek sor\u00e1b\u00f3l a szervez\u0151k kiemelt\u00e9k Wahorn Andr\u00e1s \u00e1prilis 17-i, Szabad c\u00edm\u0171 k\u00e9pz\u0151m\u0171v\u00e9szeti \u00e9s zenei bemutat\u00f3j\u00e1t a Vitkovics Alkot\u00f3h\u00e1zban.<\/p>\n<p>R\u00fazsa Magdi 12-\u00e9n 18 \u00f3r\u00e1t\u00f3l ad koncertet a Hotel\u00a0Eger&amp;Parkban. A Bartakovics B\u00e9la K\u00f6z\u00f6ss\u00e9gi H\u00e1zban l\u00e9p fel Palya Bea \u00e9s ifj. T\u00f3th Istv\u00e1n 13-\u00e9n 17 \u00f3r\u00e1t\u00f3l, m\u00edg Hal\u00e1sz Judit 19-\u00e9n 10, majd 12 \u00f3rai kezdettel tart lemezbemutat\u00f3 koncertet a G\u00e1rdonyi G\u00e9za Sz\u00ednh\u00e1zban.<\/p>\n<p>Csillag \u00e9s k\u0151 c\u00edmmel egri \u00e9s\u00a0Egerb\u0151l elsz\u00e1rmazott m\u0171v\u00e9szek munk\u00e1ib\u00f3l ny\u00edlik 13-\u00e1n 17 \u00f3rakor ki\u00e1ll\u00edt\u00e1s a Templom Gal\u00e9ri\u00e1ban. A t\u00e1rlat m\u00e1jus 15-ig lesz l\u00e1togathat\u00f3.<\/p>\n<p>A fesztiv\u00e1l z\u00e1r\u00f3 produkci\u00f3j\u00e1ra 27-\u00e9n 19 \u00f3rakor ker\u00fcl sor: a T\u00e1nc vil\u00e1gnapja alkalm\u00e1b\u00f3l a Lajtha L\u00e1szl\u00f3 N\u00e9pt\u00e1ncegy\u00fcttes Zeng a l\u00e9lek&#8230; c\u00edmmel tart n\u00e9pt\u00e1nc g\u00e1l\u00e1t a sz\u00ednh\u00e1zban.<\/p>\n<p>P\u00fcski Vikt\u00f3ria, az EKMK szakmai igazgat\u00f3helyettese az MTI k\u00e9rd\u00e9s\u00e9re elmondta: az idei Egri Tavaszi Fesztiv\u00e1lt a megszokott m\u00e1rciusi id\u0151pontr\u00f3l a Budapesti Tavaszi Fesztiv\u00e1lhoz igazodva tett\u00e9k \u00e1t \u00e1prilis 10. \u00e9s 27. k\u00f6z\u00e9. A rendezv\u00e9nyt a v\u00e1ros n\u00e9gymilli\u00f3 forinttal t\u00e1mogatta, m\u00edg az EKMK mintegy 3-4 milli\u00f3 forintnyi saj\u00e1t er\u0151t biztos\u00edt hozz\u00e1.<\/p>\n<p>Forr\u00e1s: MTI<\/p>\n","protected":false},"excerpt":{"rendered":"<p>Wahorn Andr\u00e1ssal, Hal\u00e1sz Judittal, R\u00fazsa Magdival \u00e9s Palya Be\u00e1val is tal\u00e1lkozhatnak az \u00e9rdekl\u0151d\u0151k a tizen\u00f6t t\u00f6rzsprogramot \u00e9s sz\u00e1mos k\u00eds\u00e9r\u0151rendezv\u00e9nyt tartalmaz\u00f3 15. Egri Tavaszi Fesztiv\u00e1lon \u00e1prilis 10. \u00e9s 27. k\u00f6z\u00f6tt.<br \/>\nHabis L\u00e1szl\u00f3 egri polg\u00e1rmester az esem\u00e9nyt bemutat\u00f3 sajt\u00f3t\u00e1j\u00e9koztat\u00f3n kiemelte: turisztikai jelent\u0151s\u00e9ggel is b\u00edr az igen sz\u00ednes programokat k\u00edn\u00e1l\u00f3 Egri Tavaszi Fesztiv\u00e1l, ugyanakkor &#8222;nem kis r\u00e9szben az egrieket [&#8230;]<\/p>\n","protected":false},"author":4,"featured_media":0,"comment_status":"closed","ping_status":"closed","sticky":false,"template":"","format":"standard","meta":{"footnotes":""},"categories":[8,4],"tags":[36,194,93],"class_list":["post-13988","post","type-post","status-publish","format-standard","hentry","category-kultura","category-szabadido","tag-eger","tag-fesztival","tag-kultura-2"],"_links":{"self":[{"href":"https:\/\/www.agriatv.hu\/index.php?rest_route=\/wp\/v2\/posts\/13988","targetHints":{"allow":["GET"]}}],"collection":[{"href":"https:\/\/www.agriatv.hu\/index.php?rest_route=\/wp\/v2\/posts"}],"about":[{"href":"https:\/\/www.agriatv.hu\/index.php?rest_route=\/wp\/v2\/types\/post"}],"author":[{"embeddable":true,"href":"https:\/\/www.agriatv.hu\/index.php?rest_route=\/wp\/v2\/users\/4"}],"replies":[{"embeddable":true,"href":"https:\/\/www.agriatv.hu\/index.php?rest_route=%2Fwp%2Fv2%2Fcomments&post=13988"}],"version-history":[{"count":1,"href":"https:\/\/www.agriatv.hu\/index.php?rest_route=\/wp\/v2\/posts\/13988\/revisions"}],"predecessor-version":[{"id":13989,"href":"https:\/\/www.agriatv.hu\/index.php?rest_route=\/wp\/v2\/posts\/13988\/revisions\/13989"}],"wp:attachment":[{"href":"https:\/\/www.agriatv.hu\/index.php?rest_route=%2Fwp%2Fv2%2Fmedia&parent=13988"}],"wp:term":[{"taxonomy":"category","embeddable":true,"href":"https:\/\/www.agriatv.hu\/index.php?rest_route=%2Fwp%2Fv2%2Fcategories&post=13988"},{"taxonomy":"post_tag","embeddable":true,"href":"https:\/\/www.agriatv.hu\/index.php?rest_route=%2Fwp%2Fv2%2Ftags&post=13988"}],"curies":[{"name":"wp","href":"https:\/\/api.w.org\/{rel}","templated":true}]}}