{"id":13990,"date":"2015-04-03T06:20:05","date_gmt":"2015-04-03T06:20:05","guid":{"rendered":"http:\/\/www.agriatv.hu\/?p=13990"},"modified":"2015-04-03T06:20:05","modified_gmt":"2015-04-03T06:20:05","slug":"ivadi-gyilkossag-elfogtak-a-feltetelezett-elkovetot","status":"publish","type":"post","link":"https:\/\/www.agriatv.hu\/?p=13990","title":{"rendered":"Iv\u00e1di gyilkoss\u00e1g: elfogt\u00e1k a felt\u00e9telezett elk\u00f6vet\u0151t"},"content":{"rendered":"<div class=\"lead\"><a href=\"https:\/\/www.agriatv.hu\/wp-content\/uploads\/2015\/02\/leadgolya.jpg\"><img loading=\"lazy\" decoding=\"async\" class=\"alignleft  wp-image-13775\" src=\"https:\/\/www.agriatv.hu\/wp-content\/uploads\/2015\/02\/leadgolya-300x199.jpg\" alt=\"leadgolya\" width=\"119\" height=\"79\" srcset=\"https:\/\/www.agriatv.hu\/wp-content\/uploads\/2015\/02\/leadgolya-300x199.jpg 300w, https:\/\/www.agriatv.hu\/wp-content\/uploads\/2015\/02\/leadgolya.jpg 592w\" sizes=\"auto, (max-width: 119px) 100vw, 119px\" \/><\/a>Minden bizonnyal egy 38 \u00e9ves salg\u00f3tarj\u00e1ni f\u00e9rfi \u00f6lte meg azt a l\u00e1nyt, akinek a holttest\u00e9t m\u00e1rciusban tal\u00e1lt\u00e1k meg Iv\u00e1d k\u00f6zel\u00e9ben.<\/div>\n<p>Mint ahogy kor\u00e1bban <a href=\"https:\/\/www.agriatv.hu\/?p=13838\">besz\u00e1moltunk r\u00f3la<\/a>, m\u00e1rciusban a\u00a023-as f\u0151\u00fat mellett minden bizonnyal egy vad\u00e1sz tal\u00e1lt r\u00e1 a b\u00e1tonyterenyei fiatal l\u00e1ny holttest\u00e9re. A rend\u0151rs\u00e9g akkori t\u00e1j\u00e9koztat\u00e1sa szerint a l\u00e1nyt minden bizonnyal meg\u00f6lt\u00e9k. Ezut\u00e1n a Heves Megyei Rend\u0151r-f\u0151kapit\u00e1nys\u00e1g B\u0171n\u00fcgyi Oszt\u00e1lya ember\u00f6l\u00e9s b\u0171ntett elk\u00f6vet\u00e9s\u00e9nek gyan\u00faja miatt ind\u00edtott elj\u00e1r\u00e1st ismeretlen tettes ellen.<\/p>\n<div class=\"field field-name-field-szovegtorzs field-type-text-long field-label-hidden\">\n<div class=\"field-items\">\n<div class=\"field-item even\">\n<p>A Heves Megyei Rend\u0151r-f\u0151kapit\u00e1nys\u00e1g \u00e9s a N\u00f3gr\u00e1d Megyei Rend\u0151r-f\u0151kapit\u00e1nys\u00e1g nyomoz\u00f3i cs\u00fct\u00f6rt\u00f6k\u00f6n elfogt\u00e1k a b\u0171ncselekm\u00e9ny elk\u00f6vet\u00e9s\u00e9vel megalapozottan gyan\u00fas\u00edthat\u00f3 szem\u00e9lyt Nagyb\u00e1tony k\u00f6zel\u00e9ben, amint a 21-es sz\u00e1m\u00fa f\u0151\u00faton egy g\u00e9pj\u00e1rm\u0171vel k\u00f6zlekedett. A rend\u0151r\u00f6k a 38 \u00e9ves salg\u00f3tarj\u00e1ni f\u00e9rfit a Heves Megyei Rend\u0151r-f\u0151kapit\u00e1nys\u00e1gra el\u0151\u00e1ll\u00edtott\u00e1k, ahol gyan\u00fas\u00edtotti kihallgat\u00e1sa megkezd\u0151d\u00f6tt.<\/p>\n<\/div>\n<\/div>\n<\/div>\n","protected":false},"excerpt":{"rendered":"<p>Minden bizonnyal egy 38 \u00e9ves salg\u00f3tarj\u00e1ni f\u00e9rfi \u00f6lte meg azt a l\u00e1nyt, akinek a holttest\u00e9t m\u00e1rciusban tal\u00e1lt\u00e1k meg Iv\u00e1d k\u00f6zel\u00e9ben.<br \/>\nMint ahogy kor\u00e1bban besz\u00e1moltunk r\u00f3la, m\u00e1rciusban a\u00a023-as f\u0151\u00fat mellett minden bizonnyal egy vad\u00e1sz tal\u00e1lt r\u00e1 a b\u00e1tonyterenyei fiatal l\u00e1ny holttest\u00e9re. A rend\u0151rs\u00e9g akkori t\u00e1j\u00e9koztat\u00e1sa szerint a l\u00e1nyt minden bizonnyal meg\u00f6lt\u00e9k. Ezut\u00e1n a Heves Megyei Rend\u0151r-f\u0151kapit\u00e1nys\u00e1g B\u0171n\u00fcgyi [&#8230;]<\/p>\n","protected":false},"author":4,"featured_media":0,"comment_status":"closed","ping_status":"closed","sticky":false,"template":"","format":"standard","meta":{"footnotes":""},"categories":[5],"tags":[1079,771,1477,1707,747,122],"class_list":["post-13990","post","type-post","status-publish","format-standard","hentry","category-kek-hirek","tag-gyilkossag","tag-halal","tag-ivad","tag-lany","tag-nyomozas","tag-rendorseg"],"_links":{"self":[{"href":"https:\/\/www.agriatv.hu\/index.php?rest_route=\/wp\/v2\/posts\/13990","targetHints":{"allow":["GET"]}}],"collection":[{"href":"https:\/\/www.agriatv.hu\/index.php?rest_route=\/wp\/v2\/posts"}],"about":[{"href":"https:\/\/www.agriatv.hu\/index.php?rest_route=\/wp\/v2\/types\/post"}],"author":[{"embeddable":true,"href":"https:\/\/www.agriatv.hu\/index.php?rest_route=\/wp\/v2\/users\/4"}],"replies":[{"embeddable":true,"href":"https:\/\/www.agriatv.hu\/index.php?rest_route=%2Fwp%2Fv2%2Fcomments&post=13990"}],"version-history":[{"count":1,"href":"https:\/\/www.agriatv.hu\/index.php?rest_route=\/wp\/v2\/posts\/13990\/revisions"}],"predecessor-version":[{"id":13991,"href":"https:\/\/www.agriatv.hu\/index.php?rest_route=\/wp\/v2\/posts\/13990\/revisions\/13991"}],"wp:attachment":[{"href":"https:\/\/www.agriatv.hu\/index.php?rest_route=%2Fwp%2Fv2%2Fmedia&parent=13990"}],"wp:term":[{"taxonomy":"category","embeddable":true,"href":"https:\/\/www.agriatv.hu\/index.php?rest_route=%2Fwp%2Fv2%2Fcategories&post=13990"},{"taxonomy":"post_tag","embeddable":true,"href":"https:\/\/www.agriatv.hu\/index.php?rest_route=%2Fwp%2Fv2%2Ftags&post=13990"}],"curies":[{"name":"wp","href":"https:\/\/api.w.org\/{rel}","templated":true}]}}