{"id":13992,"date":"2015-04-03T10:54:14","date_gmt":"2015-04-03T10:54:14","guid":{"rendered":"http:\/\/www.agriatv.hu\/?p=13992"},"modified":"2015-04-03T13:53:51","modified_gmt":"2015-04-03T13:53:51","slug":"megolte-a-lany-beismerte-tettet-a-gyanusitott","status":"publish","type":"post","link":"https:\/\/www.agriatv.hu\/?p=13992","title":{"rendered":"Meg\u00f6lte a l\u00e1nyt: beismerte tett\u00e9t a gyan\u00fas\u00edtott"},"content":{"rendered":"<div class=\"field field-name-field-lead field-type-text-long field-label-hidden\">\n<div class=\"field-items\">\n<div class=\"field-item even\" style=\"text-align: justify;\"><strong><a href=\"https:\/\/www.agriatv.hu\/wp-content\/uploads\/2015\/02\/leadgolya.jpg\"><img loading=\"lazy\" decoding=\"async\" class=\"alignleft  wp-image-13775\" src=\"https:\/\/www.agriatv.hu\/wp-content\/uploads\/2015\/02\/leadgolya-300x199.jpg\" alt=\"leadgolya\" width=\"112\" height=\"74\" srcset=\"https:\/\/www.agriatv.hu\/wp-content\/uploads\/2015\/02\/leadgolya-300x199.jpg 300w, https:\/\/www.agriatv.hu\/wp-content\/uploads\/2015\/02\/leadgolya.jpg 592w\" sizes=\"auto, (max-width: 112px) 100vw, 112px\" \/><\/a>\u0150rizetbe vett\u00e9k az iv\u00e1di ember\u00f6l\u00e9s gyan\u00fas\u00edtottj\u00e1t.<\/strong><\/div>\n<\/div>\n<\/div>\n<div class=\"field field-name-field-szovegtorzs field-type-text-long field-label-hidden\">\n<div class=\"field-items\">\n<div class=\"field-item even\">\n<p style=\"text-align: justify;\">Mint az m\u00e1r ismert, a Heves Megyei Rend\u0151r-f\u0151kapit\u00e1nys\u00e1g B\u0171n\u00fcgyi Oszt\u00e1lya ember\u00f6l\u00e9s b\u0171ntett elk\u00f6vet\u00e9s\u00e9nek gyan\u00faja miatt ind\u00edtott elj\u00e1r\u00e1st ismeretlen tettes ellen, mert\u00a0egy 18 \u00e9ves l\u00e1ny holttest\u00e9t tal\u00e1lt\u00e1k\u00a0meg Iv\u00e1d k\u00fclter\u00fclet\u00e9n 2015. m\u00e1rcius 6-\u00e1n 8 \u00f3ra 30 perckor, akinek hal\u00e1l\u00e1t idegenkez\u0171s\u00e9g okozta.<\/p>\n<p style=\"text-align: justify;\">A Heves Megyei Rend\u0151r-f\u0151kapit\u00e1nys\u00e1g \u00e9s a N\u00f3gr\u00e1d Megyei Rend\u0151r-f\u0151kapit\u00e1nys\u00e1g nyomoz\u00f3csoportot \u00e1ll\u00edtott fel a s\u00falyos b\u0171ncselekm\u00e9ny elk\u00f6vet\u0151j\u00e9nek azonos\u00edt\u00e1sa \u00e9rdek\u00e9ben.<\/p>\n<p style=\"text-align: justify;\">A nyomoz\u00e1sban beszerzett inform\u00e1ci\u00f3knak, a r\u00f6gz\u00edtett helysz\u00edni nyomoknak, \u00e9s az elj\u00e1r\u00e1sba bevont szak\u00e9rt\u0151knek k\u00f6sz\u00f6nhet\u0151en a rend\u0151r\u00f6k azonos\u00edtott\u00e1k a b\u0171ncselekm\u00e9nnyel gyan\u00fas\u00edthat\u00f3 f\u00e9rfit.<\/p>\n<p style=\"text-align: justify;\">K. Zsolt 38 \u00e9ves salg\u00f3tarj\u00e1ni lakost a nyomoz\u00f3k a K\u00e9szenl\u00e9ti Rend\u0151rs\u00e9g speci\u00e1lis egys\u00e9geinek seg\u00edts\u00e9g\u00e9vel 2015. \u00e1prilis 2-\u00e1n 10 \u00f3ra el\u0151tt n\u00e9h\u00e1ny perccel elfogt\u00e1k Nagyb\u00e1tony k\u00f6zel\u00e9ben, amint szem\u00e9lyaut\u00f3j\u00e1val k\u00f6zlekedett.<\/p>\n<p style=\"text-align: justify;\">A gyan\u00fa szerint a f\u00e9rfi ugyanezen g\u00e9pj\u00e1rm\u0171vet haszn\u00e1lta a b\u0171ncselekm\u00e9ny elk\u00f6vet\u00e9sekor is, \u00edgy azt a rend\u0151rs\u00e9g lefoglalta \u00e9s a B\u0171n\u00fcgyi Szak\u00e9rt\u0151i \u00e9s Kutat\u00f3int\u00e9zetbe sz\u00e1ll\u00edtotta vizsg\u00e1latra.<\/p>\n<p style=\"text-align: justify;\">A f\u00e9rfi kihallgat\u00e1sakor r\u00e9szletes, beismer\u0151 vallom\u00e1st tett.<\/p>\n<p style=\"text-align: justify;\">A Heves Megyei Rend\u0151r-f\u0151kapit\u00e1nys\u00e1g a gyan\u00fas\u00edtott b\u0171n\u00fcgyi \u0151rizet\u00e9t elrendelte, tov\u00e1bb\u00e1 kezdem\u00e9nyezte el\u0151zetes letart\u00f3ztat\u00e1s\u00e1t.<strong><div class=\"wordtube\">\n<div class=\"wordtube single1445\" id=\"WT1_1\" style=\"width:320px; height:240px;\">\n<a href=\"http:\/\/www.macromedia.com\/go\/getflashplayer\">Get the Flash Player<\/a> to see the wordTube Media Player.\n<\/div><\/div>\n\t<script type=\"text\/javascript\" defer=\"defer\">\nvar WT1_1 = {\n\tparams : {\n\t\twmode : \"opaque\",\n\t\tallowscriptaccess : \"always\",\n\t\tallownetworking : \"all\",\n\t\tallowfullscreen : \"true\"},\n\tflashvars : {\n\t\tfile : \"http%3A%2F%2Fwww.agriatv.hu%2Fwp-content%2Fuploads%2F2015%2F04%2F0403ivad_gyilok_sajtaj.flv\",\n\t\tvolume : \"80\",\n\t\tbufferlength : \"5\",\n\t\tquality : \"false\",\n\t\t'logo.hide' : \"false\",\n\t\timage : \"http%3A%2F%2Fwww.agriatv.hu%2Fwp-content%2Fuploads%2F2015%2F04%2F0403ivad_gyilok_sajtaj.Still001.jpg\",\n\t\ttitle : \"0403ivad_gyilok_sajtaj.flv\",\n\t\tlinktarget : \"_self\"},\n\tattr : {\n\t\tid : \"WT1\",\n\t\tname : \"WT1\"},\n\tstart : function() {\n\t\tswfobject.embedSWF(\"https:\/\/www.agriatv.hu\/\/player.swf\", \"WT1_1\", \"320\", \"240\", \"9.0.0\", false, this.flashvars, this.params , this.attr );\n\t}\n}\nWT1_1.start();\n\t<\/script>\n<\/strong><\/p>\n<\/div>\n<\/div>\n<\/div>\n","protected":false},"excerpt":{"rendered":"<p>\u0150rizetbe vett\u00e9k az iv\u00e1di ember\u00f6l\u00e9s gyan\u00fas\u00edtottj\u00e1t.<\/p>\n<p>Mint az m\u00e1r ismert, a Heves Megyei Rend\u0151r-f\u0151kapit\u00e1nys\u00e1g B\u0171n\u00fcgyi Oszt\u00e1lya ember\u00f6l\u00e9s b\u0171ntett elk\u00f6vet\u00e9s\u00e9nek gyan\u00faja miatt ind\u00edtott elj\u00e1r\u00e1st ismeretlen tettes ellen, mert\u00a0egy 18 \u00e9ves l\u00e1ny holttest\u00e9t tal\u00e1lt\u00e1k\u00a0meg Iv\u00e1d k\u00fclter\u00fclet\u00e9n 2015. m\u00e1rcius 6-\u00e1n 8 \u00f3ra 30 perckor, akinek hal\u00e1l\u00e1t idegenkez\u0171s\u00e9g okozta.<br \/>\nA Heves Megyei Rend\u0151r-f\u0151kapit\u00e1nys\u00e1g \u00e9s a N\u00f3gr\u00e1d Megyei Rend\u0151r-f\u0151kapit\u00e1nys\u00e1g nyomoz\u00f3csoportot \u00e1ll\u00edtott fel [&#8230;]<\/p>\n","protected":false},"author":4,"featured_media":0,"comment_status":"closed","ping_status":"closed","sticky":false,"template":"","format":"standard","meta":{"footnotes":""},"categories":[5],"tags":[1137,1079,1477,122],"class_list":["post-13992","post","type-post","status-publish","format-standard","hentry","category-kek-hirek","tag-elfogas","tag-gyilkossag","tag-ivad","tag-rendorseg"],"_links":{"self":[{"href":"https:\/\/www.agriatv.hu\/index.php?rest_route=\/wp\/v2\/posts\/13992","targetHints":{"allow":["GET"]}}],"collection":[{"href":"https:\/\/www.agriatv.hu\/index.php?rest_route=\/wp\/v2\/posts"}],"about":[{"href":"https:\/\/www.agriatv.hu\/index.php?rest_route=\/wp\/v2\/types\/post"}],"author":[{"embeddable":true,"href":"https:\/\/www.agriatv.hu\/index.php?rest_route=\/wp\/v2\/users\/4"}],"replies":[{"embeddable":true,"href":"https:\/\/www.agriatv.hu\/index.php?rest_route=%2Fwp%2Fv2%2Fcomments&post=13992"}],"version-history":[{"count":2,"href":"https:\/\/www.agriatv.hu\/index.php?rest_route=\/wp\/v2\/posts\/13992\/revisions"}],"predecessor-version":[{"id":13994,"href":"https:\/\/www.agriatv.hu\/index.php?rest_route=\/wp\/v2\/posts\/13992\/revisions\/13994"}],"wp:attachment":[{"href":"https:\/\/www.agriatv.hu\/index.php?rest_route=%2Fwp%2Fv2%2Fmedia&parent=13992"}],"wp:term":[{"taxonomy":"category","embeddable":true,"href":"https:\/\/www.agriatv.hu\/index.php?rest_route=%2Fwp%2Fv2%2Fcategories&post=13992"},{"taxonomy":"post_tag","embeddable":true,"href":"https:\/\/www.agriatv.hu\/index.php?rest_route=%2Fwp%2Fv2%2Ftags&post=13992"}],"curies":[{"name":"wp","href":"https:\/\/api.w.org\/{rel}","templated":true}]}}