{"id":13998,"date":"2015-04-06T13:04:20","date_gmt":"2015-04-06T13:04:20","guid":{"rendered":"http:\/\/www.agriatv.hu\/?p=13998"},"modified":"2015-04-06T13:05:26","modified_gmt":"2015-04-06T13:05:26","slug":"leszurta-ferjet","status":"publish","type":"post","link":"https:\/\/www.agriatv.hu\/?p=13998","title":{"rendered":"Lesz\u00farta f\u00e9rj\u00e9t"},"content":{"rendered":"<div class=\"field field-name-field-lead field-type-text-long field-label-hidden\">\n<div class=\"field-items\">\n<div class=\"field-item even\" style=\"text-align: justify;\"><strong><a href=\"https:\/\/www.agriatv.hu\/wp-content\/uploads\/2015\/04\/0406gyilok_eger_v.jpg\"><img loading=\"lazy\" decoding=\"async\" class=\"alignleft  wp-image-14000\" src=\"https:\/\/www.agriatv.hu\/wp-content\/uploads\/2015\/04\/0406gyilok_eger_v-300x240.jpg\" alt=\"0406gyilok_eger_v\" width=\"174\" height=\"139\" srcset=\"https:\/\/www.agriatv.hu\/wp-content\/uploads\/2015\/04\/0406gyilok_eger_v-300x240.jpg 300w, https:\/\/www.agriatv.hu\/wp-content\/uploads\/2015\/04\/0406gyilok_eger_v-100x80.jpg 100w, https:\/\/www.agriatv.hu\/wp-content\/uploads\/2015\/04\/0406gyilok_eger_v.jpg 720w\" sizes=\"auto, (max-width: 174px) 100vw, 174px\" \/><\/a>Ember\u00f6l\u00e9s b\u0171ntett gyan\u00faja miatt indult elj\u00e1r\u00e1s az egri n\u0151 ellen.<\/strong><\/div>\n<\/div>\n<\/div>\n<div class=\"field field-name-field-szovegtorzs field-type-text-long field-label-hidden\">\n<div class=\"field-items\">\n<div class=\"field-item even\">\n<p style=\"text-align: justify;\">A Heves Megyei Rend\u0151r-f\u0151kapit\u00e1nys\u00e1g B\u0171n\u00fcgyi Oszt\u00e1lya ember\u00f6l\u00e9s b\u0171ntett elk\u00f6vet\u00e9s\u00e9nek megalapozott gyan\u00faja miatt ind\u00edtott elj\u00e1r\u00e1st egy 55 \u00e9ves egri n\u0151 ellen.<\/p>\n<p style=\"text-align: justify;\">A n\u0151 sz\u00farta le k\u00e9ssel n\u00e1la p\u00e1r \u00e9vvel fiatalabb f\u00e9rj\u00e9t h\u00e9tf\u0151n Egerben a Koszor\u00fa utc\u00e1ban egy csal\u00e1di h\u00e1zban. A f\u00e9rfi a helysz\u00ednen \u00e9let\u00e9t vesztette.<\/p>\n<p style=\"text-align: justify;\">Az eddig rendelkez\u00e9sre \u00e1ll\u00f3 adatok alapj\u00e1n 2015. \u00e1prilis 6-\u00e1n 10 \u00f3ra 45 perc k\u00f6r\u00fcli id\u0151ben egri lak\u00e1sukban a n\u0151 k\u00e9ssel a kez\u00e9ben &#8211; eddig ismeretlen okb\u00f3l &#8211; megsz\u00farta 50 \u00e9ves f\u00e9rj\u00e9t, aki ennek k\u00f6vetkezt\u00e9ben a helysz\u00ednen \u00e9let\u00e9t vesztette.<\/p>\n<p style=\"text-align: justify;\">A rend\u0151r\u00f6k a b\u0171ncselekm\u00e9ny elk\u00f6vet\u00e9s\u00e9vel gyan\u00fas\u00edthat\u00f3 n\u0151t el\u0151\u00e1ll\u00edtott\u00e1k a Heves megyei Rend\u0151r-f\u0151kapit\u00e1nys\u00e1gra. Az \u00fcgyben a tov\u00e1bbi elj\u00e1r\u00e1st a Heves Megyei Rend\u0151r-f\u0151kapit\u00e1nys\u00e1g B\u0171n\u00fcgyi Oszt\u00e1lya folytatja le.<\/p>\n<p style=\"text-align: justify;\">A k\u00f6rny\u00e9ken \u00e9l\u0151k azt mondt\u00e1k, az asszony v\u00e9lhet\u0151en ittas lehetett, \u00f6sszevitatkoztak \u00e9s ezut\u00e1n t\u00f6rt\u00e9nt meg a trag\u00e9dia. Hozz\u00e1tett\u00e9k: m\u00e1r kor\u00e1bban is hallott\u00e1k veszekedni a p\u00e1rt. \u00dagy tudj\u00e1k, a m\u00falt h\u00e9ten is volt kint n\u00e1luk a rend\u0151rs\u00e9g. Egy, a k\u00f6zelben lak\u00f3 h\u00f6lgy elmondta, nem ismerte \u0151ket, csak az elhunyt\u00a0f\u00e9rfi \u00e9desanyj\u00e1t. \u00dagy tudja, m\u00e9g nem l\u00e1thatta a fi\u00e1t, azt sem tudja, hogy \u00e9s hol\u00a0sz\u00farta meg, csak annyit mondott neki is, hogy \u00e1tment hozz\u00e1 az asszony\u00a0\u00e9s elmondta neki, hogy lesz\u00farta a fi\u00e1t.<strong><div class=\"wordtube\">\n<div class=\"wordtube single1446\" id=\"WT1_1\" style=\"width:320px; height:240px;\">\n<a href=\"http:\/\/www.macromedia.com\/go\/getflashplayer\">Get the Flash Player<\/a> to see the wordTube Media Player.\n<\/div><\/div>\n\t<script type=\"text\/javascript\" defer=\"defer\">\nvar WT1_1 = {\n\tparams : {\n\t\twmode : \"opaque\",\n\t\tallowscriptaccess : \"always\",\n\t\tallownetworking : \"all\",\n\t\tallowfullscreen : \"true\"},\n\tflashvars : {\n\t\tfile : \"http%3A%2F%2Fwww.agriatv.hu%2Fwp-content%2Fuploads%2F2015%2F04%2F0406gyilok_eger.flv\",\n\t\tvolume : \"80\",\n\t\tbufferlength : \"5\",\n\t\tquality : \"false\",\n\t\t'logo.hide' : \"false\",\n\t\timage : \"http%3A%2F%2Fwww.agriatv.hu%2Fwp-content%2Fuploads%2F2015%2F04%2F0406gyilok_eger.Still002.jpg\",\n\t\ttitle : \"0406gyilok_eger.flv\",\n\t\tlinktarget : \"_self\"},\n\tattr : {\n\t\tid : \"WT1\",\n\t\tname : \"WT1\"},\n\tstart : function() {\n\t\tswfobject.embedSWF(\"https:\/\/www.agriatv.hu\/\/player.swf\", \"WT1_1\", \"320\", \"240\", \"9.0.0\", false, this.flashvars, this.params , this.attr );\n\t}\n}\nWT1_1.start();\n\t<\/script>\n<\/strong><\/p>\n<\/div>\n<\/div>\n<\/div>\n","protected":false},"excerpt":{"rendered":"<p>Ember\u00f6l\u00e9s b\u0171ntett gyan\u00faja miatt indult elj\u00e1r\u00e1s az egri n\u0151 ellen.<\/p>\n<p>A Heves Megyei Rend\u0151r-f\u0151kapit\u00e1nys\u00e1g B\u0171n\u00fcgyi Oszt\u00e1lya ember\u00f6l\u00e9s b\u0171ntett elk\u00f6vet\u00e9s\u00e9nek megalapozott gyan\u00faja miatt ind\u00edtott elj\u00e1r\u00e1st egy 55 \u00e9ves egri n\u0151 ellen.<br \/>\nA n\u0151 sz\u00farta le k\u00e9ssel n\u00e1la p\u00e1r \u00e9vvel fiatalabb f\u00e9rj\u00e9t h\u00e9tf\u0151n Egerben a Koszor\u00fa utc\u00e1ban egy csal\u00e1di h\u00e1zban. A f\u00e9rfi a helysz\u00ednen \u00e9let\u00e9t vesztette.<br \/>\nAz eddig rendelkez\u00e9sre \u00e1ll\u00f3 [&#8230;]<\/p>\n","protected":false},"author":4,"featured_media":0,"comment_status":"closed","ping_status":"closed","sticky":false,"template":"","format":"standard","meta":{"footnotes":""},"categories":[5],"tags":[36,2082,2199,747,122],"class_list":["post-13998","post","type-post","status-publish","format-standard","hentry","category-kek-hirek","tag-eger","tag-emberoles","tag-ferj","tag-nyomozas","tag-rendorseg"],"_links":{"self":[{"href":"https:\/\/www.agriatv.hu\/index.php?rest_route=\/wp\/v2\/posts\/13998","targetHints":{"allow":["GET"]}}],"collection":[{"href":"https:\/\/www.agriatv.hu\/index.php?rest_route=\/wp\/v2\/posts"}],"about":[{"href":"https:\/\/www.agriatv.hu\/index.php?rest_route=\/wp\/v2\/types\/post"}],"author":[{"embeddable":true,"href":"https:\/\/www.agriatv.hu\/index.php?rest_route=\/wp\/v2\/users\/4"}],"replies":[{"embeddable":true,"href":"https:\/\/www.agriatv.hu\/index.php?rest_route=%2Fwp%2Fv2%2Fcomments&post=13998"}],"version-history":[{"count":2,"href":"https:\/\/www.agriatv.hu\/index.php?rest_route=\/wp\/v2\/posts\/13998\/revisions"}],"predecessor-version":[{"id":14001,"href":"https:\/\/www.agriatv.hu\/index.php?rest_route=\/wp\/v2\/posts\/13998\/revisions\/14001"}],"wp:attachment":[{"href":"https:\/\/www.agriatv.hu\/index.php?rest_route=%2Fwp%2Fv2%2Fmedia&parent=13998"}],"wp:term":[{"taxonomy":"category","embeddable":true,"href":"https:\/\/www.agriatv.hu\/index.php?rest_route=%2Fwp%2Fv2%2Fcategories&post=13998"},{"taxonomy":"post_tag","embeddable":true,"href":"https:\/\/www.agriatv.hu\/index.php?rest_route=%2Fwp%2Fv2%2Ftags&post=13998"}],"curies":[{"name":"wp","href":"https:\/\/api.w.org\/{rel}","templated":true}]}}