{"id":14145,"date":"2015-05-14T15:13:34","date_gmt":"2015-05-14T15:13:34","guid":{"rendered":"http:\/\/www.agriatv.hu\/?p=14145"},"modified":"2015-05-14T15:13:56","modified_gmt":"2015-05-14T15:13:56","slug":"befogado-allomas-nem-tortent-meg-a-bontas","status":"publish","type":"post","link":"https:\/\/www.agriatv.hu\/?p=14145","title":{"rendered":"Befogad\u00f3 \u00e1llom\u00e1s: nem t\u00f6rt\u00e9nt meg a bont\u00e1s"},"content":{"rendered":"<p style=\"text-align: justify;\"><strong><a href=\"https:\/\/www.agriatv.hu\/wp-content\/uploads\/2015\/05\/0514menhely_Eger_v.jpg\"><img loading=\"lazy\" decoding=\"async\" class=\"alignleft  wp-image-14147\" src=\"https:\/\/www.agriatv.hu\/wp-content\/uploads\/2015\/05\/0514menhely_Eger_v-300x240.jpg\" alt=\"0514menhely_Eger_v\" width=\"134\" height=\"107\" srcset=\"https:\/\/www.agriatv.hu\/wp-content\/uploads\/2015\/05\/0514menhely_Eger_v-300x240.jpg 300w, https:\/\/www.agriatv.hu\/wp-content\/uploads\/2015\/05\/0514menhely_Eger_v-100x80.jpg 100w, https:\/\/www.agriatv.hu\/wp-content\/uploads\/2015\/05\/0514menhely_Eger_v.jpg 720w\" sizes=\"auto, (max-width: 134px) 100vw, 134px\" \/><\/a>Ma kora reggel az egri \u00f6nkorm\u00e1nyzat szakemberei jelentek meg a Vid\u00e1m Mancsok v\u00e1ros sz\u00e9li befogad\u00f3 \u00e1llom\u00e1s\u00e1n\u00e1l.<\/strong><\/p>\n<p style=\"text-align: justify;\">Szerint\u00fck a joger\u0151s bont\u00e1si hat\u00e1rozatnak nem tettek eleget, ez\u00e9rt munk\u00e1sokkal \u00e9rkeztek, hogy lebonts\u00e1k a kenneleket.<\/p>\n<p style=\"text-align: justify;\">Az \u00e1llatv\u00e9d\u0151k a bont\u00e1s miatti bel\u00e9p\u00e9s\u00fcket nem enged\u00e9lyezt\u00e9k, de egy\u00fcttm\u0171k\u00f6d\u00e9s\u00fck jelek\u00e9nt a kuty\u00e1k chipj\u00e9nek ellen\u0151rz\u00e9s\u00e9t igen.<\/p>\n<p style=\"text-align: justify;\">Kov\u00e1cs Luca jegyz\u0151 elmondta: a hat\u00e1rozatot nem \u0151k hozt\u00e1k, de a v\u00e9grehajt\u00e1st nekik kell ellen\u0151rizni.<\/p>\n<p style=\"text-align: justify;\"><em>Az \u00f6nkorm\u00e1nyzat a k\u00f6vetkez\u0151 \u00e1ll\u00e1sfoglal\u00e1st k\u00fcldte szerkeszt\u0151s\u00e9g\u00fcnknek:<\/em><\/p>\n<p style=\"text-align: justify;\">Az Egri J\u00e1r\u00e1si Hivatal az \u00f6nkorm\u00e1nyzatot, mint a ter\u00fclet tulajdonos\u00e1t a &#8222;30 m\u00e9ter hossz\u00fa, 4 m\u00e9ter sz\u00e9les \u00e9s 2 m\u00e9ter magas kutya kennel\u201d lebont\u00e1s\u00e1ra k\u00f6telezte, miut\u00e1n a szerkezeti terv szerint \u201ca ter\u00fcleten lak\u00f3\u00e9p\u00fclet \u00e9s \u00e1llattart\u00e1st szolg\u00e1l\u00f3 \u00e9p\u00edtm\u00e9ny nem l\u00e9tes\u00edthet\u0151\u201d. A v\u00e1ros \u00fagy adta haszonb\u00e9rletbe a ter\u00fcletet, hogy azon fel\u00e9p\u00edtm\u00e9ny nem volt, az \u00e9p\u00edt\u00e9shat\u00f3s\u00e1g azonban az\u00e9rt az \u00f6nkorm\u00e1nyzatot k\u00f6telezi a bont\u00e1sra, mert a kennelek \u00e9p\u00edt\u0151j\u00e9nek a szem\u00e9ly\u00e9t nem tudta meghat\u00e1rozni. A haszonb\u00e9rl\u0151 azt \u00e1ll\u00edtja, hogy a bont\u00e1st \u00f6nk\u00e9nt elv\u00e9gezte, ezzel szemben t\u00e9ny, hogy a kennelek a mai napig \u00e1llnak, a tetej\u00fcket t\u00e1vol\u00edtott\u00e1k el.<\/p>\n<p style=\"text-align: justify;\">A hat\u00e1rozat nem a kuty\u00e1k elhelyez\u00e9s\u00e9r\u0151l sz\u00f3l, de az \u00f6nkorm\u00e1nyzat erre is kereste azt a megold\u00e1st, amely megfelel\u0151 az ebek sz\u00e1m\u00e1ra \u00e9s a k\u00f6rnyez\u0151 lak\u00f3k\u00f6z\u00f6ss\u00e9g \u00e9let\u00e9t sem zavarja. Ehhez \u00e9s a hat\u00e1rozat v\u00e9grehajt\u00e1s\u00e1hoz sz\u00fcks\u00e9ges lett volna a ter\u00fcleten tartott mintegy 40 \u00e1llat ideiglenes elhelyez\u00e9se mag\u00e1nszem\u00e9lyekn\u00e9l \u00e9s m\u00e1s \u00e1llatv\u00e9d\u0151 szervezetekn\u00e9l, azonban ehhez a haszonb\u00e9rl\u0151 nem j\u00e1rult hozz\u00e1. A bont\u00e1st a haszonb\u00e9rl\u0151 nem tette lehet\u0151v\u00e9, a kuty\u00e1k m\u00e1shol t\u00f6rt\u00e9n\u0151 elhelyez\u00e9s\u00e9t is megtagadta, viszont megengedte, hogy ellen\u0151rizz\u00fck: az ebeket ell\u00e1tt\u00e1k-e transzponderrel (chippel). A szab\u00e1lytalan helyzetet a b\u00e9rl\u0151 egy\u00fcttm\u0171k\u00f6d\u00e9se n\u00e9lk\u00fcl a mai napon nem tudtuk feloldani, err\u0151l \u00e9rtes\u00edtett\u00fck a bont\u00e1st elrendel\u0151 hat\u00f3s\u00e1got a tov\u00e1bbi l\u00e9p\u00e9sek megt\u00e9tele \u00e9rdek\u00e9ben.<\/p>\n<p style=\"text-align: justify;\">Eger \u00d6nkorm\u00e1nyzata az elm\u00falt h\u00f3napokban folyamatosan a megold\u00e1sra t\u00f6rekedett, egy\u00fcttm\u0171k\u00f6d\u00e9si sz\u00e1nd\u00e9kunkat bizony\u00edtja az is, hogy egy m\u00e1sik \u00f6nkorm\u00e1nyzati ingatlant aj\u00e1nlottunk fel a kuty\u00e1k elhelyez\u00e9s\u00e9re, ezt azonban a haszonb\u00e9rl\u0151 nem fogadta el, m\u00edg ugyanez az ingatlan m\u00e1s \u00e1llatv\u00e9d\u0151 szervezet sz\u00e1m\u00e1ra megfelel\u0151 volt.<strong><div class=\"wordtube\">\n<div class=\"wordtube single1461\" id=\"WT1_1\" style=\"width:320px; height:240px;\">\n<a href=\"http:\/\/www.macromedia.com\/go\/getflashplayer\">Get the Flash Player<\/a> to see the wordTube Media Player.\n<\/div><\/div>\n\t<script type=\"text\/javascript\" defer=\"defer\">\nvar WT1_1 = {\n\tparams : {\n\t\twmode : \"opaque\",\n\t\tallowscriptaccess : \"always\",\n\t\tallownetworking : \"all\",\n\t\tallowfullscreen : \"true\"},\n\tflashvars : {\n\t\tfile : \"http%3A%2F%2Fwww.agriatv.hu%2Fwp-content%2Fuploads%2F2015%2F05%2F0514menhely_Eger.flv\",\n\t\tvolume : \"80\",\n\t\tbufferlength : \"5\",\n\t\tquality : \"false\",\n\t\t'logo.hide' : \"false\",\n\t\timage : \"http%3A%2F%2Fwww.agriatv.hu%2Fwp-content%2Fuploads%2F2015%2F05%2F0514menhely_Eger.Still001.jpg\",\n\t\ttitle : \"0514menhely_Eger.flv\",\n\t\tlinktarget : \"_self\"},\n\tattr : {\n\t\tid : \"WT1\",\n\t\tname : \"WT1\"},\n\tstart : function() {\n\t\tswfobject.embedSWF(\"https:\/\/www.agriatv.hu\/\/player.swf\", \"WT1_1\", \"320\", \"240\", \"9.0.0\", false, this.flashvars, this.params , this.attr );\n\t}\n}\nWT1_1.start();\n\t<\/script>\n<\/strong><\/p>\n","protected":false},"excerpt":{"rendered":"<p>Ma kora reggel az egri \u00f6nkorm\u00e1nyzat szakemberei jelentek meg a Vid\u00e1m Mancsok v\u00e1ros sz\u00e9li befogad\u00f3 \u00e1llom\u00e1s\u00e1n\u00e1l.<br \/>\nSzerint\u00fck a joger\u0151s bont\u00e1si hat\u00e1rozatnak nem tettek eleget, ez\u00e9rt munk\u00e1sokkal \u00e9rkeztek, hogy lebonts\u00e1k a kenneleket.<br \/>\nAz \u00e1llatv\u00e9d\u0151k a bont\u00e1s miatti bel\u00e9p\u00e9s\u00fcket nem enged\u00e9lyezt\u00e9k, de egy\u00fcttm\u0171k\u00f6d\u00e9s\u00fck jelek\u00e9nt a kuty\u00e1k chipj\u00e9nek ellen\u0151rz\u00e9s\u00e9t igen.<br \/>\nKov\u00e1cs Luca jegyz\u0151 elmondta: a hat\u00e1rozatot nem \u0151k hozt\u00e1k, de a [&#8230;]<\/p>\n","protected":false},"author":4,"featured_media":0,"comment_status":"closed","ping_status":"closed","sticky":false,"template":"","format":"standard","meta":{"footnotes":""},"categories":[6,4],"tags":[1321,832,1898],"class_list":["post-14145","post","type-post","status-publish","format-standard","hentry","category-belfold","category-szabadido","tag-hatosag","tag-kutya","tag-menhely"],"_links":{"self":[{"href":"https:\/\/www.agriatv.hu\/index.php?rest_route=\/wp\/v2\/posts\/14145","targetHints":{"allow":["GET"]}}],"collection":[{"href":"https:\/\/www.agriatv.hu\/index.php?rest_route=\/wp\/v2\/posts"}],"about":[{"href":"https:\/\/www.agriatv.hu\/index.php?rest_route=\/wp\/v2\/types\/post"}],"author":[{"embeddable":true,"href":"https:\/\/www.agriatv.hu\/index.php?rest_route=\/wp\/v2\/users\/4"}],"replies":[{"embeddable":true,"href":"https:\/\/www.agriatv.hu\/index.php?rest_route=%2Fwp%2Fv2%2Fcomments&post=14145"}],"version-history":[{"count":2,"href":"https:\/\/www.agriatv.hu\/index.php?rest_route=\/wp\/v2\/posts\/14145\/revisions"}],"predecessor-version":[{"id":14148,"href":"https:\/\/www.agriatv.hu\/index.php?rest_route=\/wp\/v2\/posts\/14145\/revisions\/14148"}],"wp:attachment":[{"href":"https:\/\/www.agriatv.hu\/index.php?rest_route=%2Fwp%2Fv2%2Fmedia&parent=14145"}],"wp:term":[{"taxonomy":"category","embeddable":true,"href":"https:\/\/www.agriatv.hu\/index.php?rest_route=%2Fwp%2Fv2%2Fcategories&post=14145"},{"taxonomy":"post_tag","embeddable":true,"href":"https:\/\/www.agriatv.hu\/index.php?rest_route=%2Fwp%2Fv2%2Ftags&post=14145"}],"curies":[{"name":"wp","href":"https:\/\/api.w.org\/{rel}","templated":true}]}}