{"id":14155,"date":"2015-05-15T16:22:18","date_gmt":"2015-05-15T16:22:18","guid":{"rendered":"http:\/\/www.agriatv.hu\/?p=14155"},"modified":"2015-05-15T16:22:18","modified_gmt":"2015-05-15T16:22:18","slug":"kuriozum-egerben-megnyilt-hazank-elso-beatles-muzeuma","status":"publish","type":"post","link":"https:\/\/www.agriatv.hu\/?p=14155","title":{"rendered":"Kuri\u00f3zum Egerben: megny\u00edlt haz\u00e1nk els\u0151 Beatles M\u00fazeuma"},"content":{"rendered":"<div class=\"cikklead\" style=\"text-align: justify;\"><strong><img loading=\"lazy\" decoding=\"async\" id=\"basePicture\" class=\" alignleft\" src=\"http:\/\/www.heol.hu\/lapokkepek\/kepgaleria\/2760000\/2760861_dsc_1494.jpg\" alt=\"\" width=\"166\" height=\"110\" \/>A m\u00fazeumot Br\u00f3dy J\u00e1nos, Kossuth-d\u00edjas zen\u00e9sz nyitotta meg p\u00e9nteken Egerben az Egri Road-on.<\/strong><\/div>\n<div class=\"cikkleft cikktext\">\n<p style=\"text-align: justify;\">Koncertfelv\u00e9telek, dalok, korabeli sajt\u00f3term\u00e9kek, filmr\u00e9szletek, ruhadarabok, makettek, k\u00f6nyvek, ritka kiad\u00e1sok, limit\u00e1lt hangszerek, poszterek, j\u00e1t\u00e9kok \u00e9s \u00e9lm\u00e9nyfot\u00f3z\u00e1s var\u00e1zsolja vissza a l\u00e1togat\u00f3t p\u00e9ntek \u00f3ta Egerben a hatvanas \u00e9vekbe, a gombafej\u0171ek zenekar\u00e1nak legend\u00e1s korszak\u00e1ba. A Korona Hotelben, az Egri Road-on\u00a0ny\u00edlt meg ugyanis haz\u00e1nk els\u0151, \u00e9s a vil\u00e1g negyedik Beatles M\u00fazeuma, amely Moln\u00e1r G\u00e1bor \u00e9s Peterdi G\u00e1bor mag\u00e1ngy\u0171jtem\u00e9ny\u00e9be enged betekint\u00e9st \u00e9s invit\u00e1l id\u0151utaz\u00e1sra. A megnyit\u00f3n r\u00e9szt vett Br\u00f3dy J\u00e1nos, Kossuth-d\u00edjas zen\u00e9sz is.<\/p>\n<div id=\"content\">\n<div id=\"main\" style=\"text-align: justify;\">\u2013 A Beatles egy\u00fcttes jelent\u0151s\u00e9g\u00e9t nem lehet t\u00fal\u00e9rt\u00e9kelni. Megalakul\u00e1suk a XX. sz\u00e1zad egyik legjelent\u0151sebb kult\u00fart\u00f6rt\u00e9neti esem\u00e9nye volt. Nem fell\u00e9p\u00e9seikkel v\u00e1ltak vil\u00e1gh\u00edr\u0171v\u00e9, hanem felv\u00e9teleikkel, st\u00fadi\u00f3munk\u00e1jukkal jutottak el a cs\u00facsra \u2013 sz\u00f6gezte le az egri m\u00fazeum megnyit\u00f3j\u00e1n Br\u00f3dy J\u00e1nos.<\/div>\n<div style=\"text-align: justify;\">Mint azt a tulajdonosokt\u00f3l \u2013 Moln\u00e1r G\u00e1bor \u00e9s Peterdi G\u00e1bor mag\u00e1ngy\u0171jt\u0151kt\u0151l \u2013 megtudtuk: egy v\u00e9letlennek k\u00f6sz\u00f6nhet\u0151, hogy Egerbe ker\u00fclt a gy\u0171jtem\u00e9ny, hiszen B\u00e1nyain\u00e9 Micski Marianna egy elt\u00e9vedt e-mailnek k\u00f6sz\u00f6nhet\u0151en kereste meg \u0151ket azzal a c\u00e9llal, hogy az \u00e1ltala ir\u00e1ny\u00edtott Korona Hotelt aj\u00e1nlja fel a m\u00fazeum helysz\u00edn\u00e9\u00fcl. \u00cdgy megval\u00f3sulhatott r\u00e9g\u00f3ta d\u00e9delgetett \u00e1lmuk: a hossz\u00fa \u00e9vek alatt felhalmozott kincseket v\u00e9gre k\u00f6zszeml\u00e9re bocs\u00e1thatj\u00e1k, \u00e9s id\u0151utaz\u00e1sra invit\u00e1lj\u00e1k az \u00e9rdekl\u0151d\u0151ket a legend\u00e1s 60-as \u00e9vekbe.<\/div>\n<div style=\"text-align: justify;\">A p\u00e9nteki nap teljesen a Beatles-r\u0151l sz\u00f3lt: a m\u00fazeum megnyit\u00f3ja ut\u00e1n levet\u00edtett\u00e9k az Egy neh\u00e9z nap \u00e9jszak\u00e1ja c\u00edm\u0171 filmet, este pedig\u00a0a Beatles eml\u00e9kzenekar, a The Black Birds koncertezik a Dob\u00f3 t\u00e9ren.<\/div>\n<div style=\"text-align: justify;\">Forr\u00e1s: <a href=\"heol.hu\">HEOL<\/a><\/div>\n<div style=\"text-align: justify;\">Fot\u00f3: Kors\u00f3s Viktor<\/div>\n<\/div>\n<\/div>\n","protected":false},"excerpt":{"rendered":"<p>A m\u00fazeumot Br\u00f3dy J\u00e1nos, Kossuth-d\u00edjas zen\u00e9sz nyitotta meg p\u00e9nteken Egerben az Egri Road-on.<\/p>\n<p>Koncertfelv\u00e9telek, dalok, korabeli sajt\u00f3term\u00e9kek, filmr\u00e9szletek, ruhadarabok, makettek, k\u00f6nyvek, ritka kiad\u00e1sok, limit\u00e1lt hangszerek, poszterek, j\u00e1t\u00e9kok \u00e9s \u00e9lm\u00e9nyfot\u00f3z\u00e1s var\u00e1zsolja vissza a l\u00e1togat\u00f3t p\u00e9ntek \u00f3ta Egerben a hatvanas \u00e9vekbe, a gombafej\u0171ek zenekar\u00e1nak legend\u00e1s korszak\u00e1ba. A Korona Hotelben, az Egri Road-on\u00a0ny\u00edlt meg ugyanis haz\u00e1nk els\u0151, \u00e9s a [&#8230;]<\/p>\n","protected":false},"author":4,"featured_media":0,"comment_status":"closed","ping_status":"closed","sticky":false,"template":"","format":"standard","meta":{"footnotes":""},"categories":[6,8,4],"tags":[2220,36,91],"class_list":["post-14155","post","type-post","status-publish","format-standard","hentry","category-belfold","category-kultura","category-szabadido","tag-beatles","tag-eger","tag-kiallitas"],"_links":{"self":[{"href":"https:\/\/www.agriatv.hu\/index.php?rest_route=\/wp\/v2\/posts\/14155","targetHints":{"allow":["GET"]}}],"collection":[{"href":"https:\/\/www.agriatv.hu\/index.php?rest_route=\/wp\/v2\/posts"}],"about":[{"href":"https:\/\/www.agriatv.hu\/index.php?rest_route=\/wp\/v2\/types\/post"}],"author":[{"embeddable":true,"href":"https:\/\/www.agriatv.hu\/index.php?rest_route=\/wp\/v2\/users\/4"}],"replies":[{"embeddable":true,"href":"https:\/\/www.agriatv.hu\/index.php?rest_route=%2Fwp%2Fv2%2Fcomments&post=14155"}],"version-history":[{"count":1,"href":"https:\/\/www.agriatv.hu\/index.php?rest_route=\/wp\/v2\/posts\/14155\/revisions"}],"predecessor-version":[{"id":14156,"href":"https:\/\/www.agriatv.hu\/index.php?rest_route=\/wp\/v2\/posts\/14155\/revisions\/14156"}],"wp:attachment":[{"href":"https:\/\/www.agriatv.hu\/index.php?rest_route=%2Fwp%2Fv2%2Fmedia&parent=14155"}],"wp:term":[{"taxonomy":"category","embeddable":true,"href":"https:\/\/www.agriatv.hu\/index.php?rest_route=%2Fwp%2Fv2%2Fcategories&post=14155"},{"taxonomy":"post_tag","embeddable":true,"href":"https:\/\/www.agriatv.hu\/index.php?rest_route=%2Fwp%2Fv2%2Ftags&post=14155"}],"curies":[{"name":"wp","href":"https:\/\/api.w.org\/{rel}","templated":true}]}}