{"id":14157,"date":"2015-05-17T15:00:17","date_gmt":"2015-05-17T15:00:17","guid":{"rendered":"http:\/\/www.agriatv.hu\/?p=14157"},"modified":"2015-05-17T15:00:48","modified_gmt":"2015-05-17T15:00:48","slug":"gurulva-segitettek-a-motorosok","status":"publish","type":"post","link":"https:\/\/www.agriatv.hu\/?p=14157","title":{"rendered":"Gurulva seg\u00edtettek a motorosok"},"content":{"rendered":"<p style=\"text-align: justify;\"><strong><a href=\"https:\/\/www.agriatv.hu\/wp-content\/uploads\/2015\/05\/0516motoros_eger_v.jpg\"><img loading=\"lazy\" decoding=\"async\" class=\"alignleft  wp-image-14158\" src=\"https:\/\/www.agriatv.hu\/wp-content\/uploads\/2015\/05\/0516motoros_eger_v-300x240.jpg\" alt=\"0516motoros_eger_v\" width=\"141\" height=\"113\" srcset=\"https:\/\/www.agriatv.hu\/wp-content\/uploads\/2015\/05\/0516motoros_eger_v-300x240.jpg 300w, https:\/\/www.agriatv.hu\/wp-content\/uploads\/2015\/05\/0516motoros_eger_v-100x80.jpg 100w, https:\/\/www.agriatv.hu\/wp-content\/uploads\/2015\/05\/0516motoros_eger_v.jpg 720w\" sizes=\"auto, (max-width: 141px) 100vw, 141px\" \/><\/a>Imm\u00e1r m\u00e1sodik alkalommal indultak j\u00f3t\u00e9konys\u00e1gi t\u00far\u00e1ra a Szabad Motorosok.<\/strong><\/p>\n<p style=\"text-align: justify;\">A t\u00fara c\u00e9lja, hogy seg\u00edts\u00e9get gy\u0171jtsenek olyan szervezeteknek, amelyekkel egy\u00e9bk\u00e9nt \u0151k is kapcsolatban \u00e1llnak, amelyek r\u00e9v\u00e9n \u0151k is biztons\u00e1gosabban \u0171zhetik hobbijukat.<\/p>\n<p style=\"text-align: justify;\">Az el\u0151z\u0151 \u00e9vben a Heves megyei ment\u0151alap\u00edtv\u00e1nyt t\u00e1mogatt\u00e1k a t\u00far\u00e1n befolyt \u00f6sszegb\u0151l. Az id\u00e9n a t\u0171zolt\u00f3 alap\u00edtv\u00e1ny kapja meg a gy\u0171jt\u00e9s eredm\u00e9ny\u00e9t.<\/p>\n<p style=\"text-align: justify;\"><div class=\"wordtube\">\n<div class=\"wordtube single1462\" id=\"WT1_1\" style=\"width:320px; height:240px;\">\n<a href=\"http:\/\/www.macromedia.com\/go\/getflashplayer\">Get the Flash Player<\/a> to see the wordTube Media Player.\n<\/div><\/div>\n\t<script type=\"text\/javascript\" defer=\"defer\">\nvar WT1_1 = {\n\tparams : {\n\t\twmode : \"opaque\",\n\t\tallowscriptaccess : \"always\",\n\t\tallownetworking : \"all\",\n\t\tallowfullscreen : \"true\"},\n\tflashvars : {\n\t\tfile : \"http%3A%2F%2Fwww.agriatv.hu%2Fwp-content%2Fuploads%2F2015%2F05%2F0516motoros_eger.flv\",\n\t\tvolume : \"80\",\n\t\tbufferlength : \"5\",\n\t\tquality : \"false\",\n\t\t'logo.hide' : \"false\",\n\t\timage : \"http%3A%2F%2Fwww.agriatv.hu%2Fwp-content%2Fuploads%2F2015%2F05%2F0516motoros_eger.jpg\",\n\t\ttitle : \"0516motoros_eger.flv\",\n\t\tlinktarget : \"_self\"},\n\tattr : {\n\t\tid : \"WT1\",\n\t\tname : \"WT1\"},\n\tstart : function() {\n\t\tswfobject.embedSWF(\"https:\/\/www.agriatv.hu\/\/player.swf\", \"WT1_1\", \"320\", \"240\", \"9.0.0\", false, this.flashvars, this.params , this.attr );\n\t}\n}\nWT1_1.start();\n\t<\/script>\n<\/p>\n","protected":false},"excerpt":{"rendered":"<p>Imm\u00e1r m\u00e1sodik alkalommal indultak j\u00f3t\u00e9konys\u00e1gi t\u00far\u00e1ra a Szabad Motorosok.<br \/>\nA t\u00fara c\u00e9lja, hogy seg\u00edts\u00e9get gy\u0171jtsenek olyan szervezeteknek, amelyekkel egy\u00e9bk\u00e9nt \u0151k is kapcsolatban \u00e1llnak, amelyek r\u00e9v\u00e9n \u0151k is biztons\u00e1gosabban \u0171zhetik hobbijukat.<br \/>\nAz el\u0151z\u0151 \u00e9vben a Heves megyei ment\u0151alap\u00edtv\u00e1nyt t\u00e1mogatt\u00e1k a t\u00far\u00e1n befolyt \u00f6sszegb\u0151l. Az id\u00e9n a t\u0171zolt\u00f3 alap\u00edtv\u00e1ny kapja meg a gy\u0171jt\u00e9s eredm\u00e9ny\u00e9t.<\/p>\n","protected":false},"author":4,"featured_media":0,"comment_status":"closed","ping_status":"closed","sticky":false,"template":"","format":"standard","meta":{"footnotes":""},"categories":[5,4],"tags":[359,39,423],"class_list":["post-14157","post","type-post","status-publish","format-standard","hentry","category-kek-hirek","category-szabadido","tag-gyujtes","tag-motoros","tag-tamogatas"],"_links":{"self":[{"href":"https:\/\/www.agriatv.hu\/index.php?rest_route=\/wp\/v2\/posts\/14157","targetHints":{"allow":["GET"]}}],"collection":[{"href":"https:\/\/www.agriatv.hu\/index.php?rest_route=\/wp\/v2\/posts"}],"about":[{"href":"https:\/\/www.agriatv.hu\/index.php?rest_route=\/wp\/v2\/types\/post"}],"author":[{"embeddable":true,"href":"https:\/\/www.agriatv.hu\/index.php?rest_route=\/wp\/v2\/users\/4"}],"replies":[{"embeddable":true,"href":"https:\/\/www.agriatv.hu\/index.php?rest_route=%2Fwp%2Fv2%2Fcomments&post=14157"}],"version-history":[{"count":2,"href":"https:\/\/www.agriatv.hu\/index.php?rest_route=\/wp\/v2\/posts\/14157\/revisions"}],"predecessor-version":[{"id":14160,"href":"https:\/\/www.agriatv.hu\/index.php?rest_route=\/wp\/v2\/posts\/14157\/revisions\/14160"}],"wp:attachment":[{"href":"https:\/\/www.agriatv.hu\/index.php?rest_route=%2Fwp%2Fv2%2Fmedia&parent=14157"}],"wp:term":[{"taxonomy":"category","embeddable":true,"href":"https:\/\/www.agriatv.hu\/index.php?rest_route=%2Fwp%2Fv2%2Fcategories&post=14157"},{"taxonomy":"post_tag","embeddable":true,"href":"https:\/\/www.agriatv.hu\/index.php?rest_route=%2Fwp%2Fv2%2Ftags&post=14157"}],"curies":[{"name":"wp","href":"https:\/\/api.w.org\/{rel}","templated":true}]}}