{"id":14340,"date":"2015-07-02T19:38:53","date_gmt":"2015-07-02T19:38:53","guid":{"rendered":"http:\/\/www.agriatv.hu\/?p=14340"},"modified":"2015-07-02T19:38:53","modified_gmt":"2015-07-02T19:38:53","slug":"egy-ember-meghalt-befejeztek-a-helyszinelest","status":"publish","type":"post","link":"https:\/\/www.agriatv.hu\/?p=14340","title":{"rendered":"Egy ember meghalt: befejezt\u00e9k a helysz\u00ednel\u00e9st"},"content":{"rendered":"<div class=\"field field-name-field-lead field-type-text-long field-label-hidden\">\n<div class=\"field-items\">\n<div class=\"field-item even\" style=\"text-align: justify;\"><strong><a href=\"https:\/\/www.agriatv.hu\/wp-content\/uploads\/2015\/02\/leadgolya.jpg\"><img loading=\"lazy\" decoding=\"async\" class=\"alignleft  wp-image-13775\" src=\"https:\/\/www.agriatv.hu\/wp-content\/uploads\/2015\/02\/leadgolya-300x199.jpg\" alt=\"leadgolya\" width=\"115\" height=\"76\" srcset=\"https:\/\/www.agriatv.hu\/wp-content\/uploads\/2015\/02\/leadgolya-300x199.jpg 300w, https:\/\/www.agriatv.hu\/wp-content\/uploads\/2015\/02\/leadgolya.jpg 592w\" sizes=\"auto, (max-width: 115px) 100vw, 115px\" \/><\/a>Befejez\u0151d\u00f6tt a helysz\u00ednel\u00e9s \u00e9s m\u0171szaki ment\u00e9s.<\/strong><\/div>\n<\/div>\n<\/div>\n<div class=\"field field-name-field-szovegtorzs field-type-text-long field-label-hidden\">\n<div class=\"field-items\">\n<div class=\"field-item even\">\n<p style=\"text-align: justify;\">A 33-as sz\u00e1m\u00fa f\u0151\u00faton, Poroszl\u00f3 k\u00f6zel\u00e9ben 2015. j\u00falius 2-\u00e1n t\u00f6rt\u00e9nt k\u00f6zleked\u00e9si balesetn\u00e9l a rend\u0151r\u00f6k 20 \u00f3ra 10 perckor befejezt\u00e9k a helysz\u00ednel\u00e9st \u00e9s a m\u0171szaki ment\u00e9s is v\u00e9get \u00e9rt.<\/p>\n<p style=\"text-align: justify;\">A jelenleg rendelkez\u00e9sre \u00e1ll\u00f3 adatok alapj\u00e1n egy Poroszl\u00f3 ir\u00e1ny\u00e1ba k\u00f6zleked\u0151 szem\u00e9lyaut\u00f3 \u00e1tt\u00e9rt a menetir\u00e1nya szerinti bal oldali forgalmi s\u00e1vba, ahol \u00f6ssze\u00fctk\u00f6z\u00f6tt egy teheraut\u00f3val, melynek k\u00f6vetkezt\u00e9ben a szem\u00e9lyg\u00e9pkocsit vezet\u0151 47 \u00e9ves f\u00e9rfi a helysz\u00ednen \u00e9let\u00e9t vesztette.<\/p>\n<p style=\"text-align: justify;\">Az \u00fctk\u00f6z\u00e9st k\u00f6vet\u0151en a teheraut\u00f3nak \u00fctk\u00f6z\u00f6tt egy m\u00e1sik &#8211; szint\u00e9n Poroszl\u00f3 ir\u00e1ny\u00e1ba tart\u00f3 &#8211; szem\u00e9lyaut\u00f3, mely sor\u00e1n szem\u00e9lyi s\u00e9r\u00fcl\u00e9s nem t\u00f6rt\u00e9nt.<\/p>\n<p class=\"rteindent2\" style=\"text-align: justify;\"><a href=\"http:\/\/police.hu\/sites\/default\/files\/images\/20150207203038.jpg\" target=\"_blank\"><img decoding=\"async\" src=\"http:\/\/police.hu\/sites\/default\/files\/styles\/large\/public\/images\/20150207203038.jpg?itok=d7tN79Si\" alt=\"\" \/><\/a><\/p>\n<\/div>\n<\/div>\n<\/div>\n","protected":false},"excerpt":{"rendered":"<p>Befejez\u0151d\u00f6tt a helysz\u00ednel\u00e9s \u00e9s m\u0171szaki ment\u00e9s.<\/p>\n<p>A 33-as sz\u00e1m\u00fa f\u0151\u00faton, Poroszl\u00f3 k\u00f6zel\u00e9ben 2015. j\u00falius 2-\u00e1n t\u00f6rt\u00e9nt k\u00f6zleked\u00e9si balesetn\u00e9l a rend\u0151r\u00f6k 20 \u00f3ra 10 perckor befejezt\u00e9k a helysz\u00ednel\u00e9st \u00e9s a m\u0171szaki ment\u00e9s is v\u00e9get \u00e9rt.<br \/>\nA jelenleg rendelkez\u00e9sre \u00e1ll\u00f3 adatok alapj\u00e1n egy Poroszl\u00f3 ir\u00e1ny\u00e1ba k\u00f6zleked\u0151 szem\u00e9lyaut\u00f3 \u00e1tt\u00e9rt a menetir\u00e1nya szerinti bal oldali forgalmi s\u00e1vba, ahol \u00f6ssze\u00fctk\u00f6z\u00f6tt egy teheraut\u00f3val, [&#8230;]<\/p>\n","protected":false},"author":4,"featured_media":0,"comment_status":"closed","ping_status":"closed","sticky":false,"template":"","format":"standard","meta":{"footnotes":""},"categories":[5],"tags":[2251,41,771,122],"class_list":["post-14340","post","type-post","status-publish","format-standard","hentry","category-kek-hirek","tag-33-sz-fout","tag-baleset","tag-halal","tag-rendorseg"],"_links":{"self":[{"href":"https:\/\/www.agriatv.hu\/index.php?rest_route=\/wp\/v2\/posts\/14340","targetHints":{"allow":["GET"]}}],"collection":[{"href":"https:\/\/www.agriatv.hu\/index.php?rest_route=\/wp\/v2\/posts"}],"about":[{"href":"https:\/\/www.agriatv.hu\/index.php?rest_route=\/wp\/v2\/types\/post"}],"author":[{"embeddable":true,"href":"https:\/\/www.agriatv.hu\/index.php?rest_route=\/wp\/v2\/users\/4"}],"replies":[{"embeddable":true,"href":"https:\/\/www.agriatv.hu\/index.php?rest_route=%2Fwp%2Fv2%2Fcomments&post=14340"}],"version-history":[{"count":1,"href":"https:\/\/www.agriatv.hu\/index.php?rest_route=\/wp\/v2\/posts\/14340\/revisions"}],"predecessor-version":[{"id":14341,"href":"https:\/\/www.agriatv.hu\/index.php?rest_route=\/wp\/v2\/posts\/14340\/revisions\/14341"}],"wp:attachment":[{"href":"https:\/\/www.agriatv.hu\/index.php?rest_route=%2Fwp%2Fv2%2Fmedia&parent=14340"}],"wp:term":[{"taxonomy":"category","embeddable":true,"href":"https:\/\/www.agriatv.hu\/index.php?rest_route=%2Fwp%2Fv2%2Fcategories&post=14340"},{"taxonomy":"post_tag","embeddable":true,"href":"https:\/\/www.agriatv.hu\/index.php?rest_route=%2Fwp%2Fv2%2Ftags&post=14340"}],"curies":[{"name":"wp","href":"https:\/\/api.w.org\/{rel}","templated":true}]}}