{"id":14346,"date":"2015-05-29T07:18:00","date_gmt":"2015-05-29T07:18:00","guid":{"rendered":"http:\/\/www.agriatv.hu\/?p=14346"},"modified":"2015-07-06T07:19:50","modified_gmt":"2015-07-06T07:19:50","slug":"232015-v-29-ih-kozlemeny","status":"publish","type":"post","link":"https:\/\/www.agriatv.hu\/?p=14346","title":{"rendered":"23\/2015.(V.29.) IH k\u00f6zlem\u00e9ny"},"content":{"rendered":"<p style=\"text-align: justify;\"><a href=\"https:\/\/www.agriatv.hu\/wp-content\/uploads\/2014\/09\/2.png\"><img loading=\"lazy\" decoding=\"async\" class=\"alignleft  wp-image-13214\" src=\"https:\/\/www.agriatv.hu\/wp-content\/uploads\/2014\/09\/2-300x93.png\" alt=\"2\" width=\"216\" height=\"67\" srcset=\"https:\/\/www.agriatv.hu\/wp-content\/uploads\/2014\/09\/2-300x93.png 300w, https:\/\/www.agriatv.hu\/wp-content\/uploads\/2014\/09\/2.png 319w\" sizes=\"auto, (max-width: 216px) 100vw, 216px\" \/><\/a>Tisztelt \u00c9rdekl\u0151d\u0151k!<\/p>\n<p style=\"text-align: justify;\">Megjelent a Dar\u00e1nyi Ign\u00e1c Terv EMVA t\u00e1rsfinansz\u00edroz\u00e1s\u00fa int\u00e9zked\u00e9sek Ir\u00e1ny\u00edt\u00f3 Hat\u00f3s\u00e1g\u00e1nak 23\/2015. (V. 29.) sz\u00e1m\u00fa K\u00f6zlem\u00e9nye az EMVA t\u00e1rsfinansz\u00edroz\u00e1s\u00e1ban megval\u00f3sul\u00f3 egyes agr\u00e1r-vid\u00e9kfejleszt\u00e9si t\u00e1mogat\u00e1si rendeletekben \u00edrt projektmegval\u00f3s\u00edt\u00e1si \u00e9s kifizet\u00e9si k\u00e9relem beny\u00fajt\u00e1si hat\u00e1rid\u0151k meghosszabb\u00edt\u00e1s\u00e1r\u00f3l.<\/p>\n<ol style=\"text-align: justify;\" start=\"2007\">\n<li>Az Eur\u00f3pai Mez\u0151gazdas\u00e1gi Vid\u00e9kfejleszt\u00e9si Alapb\u00f3l az \u00e1llattart\u00f3 telepek korszer\u0171s\u00edt\u00e9s\u00e9hez ny\u00fajtand\u00f3 t\u00e1mogat\u00e1sok r\u00e9szletes felt\u00e9teleir\u0151l sz\u00f3l\u00f3 27\/2007. (IV. 17.) FVM rendelet<\/li>\n<\/ol>\n<p style=\"text-align: justify;\">Az \u00fan. \u00c1TK III. jogc\u00edmn\u00e9l (2009-es t\u00e1mogat\u00e1si k\u00e9relem beny\u00fajt\u00e1si k\u00f6r) a megval\u00f3s\u00edt\u00e1s hat\u00e1rideje 2015. j\u00fanius 30.<\/p>\n<p style=\"text-align: justify;\">Az utols\u00f3 kifizet\u00e9si k\u00e9relem beny\u00fajt\u00e1s\u00e1nak hat\u00e1rideje: 2015. j\u00falius 31.<\/p>\n<ol style=\"text-align: justify;\" start=\"2008\">\n<li>Az Eur\u00f3pai Mez\u0151gazdas\u00e1gi Vid\u00e9kfejleszt\u00e9si Alapb\u00f3l az \u00f6nt\u00f6z\u00e9s, a melior\u00e1ci\u00f3 \u00e9s a ter\u00fcleti v\u00edzgazd\u00e1lkod\u00e1s mez\u0151gazdas\u00e1gi \u00fczemi \u00e9s k\u00f6z\u00f6ss\u00e9gi l\u00e9tes\u00edtm\u00e9nyeinek fejleszt\u00e9s\u00e9hez ny\u00fajtand\u00f3 t\u00e1mogat\u00e1sok r\u00e9szletes felt\u00e9teleir\u0151l sz\u00f3l\u00f3 34\/2008. (III. 27.) FVM rendelet<\/li>\n<\/ol>\n<p style=\"text-align: justify;\">A rendelet 5\/A. \u00a7-a szerinti t\u00e1mogat\u00e1si \u00fcgyekben (ahol jogut\u00f3dk\u00e9nt a v\u00edz\u00fcgyi igazgat\u00e1si szervek az \u00fcgyfelek) az utols\u00f3 kifizet\u00e9si k\u00e9relem beny\u00fajt\u00e1s\u00e1nak hat\u00e1rideje: 2015. augusztus 31.<\/p>\n<ul style=\"text-align: justify;\">\n<li>Az Eur\u00f3pai Mez\u0151gazdas\u00e1gi Vid\u00e9kfejleszt\u00e9si Alapb\u00f3l ny\u00fajtand\u00f3, a vid\u00e9ki gazdas\u00e1g \u00e9s lakoss\u00e1g sz\u00e1m\u00e1ra ny\u00fajtott alapszolg\u00e1ltat\u00e1sok k\u00f6r\u00e9ben az integr\u00e1lt k\u00f6z\u00f6ss\u00e9gi \u00e9s szolg\u00e1ltat\u00f3 t\u00e9r kialak\u00edt\u00e1s\u00e1ra \u00e9s m\u0171k\u00f6dtet\u00e9s\u00e9re ig\u00e9nybe vehet\u0151 t\u00e1mogat\u00e1sok r\u00e9szletes felt\u00e9teleir\u0151l sz\u00f3l\u00f3 112\/2009. (VIII. 29.) FVM rendelet<\/li>\n<\/ul>\n<p style=\"text-align: justify;\">Utols\u00f3 kifizet\u00e9si k\u00e9relem beny\u00fajt\u00e1s\u00e1nak hat\u00e1rideje: 2015. j\u00falius 31.<\/p>\n<ol style=\"text-align: justify;\" start=\"2012\">\n<li>Az Eur\u00f3pai Mez\u0151gazdas\u00e1gi Vid\u00e9kfejleszt\u00e9si Alapb\u00f3l a mikrov\u00e1llalkoz\u00e1sok l\u00e9trehoz\u00e1s\u00e1ra \u00e9s fejleszt\u00e9s\u00e9re LEADER Helyi Akci\u00f3csoportok k\u00f6zrem\u0171k\u00f6d\u00e9s\u00e9vel 2012-ben ny\u00fajtand\u00f3 t\u00e1mogat\u00e1sok r\u00e9szletes felt\u00e9teleir\u0151l sz\u00f3l\u00f3 47\/2012. (V. 11.) VM rendelet<\/li>\n<\/ol>\n<p style=\"text-align: justify;\">A projekt megval\u00f3s\u00edt\u00e1s hat\u00e1rideje: 2015. augusztus 31.<\/p>\n<p style=\"text-align: justify;\">Utols\u00f3 kifizet\u00e9si k\u00e9relem beny\u00fajt\u00e1s\u00e1nak hat\u00e1rideje: 2015. augusztus 31.<\/p>\n<p style=\"text-align: justify;\"><strong><u>A k\u00f6zlem\u00e9nyr\u0151l b\u0151vebben az Eger Vid\u00e9k Kincsei Egyes\u00fclet honlapj\u00e1n olvashat.<\/u><\/strong><\/p>\n<p style=\"text-align: justify;\">Forr\u00e1s: <a href=\"http:\/\/www.evk-egyesulet.hu\">www.evk-egyesulet.hu<\/a><\/p>\n","protected":false},"excerpt":{"rendered":"<p>Tisztelt \u00c9rdekl\u0151d\u0151k!<br \/>\nMegjelent a Dar\u00e1nyi Ign\u00e1c Terv EMVA t\u00e1rsfinansz\u00edroz\u00e1s\u00fa int\u00e9zked\u00e9sek Ir\u00e1ny\u00edt\u00f3 Hat\u00f3s\u00e1g\u00e1nak 23\/2015. (V. 29.) sz\u00e1m\u00fa K\u00f6zlem\u00e9nye az EMVA t\u00e1rsfinansz\u00edroz\u00e1s\u00e1ban megval\u00f3sul\u00f3 egyes agr\u00e1r-vid\u00e9kfejleszt\u00e9si t\u00e1mogat\u00e1si rendeletekben \u00edrt projektmegval\u00f3s\u00edt\u00e1si \u00e9s kifizet\u00e9si k\u00e9relem beny\u00fajt\u00e1si hat\u00e1rid\u0151k meghosszabb\u00edt\u00e1s\u00e1r\u00f3l.<\/p>\n<p>Az Eur\u00f3pai Mez\u0151gazdas\u00e1gi Vid\u00e9kfejleszt\u00e9si Alapb\u00f3l az \u00e1llattart\u00f3 telepek korszer\u0171s\u00edt\u00e9s\u00e9hez ny\u00fajtand\u00f3 t\u00e1mogat\u00e1sok r\u00e9szletes felt\u00e9teleir\u0151l sz\u00f3l\u00f3 27\/2007. (IV. 17.) FVM rendelet<\/p>\n<p>Az \u00fan. \u00c1TK III. jogc\u00edmn\u00e9l (2009-es [&#8230;]<\/p>\n","protected":false},"author":4,"featured_media":0,"comment_status":"closed","ping_status":"closed","sticky":false,"template":"","format":"standard","meta":{"footnotes":""},"categories":[450],"tags":[1615],"class_list":["post-14346","post","type-post","status-publish","format-standard","hentry","category-gazdasag-2","tag-evk"],"_links":{"self":[{"href":"https:\/\/www.agriatv.hu\/index.php?rest_route=\/wp\/v2\/posts\/14346","targetHints":{"allow":["GET"]}}],"collection":[{"href":"https:\/\/www.agriatv.hu\/index.php?rest_route=\/wp\/v2\/posts"}],"about":[{"href":"https:\/\/www.agriatv.hu\/index.php?rest_route=\/wp\/v2\/types\/post"}],"author":[{"embeddable":true,"href":"https:\/\/www.agriatv.hu\/index.php?rest_route=\/wp\/v2\/users\/4"}],"replies":[{"embeddable":true,"href":"https:\/\/www.agriatv.hu\/index.php?rest_route=%2Fwp%2Fv2%2Fcomments&post=14346"}],"version-history":[{"count":1,"href":"https:\/\/www.agriatv.hu\/index.php?rest_route=\/wp\/v2\/posts\/14346\/revisions"}],"predecessor-version":[{"id":14347,"href":"https:\/\/www.agriatv.hu\/index.php?rest_route=\/wp\/v2\/posts\/14346\/revisions\/14347"}],"wp:attachment":[{"href":"https:\/\/www.agriatv.hu\/index.php?rest_route=%2Fwp%2Fv2%2Fmedia&parent=14346"}],"wp:term":[{"taxonomy":"category","embeddable":true,"href":"https:\/\/www.agriatv.hu\/index.php?rest_route=%2Fwp%2Fv2%2Fcategories&post=14346"},{"taxonomy":"post_tag","embeddable":true,"href":"https:\/\/www.agriatv.hu\/index.php?rest_route=%2Fwp%2Fv2%2Ftags&post=14346"}],"curies":[{"name":"wp","href":"https:\/\/api.w.org\/{rel}","templated":true}]}}