{"id":1439,"date":"2010-09-02T14:23:31","date_gmt":"2010-09-02T14:23:31","guid":{"rendered":"http:\/\/www.agriatv.hu\/?p=1439"},"modified":"2010-09-02T15:28:40","modified_gmt":"2010-09-02T15:28:40","slug":"tarsoly-jozsefre-is-szavazhatunk-okober-3-an","status":"publish","type":"post","link":"https:\/\/www.agriatv.hu\/?p=1439","title":{"rendered":"Tarsoly J\u00f3zsefre is szavazhatunk okt\u00f3ber 3-\u00e1n"},"content":{"rendered":"<p><img loading=\"lazy\" decoding=\"async\" class=\"alignleft\" src=\"http:\/\/www.egriszin.hu\/RenderedContents\/IndexImages\/6\/6099-20100902132347-SANY1300.JPG\" alt=\"\" width=\"150\" height=\"113\" \/><strong>Eger egyetlen f\u00fcggetlen polg\u00e1rmesterjel\u00f6ltje is leadta az  indul\u00e1shoz sz\u00fcks\u00e9ges aj\u00e1nl\u00f3szelv\u00e9nyeket ma d\u00e9lel\u0151tt a V\u00e1rosh\u00e1z\u00e1n.  Tarsoly J\u00f3zsef nem j\u00e1tszott a sz\u00e1mokkal, t\u00f6bb mint 1300 kopogtat\u00f3c\u00e9dul\u00e1t  ny\u00fajtott \u00e1t a V\u00e1laszt\u00e1si Bizotts\u00e1g k\u00e9pvisel\u0151j\u00e9nek.<\/strong><\/p>\n<div>Tarsoly J\u00f3zsef elmondta, hogy a kopogtat\u00f3k gy\u0171jt\u00e9se  sor\u00e1n \u2013 amellett, hogy ezt a rendszert m\u00e1r elavultnak tartja \u2013 sz\u00e1mos  pozit\u00edvummal tal\u00e1lkozott. Azt tapasztalta, hogy az emberek b\u00edznak egy  f\u00fcggetlen jel\u00f6ltben, \u00e9s sokan biztos\u00edtott\u00e1k \u0151t t\u00e1mogat\u00e1sukr\u00f3l. De  hozz\u00e1tette, hogy t\u00f6bb lakos f\u00e9lt leadni az aj\u00e1nl\u00f3szelv\u00e9ny\u00e9t att\u00f3l f\u00e9lve,  hogy ezzel r\u00e1ker\u00fclhet olyan list\u00e1kra, amelyeket k\u00e9s\u0151bb felhaszn\u00e1lhatnak  ellene.<\/div>\n<div>A hegyb\u00edr\u00f3 mindenk\u00e9pp sikernek  k\u00f6nyveli el, hogy t\u00f6bb p\u00e1rt \u00e9s szervezet is m\u00f6g\u00e9 \u00e1llt m\u00e9g akkor is, hogy  \u0151 kijelentette, hogy nem hajland\u00f3 f\u00fcggetlens\u00e9g\u00e9t feladni. Sz\u00e1m\u00edt arra,  hogy m\u00e9g esetleg t\u00f6bb szervezet vagy p\u00e1rt is t\u00e1mogatja majd a  v\u00e1laszt\u00e1sok el\u0151tt. Szerinte csak kompromisszumok \u00e9s \u00f6sszefog\u00e1s ment\u00e9n  lehet el\u0151re haladni.<\/div>\n<p>Tarsoly J\u00f3zseft\u0151l  megtudtuk, hogy konstrukt\u00edv t\u00edpus\u00fa kamp\u00e1nyra k\u00e9sz\u00fcl. Szerinte kiz\u00e1r\u00f3lag  az \u00e9sz\u00e9rvek \u00e1lapj\u00e1n \u00e9rdemes el\u0151r\u00e9bb jutni, s a gondolkod\u00f3 emberek  t\u00e1mogat\u00e1s\u00e1ra sz\u00e1m\u00edt. Azok\u00e9ra, akik v\u00e9gign\u00e9zve a k\u00edn\u00e1latot mernek  \u00f6n\u00e1ll\u00f3an d\u00f6nteni Eger \u00e9s saj\u00e1t j\u00f6v\u0151j\u00fckr\u0151l. \u201eSzeretn\u00e9k eljutni a lakosok  min\u00e9l sz\u00e9lesebb r\u00e9teg\u00e9hez, hogy min\u00e9l t\u00f6bb ember megismerhesse a  programomat. Alapvet\u0151en nem \u00f6nc\u00e9l\u00fa lakoss\u00e1gi f\u00f3rumokban gondolkodom,  hanem egy t\u00e9ma k\u00f6r\u00e9 kapcsolva szeretn\u00e9k egy-egy fontosabb k\u00e9rd\u00e9st  \u00e1tbesz\u00e9lni.\u201d \u2013 t\u00e1j\u00e9koztatott a polg\u00e1rmesterjel\u00f6lt.<\/p>\n<p>Forr\u00e1s: Egrisz\u00edn<\/p>\n","protected":false},"excerpt":{"rendered":"<p>Eger egyetlen f\u00fcggetlen polg\u00e1rmesterjel\u00f6ltje is leadta az  indul\u00e1shoz sz\u00fcks\u00e9ges aj\u00e1nl\u00f3szelv\u00e9nyeket ma d\u00e9lel\u0151tt a V\u00e1rosh\u00e1z\u00e1n.  Tarsoly J\u00f3zsef nem j\u00e1tszott a sz\u00e1mokkal, t\u00f6bb mint 1300 kopogtat\u00f3c\u00e9dul\u00e1t  ny\u00fajtott \u00e1t a V\u00e1laszt\u00e1si Bizotts\u00e1g k\u00e9pvisel\u0151j\u00e9nek.<br \/>\nTarsoly J\u00f3zsef elmondta, hogy a kopogtat\u00f3k gy\u0171jt\u00e9se  sor\u00e1n \u2013 amellett, hogy ezt a rendszert m\u00e1r elavultnak tartja \u2013 sz\u00e1mos  pozit\u00edvummal tal\u00e1lkozott. [&#8230;]<\/p>\n","protected":false},"author":4,"featured_media":0,"comment_status":"open","ping_status":"closed","sticky":false,"template":"","format":"standard","meta":{"footnotes":""},"categories":[3],"tags":[],"class_list":["post-1439","post","type-post","status-publish","format-standard","hentry","category-politika"],"_links":{"self":[{"href":"https:\/\/www.agriatv.hu\/index.php?rest_route=\/wp\/v2\/posts\/1439","targetHints":{"allow":["GET"]}}],"collection":[{"href":"https:\/\/www.agriatv.hu\/index.php?rest_route=\/wp\/v2\/posts"}],"about":[{"href":"https:\/\/www.agriatv.hu\/index.php?rest_route=\/wp\/v2\/types\/post"}],"author":[{"embeddable":true,"href":"https:\/\/www.agriatv.hu\/index.php?rest_route=\/wp\/v2\/users\/4"}],"replies":[{"embeddable":true,"href":"https:\/\/www.agriatv.hu\/index.php?rest_route=%2Fwp%2Fv2%2Fcomments&post=1439"}],"version-history":[{"count":6,"href":"https:\/\/www.agriatv.hu\/index.php?rest_route=\/wp\/v2\/posts\/1439\/revisions"}],"predecessor-version":[{"id":1450,"href":"https:\/\/www.agriatv.hu\/index.php?rest_route=\/wp\/v2\/posts\/1439\/revisions\/1450"}],"wp:attachment":[{"href":"https:\/\/www.agriatv.hu\/index.php?rest_route=%2Fwp%2Fv2%2Fmedia&parent=1439"}],"wp:term":[{"taxonomy":"category","embeddable":true,"href":"https:\/\/www.agriatv.hu\/index.php?rest_route=%2Fwp%2Fv2%2Fcategories&post=1439"},{"taxonomy":"post_tag","embeddable":true,"href":"https:\/\/www.agriatv.hu\/index.php?rest_route=%2Fwp%2Fv2%2Ftags&post=1439"}],"curies":[{"name":"wp","href":"https:\/\/api.w.org\/{rel}","templated":true}]}}