{"id":14395,"date":"2015-07-15T09:27:27","date_gmt":"2015-07-15T09:27:27","guid":{"rendered":"http:\/\/www.agriatv.hu\/?p=14395"},"modified":"2015-07-15T09:27:27","modified_gmt":"2015-07-15T09:27:27","slug":"jon-a-xx-egri-bikaver-unnep-ennel-jobban-nem-is-sikerulhetett-volna-a-foproba","status":"publish","type":"post","link":"https:\/\/www.agriatv.hu\/?p=14395","title":{"rendered":"J\u00f6n a XX. Egri Bikav\u00e9r \u00dcnnep \u2013 Enn\u00e9l jobban nem is siker\u00fclhetett volna a f\u0151pr\u00f3ba"},"content":{"rendered":"<p style=\"text-align: justify;\"><strong><a href=\"https:\/\/www.agriatv.hu\/wp-content\/uploads\/2015\/07\/bikaver.jpg\"><img loading=\"lazy\" decoding=\"async\" class=\"alignleft  wp-image-14396\" src=\"https:\/\/www.agriatv.hu\/wp-content\/uploads\/2015\/07\/bikaver-300x200.jpg\" alt=\"bikaver\" width=\"147\" height=\"98\" srcset=\"https:\/\/www.agriatv.hu\/wp-content\/uploads\/2015\/07\/bikaver-300x200.jpg 300w, https:\/\/www.agriatv.hu\/wp-content\/uploads\/2015\/07\/bikaver.jpg 960w\" sizes=\"auto, (max-width: 147px) 100vw, 147px\" \/><\/a>Az Egri Bikav\u00e9r \u00dcnnep ism\u00e9t bebizony\u00edtotta, hogy m\u00e1r sokkal t\u00f6bb egy egyszer\u0171 borgasztron\u00f3miai fesztiv\u00e1ln\u00e1l: a rendezv\u00e9ny az egri bor \u00e9s az eg\u00e9sz v\u00e1ros \u00fcnnepe is. Id\u00e9n t\u00f6bb napon is teljesen megtelt az \u00c9rsekkert, \u00edgy \u00fajabb l\u00e1togat\u00f3cs\u00facsnak \u00f6r\u00fclhettek a szervez\u0151k, a bor\u00e1szok, az \u00e9ttermek \u00e9s a megyesz\u00e9khely idegenforgalma. J\u00f6v\u0151re j\u00f6n a jubileumi Egri Bikav\u00e9r \u00dcnnep.<\/strong><\/p>\n<p style=\"text-align: justify;\">\u00dagy t\u0171nik, ebben az \u00e9vben minden \u00f6ssze\u00e1llt ahhoz, hogy az eddigi legl\u00e1togatottabb Egri Bikav\u00e9r \u00dcnnepnek \u00f6r\u00fclhess\u00fcnk: az id\u0151j\u00e1r\u00e1s a lehet\u0151 legel\u0151ny\u00f6sebb arc\u00e1t mutatta ahhoz, hogy a <em>bikav\u00e9res<\/em> \u00e9s <em>csillagos<\/em> est\u00e9ken mindenki j\u00f3l \u00e9rezze mag\u00e1t az \u00c9rsekkertben; a szervez\u0151k is kitart\u00f3an dolgoztak az el\u0151k\u00e9sz\u00fcletek sor\u00e1n, illetve a harmincn\u00e1l is t\u00f6bb bor\u00e1szat \u00e9s a k\u00f6zel h\u00fasz \u00e9tterem is kitett mag\u00e1\u00e9rt, a remek ned\u0171k \u00e9s \u00e9telek p\u00e1ratlan borgasztron\u00f3miai \u00e9lm\u00e9nyt ny\u00fajtottak. A poh\u00e1relad\u00e1sok \u00e9s a fogyaszt\u00e1sok ut\u00e1n becs\u00fclt sz\u00e1mok szerint ebben az \u00e9vben mintegy 45 ezer ember fordult meg a XIX. Egri Bikav\u00e9r \u00dcnnep n\u00e9gy napj\u00e1n. Ezek k\u00f6z\u00fcl is kiemelked\u0151 volt a p\u00e9nteki \u00e9s a szombati nap, amikor gyakorlatilag az eg\u00e9sz \u00c9rsekkertre ki lehetett volna tenni a \u201emegtelt\u201d t\u00e1bl\u00e1t. De a cs\u00fct\u00f6rt\u00f6k is roppant l\u00e1togatott volt, \u00edgy nem csoda, hogy \u00fajabb rekordnak \u00f6r\u00fclhettek a szervez\u0151k.<\/p>\n<p style=\"text-align: justify;\">Az esem\u00e9ny f\u0151szervez\u0151je, Tarsoly J\u00f3zsef szerint az Egri Bikav\u00e9r \u00dcnnep egy kiemelten fontos esem\u00e9nny\u00e9 n\u0151tte ki mag\u00e1t a borvid\u00e9k, a v\u00e1ros, de az eg\u00e9sz r\u00e9gi\u00f3 \u00e9let\u00e9ben. Az egri hegyb\u00edr\u00f3 \u00fagy l\u00e1tja: az, hogy a fesztiv\u00e1l minden kor\u00e1bbi l\u00e1togat\u00f3sz\u00e1mot fel\u00fclm\u00falt, annak is k\u00f6sz\u00f6nhet\u0151, hogy az Egri borvid\u00e9k sz\u0151l\u00e9szei \u00e9s bor\u00e1szai is kiv\u00e9teles munk\u00e1t v\u00e9geztek az elm\u00falt id\u0151szakban. Ezt bizony\u00edtja a sz\u00e1mos hazai \u00e9s nemzetk\u00f6zi borversenyen el\u00e9rt siker is, amely nem maradhat el pozit\u00edv hat\u00e1s n\u00e9lk\u00fcl, hiszen a szakma \u00e9s a borkedvel\u0151k m\u00e1r minden egri eredm\u00e9nyre odafigyelnek. Az ehhez m\u00e9lt\u00f3 min\u0151s\u00e9get \u00e9s szellemis\u00e9get szeretn\u00e9 a tov\u00e1bbiakban is k\u00f6vetni az Egri Bikav\u00e9r \u00dcnnep, amely szinte kihagyhatatlan esem\u00e9nny\u00e9 v\u00e1lt a v\u00e1rosban, a k\u00f6rny\u00e9ken \u00e9s az orsz\u00e1g sz\u00e1mos pontj\u00e1n \u00e9l\u0151 borkedvel\u0151k sz\u00e1m\u00e1ra is.<\/p>\n<p style=\"text-align: justify;\"><strong>D\u00edj\u00e1tad\u00f3k, telth\u00e1zas koncertek<\/strong><\/p>\n<p style=\"text-align: justify;\">Mint ahogy a kor\u00e1bbi \u00e9vekben, \u00edgy id\u00e9n is sz\u00e1mos elismer\u00e9st \u00e9s d\u00edjat adtak \u00e1t a XIX. Egri Bikav\u00e9r \u00dcnnepen. \u00cdgy a fesztiv\u00e1lon der\u00fclt ki, hogy Dula \u00c1ron lett a 2014. \u00c9v Sz\u0151l\u0151termel\u0151je, Demeter Csaba az \u00c9v Bortermel\u0151je, m\u00edg a Fekete L\u00f3 Fogad\u00f3 vezet\u0151je, Nagyfeje\u0151 Andr\u00e1s az \u00c9v Borgasztron\u00f3musa.<\/p>\n<p style=\"text-align: justify;\">A Magyar Nemzeti Gasztron\u00f3miai Sz\u00f6vets\u00e9g \u00e1ltal kijel\u00f6lt zs\u0171ri \u2013 egy tavaly k\u00f6t\u00f6tt hosszabb t\u00e1v\u00fa meg\u00e1llapod\u00e1s \u00e9rtelm\u00e9ben \u2013 ebben az \u00e9vben is kiv\u00e1lasztotta a fesztiv\u00e1l legjobb bor \u00e9s \u00e9tel p\u00e1ros\u00edt\u00e1s\u00e1t. Az els\u0151 helyezett a Juh\u00e1sz Testv\u00e9rek 2011-es Egri Bikav\u00e9r Selection bora \u00e9s a hozz\u00e1 k\u00edn\u00e1lt \u00e9tel lett (v\u00f6r\u00f6sboros marhapofa, burgonya gratinnal, pir\u00edtott gy\u00f6k\u00e9rz\u00f6lds\u00e9gekkel), amelyet az Imola Hotel Plat\u00e1n Sz\u00e1lloda szak\u00e1csai k\u00e9sz\u00edtettek. A szakmai zs\u0171ri tagjai ism\u00e9t megjegyezt\u00e9k, hogy remek \u00e9telekkel tal\u00e1lkoztak a fesztiv\u00e1lon: a k\u00edn\u00e1latra jellemz\u0151 volt a kreativit\u00e1s, a v\u00e1ltozatos t\u00e1lal\u00e1s \u00e9s a borokkal val\u00f3 harm\u00f3nia is.<\/p>\n<p style=\"text-align: justify;\">K\u00fcl\u00f6n megtiszteltet\u00e9s a v\u00e1ros \u00e9s a fesztiv\u00e1l sz\u00e1m\u00e1ra, hogy ebben az \u00e9vben ism\u00e9t Egerbe \u00e9rkezett a Balassi-kard borseregszemle, amelyen az Egri Csillag borok k\u00f6z\u00fcl v\u00e1lasztott\u00e1k ki a legjobbat. A XI. alkalommal megrendezett Balassi-kard borseregszemle borfajt\u00e1r\u00f3l borfajt\u00e1ra, borvid\u00e9kr\u0151l borvid\u00e9kre v\u00e1ndorol. Az esem\u00e9ny 2006-ban m\u00e1r j\u00e1rt Egerben: akkor az Egri Bikav\u00e9rek versenyeztek \u00e9s Dula Benc\u00e9\u00e9 lett a Balassi-kard. Most az Egri Csillagok vet\u00e9lkedtek a Balassi Kard Egri Csillag c\u00edm\u00e9rt, a seregszeml\u00e9nek a XIX. Egri Bikav\u00e9r \u00dcnnep adott otthont. A bortest\u00fclet \u2013 Tarsoly J\u00f3zsef hegyb\u00edr\u00f3 eln\u00f6klet\u00e9vel \u2013 vakk\u00f3stol\u00e1s ut\u00e1n \u00fagy d\u00f6nt\u00f6tt, hogy Thummerer Vilmos 2013-as Egri Csillaga kapja id\u00e9n a Balassi-kardot. Az eredm\u00e9nyt Moln\u00e1r P\u00e1l \u00fajs\u00e1g\u00edr\u00f3, a Balassi B\u00e1lint-eml\u00e9kkard irodalmi d\u00edj alap\u00edt\u00f3ja jelentette be az Egri Bikav\u00e9r \u00dcnnep f\u0151sz\u00ednpad\u00e1n. A bajnokbor alkot\u00f3ja, Thummerer Vilmos \u00fagy \u00e9rt\u00e9kelt: \u00f6r\u00fcl, hogy ezt a k\u00fcl\u00f6nleges borversenyt megnyerte, \u00e9s k\u00f6z\u00f6lte, ezzel a borral a k\u00f6zelm\u00faltban Franciaorsz\u00e1gban is rangos elismer\u00e9st v\u00edvott ki bor\u00e1szata.<\/p>\n<p style=\"text-align: justify;\">A koncerteknek otthont ad\u00f3 Egri Bikav\u00e9r \u00e9s Egri Csillag Sz\u00ednpad k\u00edn\u00e1lata a kor\u00e1bbi \u00e9vek\u00e9n\u00e9l is jobban kieg\u00e9sz\u00edtette egym\u00e1st: a nagysz\u00ednpadn\u00e1l t\u00f6bb olyan koncert is volt, amelyen teljesen megtelt a sz\u00f6k\u0151k\u00fat k\u00f6rny\u00e9ke, \u00e9s a Zenepavilonn\u00e1l fel\u00e1ll\u00edtott p\u00f3dium is sz\u00e1mos olyan zenei produkci\u00f3t k\u00edn\u00e1lt, amelyre rengetegen \u00e9rkeztek.<\/p>\n<p style=\"text-align: justify;\"><strong>J\u00f3t\u00e9konykod\u00e1s \u00e9s nagyszab\u00e1s\u00fa tervek a jubileumra<\/strong><\/p>\n<p style=\"text-align: justify;\">Az Egri Bikav\u00e9r \u00dcnnep szervez\u0151i id\u00e9n \u00fagy d\u00f6nt\u00f6ttek, hogy ett\u0151l az \u00e9vt\u0151l kezdve mindig befogadnak egy helyi alap\u00edtv\u00e1nyt, egyes\u00fcletet vagy civil szervezetet, amely \u00f6nk\u00e9ntes, \u00e9rt\u00e9kteremt\u0151 munk\u00e1j\u00e1val, k\u00f6z\u00f6ss\u00e9gi kezdem\u00e9nyez\u00e9seivel olyan c\u00e9lt szolg\u00e1l, amely\u00e9rt \u00e9rdemes \u00f6sszefogniuk a bor\u00fcnnepre kil\u00e1togat\u00f3knak is. Els\u0151k\u00e9nt az egri Vid\u00e1m Mancsok \u00c1llatv\u00e9d\u0151 Egyes\u00fclet volt a fesztiv\u00e1l vend\u00e9ge, a szervezet \u00f6nk\u00e9ntesei p\u00e9ntekt\u0151l vas\u00e1rnapig kint voltak az \u00c9rsekkertben olyan kuty\u00e1kkal, amelyeket ak\u00e1r \u00f6r\u00f6kbe is fogadhattak az \u00e1llatbar\u00e1t fesztiv\u00e1loz\u00f3k, illetve p\u00e9nzadom\u00e1nnyal is seg\u00edthetett az Egri Bikav\u00e9r \u00dcnnep k\u00f6z\u00f6ns\u00e9ge.<\/p>\n<p style=\"text-align: justify;\">J\u00f6v\u0151re m\u00e1r a XX. Egri Bikav\u00e9r \u00dcnnep k\u00f6vetkezik j\u00falius m\u00e1sodik h\u00e9tv\u00e9g\u00e9j\u00e9n. A tervek szerint a fesztiv\u00e1l szervez\u0151i \u2013 a jubileumnak megfelel\u0151en \u2013 minden eddigin\u00e9l sz\u00e9lesebb zenei \u00e9s programk\u00edn\u00e1lattal szeretn\u00e9nek kedveskedni az \u00c9rsekkertbe kil\u00e1togat\u00f3knak, akiknek tov\u00e1bbra is az Egri borvid\u00e9k legjobb ned\u0171i \u00e9s a k\u00f6rny\u00e9k legjobb \u00e9ttermeinek \u00e9telei jelenthetik majd a garant\u00e1lt borgasztron\u00f3miai \u00e9lm\u00e9nyt. De mindenekel\u0151tt nagy-nagy k\u00f6sz\u00f6net az idei rendezv\u00e9nyre kil\u00e1togat\u00f3knak, a fesztiv\u00e1l \u00f6sszes t\u00e1mogat\u00f3j\u00e1nak, a bor\u00e1szoknak illetve az \u00e9ttermeknek, a bor\u00fcnnep megval\u00f3s\u00edt\u00e1s\u00e1ban seg\u00e9dkez\u0151knek \u00e9s az eg\u00e9sz v\u00e1rosnak. A szervez\u0151k b\u00edznak abban, hogy a fejl\u0151d\u00e9s nem marad el, \u00e9s j\u00f6v\u0151re m\u00e9g a tizenkilencedikn\u00e9l is sikeresebb Egri Bikav\u00e9r \u00dcnneppel \u00f6regb\u00edtik az egri bor, a helyi termel\u0151k \u00e9s a v\u00e1ros h\u00edrnev\u00e9t.<\/p>\n","protected":false},"excerpt":{"rendered":"<p>Az Egri Bikav\u00e9r \u00dcnnep ism\u00e9t bebizony\u00edtotta, hogy m\u00e1r sokkal t\u00f6bb egy egyszer\u0171 borgasztron\u00f3miai fesztiv\u00e1ln\u00e1l: a rendezv\u00e9ny az egri bor \u00e9s az eg\u00e9sz v\u00e1ros \u00fcnnepe is. Id\u00e9n t\u00f6bb napon is teljesen megtelt az \u00c9rsekkert, \u00edgy \u00fajabb l\u00e1togat\u00f3cs\u00facsnak \u00f6r\u00fclhettek a szervez\u0151k, a bor\u00e1szok, az \u00e9ttermek \u00e9s a megyesz\u00e9khely idegenforgalma. J\u00f6v\u0151re j\u00f6n a jubileumi Egri Bikav\u00e9r \u00dcnnep.<br \/>\n\u00dagy t\u0171nik, [&#8230;]<\/p>\n","protected":false},"author":4,"featured_media":0,"comment_status":"closed","ping_status":"closed","sticky":false,"template":"","format":"standard","meta":{"footnotes":""},"categories":[6,450,8,4],"tags":[155,36,157],"class_list":["post-14395","post","type-post","status-publish","format-standard","hentry","category-belfold","category-gazdasag-2","category-kultura","category-szabadido","tag-bikaver","tag-eger","tag-unnep"],"_links":{"self":[{"href":"https:\/\/www.agriatv.hu\/index.php?rest_route=\/wp\/v2\/posts\/14395","targetHints":{"allow":["GET"]}}],"collection":[{"href":"https:\/\/www.agriatv.hu\/index.php?rest_route=\/wp\/v2\/posts"}],"about":[{"href":"https:\/\/www.agriatv.hu\/index.php?rest_route=\/wp\/v2\/types\/post"}],"author":[{"embeddable":true,"href":"https:\/\/www.agriatv.hu\/index.php?rest_route=\/wp\/v2\/users\/4"}],"replies":[{"embeddable":true,"href":"https:\/\/www.agriatv.hu\/index.php?rest_route=%2Fwp%2Fv2%2Fcomments&post=14395"}],"version-history":[{"count":1,"href":"https:\/\/www.agriatv.hu\/index.php?rest_route=\/wp\/v2\/posts\/14395\/revisions"}],"predecessor-version":[{"id":14397,"href":"https:\/\/www.agriatv.hu\/index.php?rest_route=\/wp\/v2\/posts\/14395\/revisions\/14397"}],"wp:attachment":[{"href":"https:\/\/www.agriatv.hu\/index.php?rest_route=%2Fwp%2Fv2%2Fmedia&parent=14395"}],"wp:term":[{"taxonomy":"category","embeddable":true,"href":"https:\/\/www.agriatv.hu\/index.php?rest_route=%2Fwp%2Fv2%2Fcategories&post=14395"},{"taxonomy":"post_tag","embeddable":true,"href":"https:\/\/www.agriatv.hu\/index.php?rest_route=%2Fwp%2Fv2%2Ftags&post=14395"}],"curies":[{"name":"wp","href":"https:\/\/api.w.org\/{rel}","templated":true}]}}