{"id":14398,"date":"2015-07-15T23:23:11","date_gmt":"2015-07-15T23:23:11","guid":{"rendered":"http:\/\/www.agriatv.hu\/?p=14398"},"modified":"2015-07-16T06:04:20","modified_gmt":"2015-07-16T06:04:20","slug":"harom-auto-serult-az-ejszakai-balesetben","status":"publish","type":"post","link":"https:\/\/www.agriatv.hu\/?p=14398","title":{"rendered":"H\u00e1rom aut\u00f3 s\u00e9r\u00fclt az \u00e9jszakai balesetben"},"content":{"rendered":"<p style=\"text-align: justify;\"><strong><a href=\"https:\/\/www.agriatv.hu\/wp-content\/uploads\/2015\/07\/0715baleset_ludas_v.jpg\"><img loading=\"lazy\" decoding=\"async\" class=\"alignleft  wp-image-14399\" src=\"https:\/\/www.agriatv.hu\/wp-content\/uploads\/2015\/07\/0715baleset_ludas_v-300x240.jpg\" alt=\"0715baleset_ludas_v\" width=\"149\" height=\"119\" srcset=\"https:\/\/www.agriatv.hu\/wp-content\/uploads\/2015\/07\/0715baleset_ludas_v-300x240.jpg 300w, https:\/\/www.agriatv.hu\/wp-content\/uploads\/2015\/07\/0715baleset_ludas_v-100x80.jpg 100w, https:\/\/www.agriatv.hu\/wp-content\/uploads\/2015\/07\/0715baleset_ludas_v.jpg 720w\" sizes=\"auto, (max-width: 149px) 100vw, 149px\" \/><\/a>H\u00e1rmas karambol miatt z\u00e1rt\u00e1k le szerda \u00e9jjel az M3-as aut\u00f3p\u00e1lya Debrecen fel\u00e9 vezet\u0151 oldal\u00e1t.<\/strong><\/p>\n<p style=\"text-align: justify;\">Az aut\u00f3p\u00e1lya 95-\u00f6s kilom\u00e9tere k\u00f6zel\u00e9ben t\u00f6rt\u00e9nt a baleset, Ludas \u00e9s K\u00e1l k\u00f6z\u00f6tt.<\/p>\n<p style=\"text-align: justify;\">Az egyik \u00e9rintett kocsiban \u00fcl\u0151 fiatalember elmondta: a Balatont\u00f3l mentek hazafel\u00e9. A k\u00fcls\u0151 s\u00e1vban k\u00f6zlekedtek Suzukijukkal \u00e9s az ut\u00e1nfut\u00f3val, amikor egy nagy \u00fct\u00e9st \u00e9reztek. Egy angol rendsz\u00e1m\u00fa Audi, rom\u00e1n vezet\u0151vel egyszer\u0171en letarolta \u0151ket. El\u0151sz\u00f6r a k\u00fcls\u0151, majd a bels\u0151 szalagkorl\u00e1tnak csap\u00f3dtak. Az ut\u00e1nfut\u00f3r\u00f3l a n\u00e9gy ker\u00e9kp\u00e1r leesett, ezeken m\u00e9g egy \u00fajabb kocsi is \u00e1thaladt.<\/p>\n<p style=\"text-align: justify;\">A Suzukib\u00f3l egy fiatal l\u00e1nyt sz\u00e1ll\u00edtottak a ment\u0151k k\u00f3rh\u00e1zba. A t\u00f6bbi kocsiban nem s\u00e9r\u00fcltek meg az utasok. A anyagi k\u00e1r mindh\u00e1rom aut\u00f3ban jelent\u0151s.<\/p>\n<p style=\"text-align: justify;\">A helysz\u00ednel\u00e9s idej\u00e9n a rend\u0151rs\u00e9g egy s\u00e1von biztos\u00edtotta a halad\u00e1st.<strong><div class=\"wordtube\">\n<div class=\"wordtube single1496\" id=\"WT1_1\" style=\"width:320px; height:240px;\">\n<a href=\"http:\/\/www.macromedia.com\/go\/getflashplayer\">Get the Flash Player<\/a> to see the wordTube Media Player.\n<\/div><\/div>\n\t<script type=\"text\/javascript\" defer=\"defer\">\nvar WT1_1 = {\n\tparams : {\n\t\twmode : \"opaque\",\n\t\tallowscriptaccess : \"always\",\n\t\tallownetworking : \"all\",\n\t\tallowfullscreen : \"true\"},\n\tflashvars : {\n\t\tfile : \"http%3A%2F%2Fwww.agriatv.hu%2Fwp-content%2Fuploads%2F2015%2F07%2F0715baleset_ludas.flv\",\n\t\tvolume : \"80\",\n\t\tbufferlength : \"5\",\n\t\tquality : \"false\",\n\t\t'logo.hide' : \"false\",\n\t\timage : \"http%3A%2F%2Fwww.agriatv.hu%2Fwp-content%2Fuploads%2F2015%2F07%2F0715baleset_ludas.jpg\",\n\t\ttitle : \"0715baleset_ludas.flv\",\n\t\tlinktarget : \"_self\"},\n\tattr : {\n\t\tid : \"WT1\",\n\t\tname : \"WT1\"},\n\tstart : function() {\n\t\tswfobject.embedSWF(\"https:\/\/www.agriatv.hu\/\/player.swf\", \"WT1_1\", \"320\", \"240\", \"9.0.0\", false, this.flashvars, this.params , this.attr );\n\t}\n}\nWT1_1.start();\n\t<\/script>\n<\/strong><\/p>\n","protected":false},"excerpt":{"rendered":"<p>H\u00e1rmas karambol miatt z\u00e1rt\u00e1k le szerda \u00e9jjel az M3-as aut\u00f3p\u00e1lya Debrecen fel\u00e9 vezet\u0151 oldal\u00e1t.<br \/>\nAz aut\u00f3p\u00e1lya 95-\u00f6s kilom\u00e9tere k\u00f6zel\u00e9ben t\u00f6rt\u00e9nt a baleset, Ludas \u00e9s K\u00e1l k\u00f6z\u00f6tt.<br \/>\nAz egyik \u00e9rintett kocsiban \u00fcl\u0151 fiatalember elmondta: a Balatont\u00f3l mentek hazafel\u00e9. A k\u00fcls\u0151 s\u00e1vban k\u00f6zlekedtek Suzukijukkal \u00e9s az ut\u00e1nfut\u00f3val, amikor egy nagy \u00fct\u00e9st \u00e9reztek. Egy angol rendsz\u00e1m\u00fa Audi, rom\u00e1n vezet\u0151vel egyszer\u0171en [&#8230;]<\/p>\n","protected":false},"author":4,"featured_media":0,"comment_status":"closed","ping_status":"closed","sticky":false,"template":"","format":"standard","meta":{"footnotes":""},"categories":[5],"tags":[41,1214,844,122],"class_list":["post-14398","post","type-post","status-publish","format-standard","hentry","category-kek-hirek","tag-baleset","tag-kocsi","tag-m3","tag-rendorseg"],"_links":{"self":[{"href":"https:\/\/www.agriatv.hu\/index.php?rest_route=\/wp\/v2\/posts\/14398","targetHints":{"allow":["GET"]}}],"collection":[{"href":"https:\/\/www.agriatv.hu\/index.php?rest_route=\/wp\/v2\/posts"}],"about":[{"href":"https:\/\/www.agriatv.hu\/index.php?rest_route=\/wp\/v2\/types\/post"}],"author":[{"embeddable":true,"href":"https:\/\/www.agriatv.hu\/index.php?rest_route=\/wp\/v2\/users\/4"}],"replies":[{"embeddable":true,"href":"https:\/\/www.agriatv.hu\/index.php?rest_route=%2Fwp%2Fv2%2Fcomments&post=14398"}],"version-history":[{"count":2,"href":"https:\/\/www.agriatv.hu\/index.php?rest_route=\/wp\/v2\/posts\/14398\/revisions"}],"predecessor-version":[{"id":14401,"href":"https:\/\/www.agriatv.hu\/index.php?rest_route=\/wp\/v2\/posts\/14398\/revisions\/14401"}],"wp:attachment":[{"href":"https:\/\/www.agriatv.hu\/index.php?rest_route=%2Fwp%2Fv2%2Fmedia&parent=14398"}],"wp:term":[{"taxonomy":"category","embeddable":true,"href":"https:\/\/www.agriatv.hu\/index.php?rest_route=%2Fwp%2Fv2%2Fcategories&post=14398"},{"taxonomy":"post_tag","embeddable":true,"href":"https:\/\/www.agriatv.hu\/index.php?rest_route=%2Fwp%2Fv2%2Ftags&post=14398"}],"curies":[{"name":"wp","href":"https:\/\/api.w.org\/{rel}","templated":true}]}}