{"id":14425,"date":"2015-07-22T20:10:21","date_gmt":"2015-07-22T20:10:21","guid":{"rendered":"http:\/\/www.agriatv.hu\/?p=14425"},"modified":"2015-07-22T20:20:51","modified_gmt":"2015-07-22T20:20:51","slug":"biciklist-gazoltak-halalra-a-33-as-fouton","status":"publish","type":"post","link":"https:\/\/www.agriatv.hu\/?p=14425","title":{"rendered":"Biciklist g\u00e1zoltak hal\u00e1lra a 33-as f\u0151\u00faton"},"content":{"rendered":"<p style=\"text-align: justify;\"><strong><a href=\"https:\/\/www.agriatv.hu\/wp-content\/uploads\/2015\/07\/0722bicikli_baleset_v.bmp\"><img loading=\"lazy\" decoding=\"async\" class=\"alignleft  wp-image-14426\" src=\"https:\/\/www.agriatv.hu\/wp-content\/uploads\/2015\/07\/0722bicikli_baleset_v.bmp\" alt=\"0722bicikli_baleset_v\" width=\"154\" height=\"123\" \/><\/a>Hal\u00e1los kimenetel\u0171 baleset t\u00f6rt\u00e9nt a 33-as sz\u00e1m\u00fa f\u0151\u00fat 12-es kilom\u00e9terszelv\u00e9ny\u00e9ben Beseny\u0151telek k\u00f6zel\u00e9ben<\/strong>.<\/p>\n<p style=\"text-align: justify;\">A f\u0151\u00faton egy szem\u00e9lyaut\u00f3 \u00e9s egy ker\u00e9kp\u00e1ros \u00fctk\u00f6z\u00f6tt \u00f6ssze. A mez\u0151t\u00e1rk\u00e1nyi el\u00e1gaz\u00e1sn\u00e1l szerd\u00e1n k\u00e9s\u0151 d\u00e9lut\u00e1n bek\u00f6vetkezett karambolban a biciklis vesztette \u00e9let\u00e9t. A helysz\u00ednel\u00e9s teljes \u00fatz\u00e1r mellett kezd\u0151d\u00f6tt meg.<\/p>\n<p style=\"text-align: justify;\">\u00dagy tudjuk, a biciklis egy keresztez\u0151d\u00e9s ut\u00e1n a f\u0151\u00faton meg akart fordulni, amikor a Debrecen fel\u00e9 halad\u00f3 aut\u00f3 el\u00fct\u00f6tte. Inform\u00e1ci\u00f3ink szerint, a kocsi\u00a0 vezet\u0151je pr\u00f3b\u00e1lta kiker\u00fclni az el\u00e9 fordul\u00f3 ker\u00e9kp\u00e1rost, \u00e1tt\u00e9rt a m\u00e1sik s\u00e1vba is, de az \u00fctk\u00f6z\u00e9st nem tudta elker\u00fclni.<\/p>\n<p style=\"text-align: justify;\">A baleset k\u00f6r\u00fclm\u00e9nyeit a rend\u0151rs\u00e9g szak\u00e9rt\u0151 bevon\u00e1s\u00e1val vizsg\u00e1lja.<strong><div class=\"wordtube\">\n<div class=\"wordtube single1499\" id=\"WT1_1\" style=\"width:320px; height:240px;\">\n<a href=\"http:\/\/www.macromedia.com\/go\/getflashplayer\">Get the Flash Player<\/a> to see the wordTube Media Player.\n<\/div><\/div>\n\t<script type=\"text\/javascript\" defer=\"defer\">\nvar WT1_1 = {\n\tparams : {\n\t\twmode : \"opaque\",\n\t\tallowscriptaccess : \"always\",\n\t\tallownetworking : \"all\",\n\t\tallowfullscreen : \"true\"},\n\tflashvars : {\n\t\tfile : \"http%3A%2F%2Fwww.agriatv.hu%2Fwp-content%2Fuploads%2F2015%2F07%2F0722bicikli_baleset.flv\",\n\t\tvolume : \"80\",\n\t\tbufferlength : \"5\",\n\t\tquality : \"false\",\n\t\t'logo.hide' : \"false\",\n\t\timage : \"http%3A%2F%2Fwww.agriatv.hu%2Fwp-content%2Fuploads%2F2015%2F07%2F0722bicikli_baleset.Still014.bmp\",\n\t\ttitle : \"0722bicikli_baleset.flv\",\n\t\tlinktarget : \"_self\"},\n\tattr : {\n\t\tid : \"WT1\",\n\t\tname : \"WT1\"},\n\tstart : function() {\n\t\tswfobject.embedSWF(\"https:\/\/www.agriatv.hu\/\/player.swf\", \"WT1_1\", \"320\", \"240\", \"9.0.0\", false, this.flashvars, this.params , this.attr );\n\t}\n}\nWT1_1.start();\n\t<\/script>\n<\/strong><\/p>\n","protected":false},"excerpt":{"rendered":"<p>Hal\u00e1los kimenetel\u0171 baleset t\u00f6rt\u00e9nt a 33-as sz\u00e1m\u00fa f\u0151\u00fat 12-es kilom\u00e9terszelv\u00e9ny\u00e9ben Beseny\u0151telek k\u00f6zel\u00e9ben.<br \/>\nA f\u0151\u00faton egy szem\u00e9lyaut\u00f3 \u00e9s egy ker\u00e9kp\u00e1ros \u00fctk\u00f6z\u00f6tt \u00f6ssze. A mez\u0151t\u00e1rk\u00e1nyi el\u00e1gaz\u00e1sn\u00e1l szerd\u00e1n k\u00e9s\u0151 d\u00e9lut\u00e1n bek\u00f6vetkezett karambolban a biciklis vesztette \u00e9let\u00e9t. A helysz\u00ednel\u00e9s teljes \u00fatz\u00e1r mellett kezd\u0151d\u00f6tt meg.<br \/>\n\u00dagy tudjuk, a biciklis egy keresztez\u0151d\u00e9s ut\u00e1n a f\u0151\u00faton meg akart fordulni, amikor a Debrecen fel\u00e9 halad\u00f3 [&#8230;]<\/p>\n","protected":false},"author":4,"featured_media":0,"comment_status":"closed","ping_status":"closed","sticky":false,"template":"","format":"standard","meta":{"footnotes":""},"categories":[5],"tags":[2257,41,1557,771],"class_list":["post-14425","post","type-post","status-publish","format-standard","hentry","category-kek-hirek","tag-33-sz-ut","tag-baleset","tag-bicikli","tag-halal"],"_links":{"self":[{"href":"https:\/\/www.agriatv.hu\/index.php?rest_route=\/wp\/v2\/posts\/14425","targetHints":{"allow":["GET"]}}],"collection":[{"href":"https:\/\/www.agriatv.hu\/index.php?rest_route=\/wp\/v2\/posts"}],"about":[{"href":"https:\/\/www.agriatv.hu\/index.php?rest_route=\/wp\/v2\/types\/post"}],"author":[{"embeddable":true,"href":"https:\/\/www.agriatv.hu\/index.php?rest_route=\/wp\/v2\/users\/4"}],"replies":[{"embeddable":true,"href":"https:\/\/www.agriatv.hu\/index.php?rest_route=%2Fwp%2Fv2%2Fcomments&post=14425"}],"version-history":[{"count":3,"href":"https:\/\/www.agriatv.hu\/index.php?rest_route=\/wp\/v2\/posts\/14425\/revisions"}],"predecessor-version":[{"id":14429,"href":"https:\/\/www.agriatv.hu\/index.php?rest_route=\/wp\/v2\/posts\/14425\/revisions\/14429"}],"wp:attachment":[{"href":"https:\/\/www.agriatv.hu\/index.php?rest_route=%2Fwp%2Fv2%2Fmedia&parent=14425"}],"wp:term":[{"taxonomy":"category","embeddable":true,"href":"https:\/\/www.agriatv.hu\/index.php?rest_route=%2Fwp%2Fv2%2Fcategories&post=14425"},{"taxonomy":"post_tag","embeddable":true,"href":"https:\/\/www.agriatv.hu\/index.php?rest_route=%2Fwp%2Fv2%2Ftags&post=14425"}],"curies":[{"name":"wp","href":"https:\/\/api.w.org\/{rel}","templated":true}]}}