{"id":14443,"date":"2015-07-25T19:51:47","date_gmt":"2015-07-25T19:51:47","guid":{"rendered":"http:\/\/www.agriatv.hu\/?p=14443"},"modified":"2015-07-25T19:51:47","modified_gmt":"2015-07-25T19:51:47","slug":"meggyilkolta-ket-gyermeket-majd-megolte-magat-is","status":"publish","type":"post","link":"https:\/\/www.agriatv.hu\/?p=14443","title":{"rendered":"Meggyilkolta k\u00e9t gyermek\u00e9t, majd meg\u00f6lte mag\u00e1t is"},"content":{"rendered":"<p><strong><a href=\"https:\/\/www.agriatv.hu\/wp-content\/uploads\/2015\/07\/0725gyilok_heves_v.jpg\"><img loading=\"lazy\" decoding=\"async\" class=\"alignleft  wp-image-14444\" src=\"https:\/\/www.agriatv.hu\/wp-content\/uploads\/2015\/07\/0725gyilok_heves_v-300x240.jpg\" alt=\"0725gyilok_heves_v\" width=\"138\" height=\"110\" srcset=\"https:\/\/www.agriatv.hu\/wp-content\/uploads\/2015\/07\/0725gyilok_heves_v-300x240.jpg 300w, https:\/\/www.agriatv.hu\/wp-content\/uploads\/2015\/07\/0725gyilok_heves_v-100x80.jpg 100w, https:\/\/www.agriatv.hu\/wp-content\/uploads\/2015\/07\/0725gyilok_heves_v.jpg 720w\" sizes=\"auto, (max-width: 138px) 100vw, 138px\" \/><\/a>A ment\u0151szolg\u00e1lat munkat\u00e1rsai 2015. j\u00falius 25-\u00e9n a reggeli \u00f3r\u00e1kban bejelent\u00e9st tettek a Heves Megyei Rend\u0151r-f\u0151kapit\u00e1nys\u00e1g Tev\u00e9kenys\u00e9g-ir\u00e1ny\u00edt\u00e1si K\u00f6zpontj\u00e1ba arr\u00f3l, hogy egy hevesi csal\u00e1di h\u00e1zban h\u00e1rom holttestet tal\u00e1ltak.<\/strong><br \/>\nA rend\u0151r\u00f6k azonnal megjelentek a csal\u00e1di h\u00e1zban \u00e9s megkezdt\u00e9k a helysz\u00edni szeml\u00e9t \u00e9s adatgy\u0171jt\u00e9st, melynek keret\u00e9ben kirendelt orvosszak\u00e9rt\u0151 els\u0151dleges meg\u00e1llap\u00edt\u00e1sa szerint a 6 \u00e9s 12 \u00e9ves kisfi\u00fak hal\u00e1l\u00e1t idegenkez\u0171s\u00e9g okozta. A 35 \u00e9ves f\u00e9rfi \u00f6nkez\u0171leg vetett v\u00e9get \u00e9let\u00e9nek &#8211; k\u00f6z\u00f6lte a Heves Megyei Rend\u0151r-f\u0151kapit\u00e1nys\u00e1g sajt\u00f3\u00fcgyelete.<\/p>\n<p>A helysz\u00ednel\u00e9st v\u00e9gz\u0151 rend\u0151r\u00f6k az egyik szob\u00e1ban megtal\u00e1lt\u00e1k az elhunyt f\u00e9rfi b\u00facs\u00falevel\u00e9t, amelyben megindokolta tett\u00e9t.<\/p>\n<p>A Heves Megyei Rend\u0151r-f\u0151kapit\u00e1nys\u00e1g B\u0171n\u00fcgyi Oszt\u00e1lya a k\u00e9t gyermek \u00fcgy\u00e9ben ember\u00f6l\u00e9s b\u0171ntett elk\u00f6vet\u00e9s\u00e9nek megalapozott gyan\u00faja miatt rendelt el nyomoz\u00e1st, a f\u00e9rfi hal\u00e1la \u00fcgy\u00e9ben k\u00f6zigazgat\u00e1si hat\u00f3s\u00e1gi elj\u00e1r\u00e1st ind\u00edtott.\n<div class=\"youtube-embed ye-container\" itemprop=\"video\" itemscope itemtype=\"https:\/\/schema.org\/VideoObject\">\n\t<meta itemprop=\"url\" content=\"https:\/\/www.youtube.com\/v\/sioQA7smXCs\" \/>\n\t<meta itemprop=\"name\" content=\"Meggyilkolta k\u00e9t gyermek\u00e9t, majd meg\u00f6lte mag\u00e1t is\" \/>\n\t<meta itemprop=\"description\" content=\"Meggyilkolta k\u00e9t gyermek\u00e9t, majd meg\u00f6lte mag\u00e1t is\" \/>\n\t<meta itemprop=\"uploadDate\" content=\"2015-07-25T19:51:47+00:00\" \/>\n\t<meta itemprop=\"thumbnailUrl\" content=\"https:\/\/i.ytimg.com\/vi\/sioQA7smXCs\/default.jpg\" \/>\n\t<meta itemprop=\"embedUrl\" content=\"https:\/\/www.youtube.com\/embed\/sioQA7smXCs\" \/>\n\t<meta itemprop=\"height\" content=\"1080\" \/>\n\t<meta itemprop=\"width\" content=\"1920\" \/>\n\t<iframe loading=\"lazy\" style=\"border: 0;\" class=\"youtube-player\" width=\"1920\" height=\"1080\" src=\"https:\/\/www.youtube.com\/embed\/sioQA7smXCs?modestbranding=1&fs=0&rel=0\"><\/iframe>\n<\/div>\n<\/p>\n","protected":false},"excerpt":{"rendered":"<p>A ment\u0151szolg\u00e1lat munkat\u00e1rsai 2015. j\u00falius 25-\u00e9n a reggeli \u00f3r\u00e1kban bejelent\u00e9st tettek a Heves Megyei Rend\u0151r-f\u0151kapit\u00e1nys\u00e1g Tev\u00e9kenys\u00e9g-ir\u00e1ny\u00edt\u00e1si K\u00f6zpontj\u00e1ba arr\u00f3l, hogy egy hevesi csal\u00e1di h\u00e1zban h\u00e1rom holttestet tal\u00e1ltak.<br \/>\nA rend\u0151r\u00f6k azonnal megjelentek a csal\u00e1di h\u00e1zban \u00e9s megkezdt\u00e9k a helysz\u00edni szeml\u00e9t \u00e9s adatgy\u0171jt\u00e9st, melynek keret\u00e9ben kirendelt orvosszak\u00e9rt\u0151 els\u0151dleges meg\u00e1llap\u00edt\u00e1sa szerint a 6 \u00e9s 12 \u00e9ves kisfi\u00fak hal\u00e1l\u00e1t idegenkez\u0171s\u00e9g okozta. [&#8230;]<\/p>\n","protected":false},"author":4,"featured_media":0,"comment_status":"closed","ping_status":"closed","sticky":false,"template":"","format":"standard","meta":{"footnotes":""},"categories":[5],"tags":[320,771,237,122],"class_list":["post-14443","post","type-post","status-publish","format-standard","hentry","category-kek-hirek","tag-gyermek","tag-halal","tag-heves","tag-rendorseg"],"_links":{"self":[{"href":"https:\/\/www.agriatv.hu\/index.php?rest_route=\/wp\/v2\/posts\/14443","targetHints":{"allow":["GET"]}}],"collection":[{"href":"https:\/\/www.agriatv.hu\/index.php?rest_route=\/wp\/v2\/posts"}],"about":[{"href":"https:\/\/www.agriatv.hu\/index.php?rest_route=\/wp\/v2\/types\/post"}],"author":[{"embeddable":true,"href":"https:\/\/www.agriatv.hu\/index.php?rest_route=\/wp\/v2\/users\/4"}],"replies":[{"embeddable":true,"href":"https:\/\/www.agriatv.hu\/index.php?rest_route=%2Fwp%2Fv2%2Fcomments&post=14443"}],"version-history":[{"count":2,"href":"https:\/\/www.agriatv.hu\/index.php?rest_route=\/wp\/v2\/posts\/14443\/revisions"}],"predecessor-version":[{"id":14446,"href":"https:\/\/www.agriatv.hu\/index.php?rest_route=\/wp\/v2\/posts\/14443\/revisions\/14446"}],"wp:attachment":[{"href":"https:\/\/www.agriatv.hu\/index.php?rest_route=%2Fwp%2Fv2%2Fmedia&parent=14443"}],"wp:term":[{"taxonomy":"category","embeddable":true,"href":"https:\/\/www.agriatv.hu\/index.php?rest_route=%2Fwp%2Fv2%2Fcategories&post=14443"},{"taxonomy":"post_tag","embeddable":true,"href":"https:\/\/www.agriatv.hu\/index.php?rest_route=%2Fwp%2Fv2%2Ftags&post=14443"}],"curies":[{"name":"wp","href":"https:\/\/api.w.org\/{rel}","templated":true}]}}