{"id":14470,"date":"2015-08-10T10:21:49","date_gmt":"2015-08-10T10:21:49","guid":{"rendered":"http:\/\/www.agriatv.hu\/?p=14470"},"modified":"2015-08-10T10:33:23","modified_gmt":"2015-08-10T10:33:23","slug":"sosavat-szallito-kamion-alatt-szakadt-be-az-ut","status":"publish","type":"post","link":"https:\/\/www.agriatv.hu\/?p=14470","title":{"rendered":"S\u00f3savat sz\u00e1ll\u00edt\u00f3 kamion alatt szakadt be a fedlap"},"content":{"rendered":"<p style=\"text-align: justify;\"><strong><a href=\"https:\/\/www.agriatv.hu\/wp-content\/uploads\/2015\/08\/0810dormand_sosav_v.jpg\"><img loading=\"lazy\" decoding=\"async\" class=\"alignleft  wp-image-14471\" src=\"https:\/\/www.agriatv.hu\/wp-content\/uploads\/2015\/08\/0810dormand_sosav_v-300x240.jpg\" alt=\"0810dormand_sosav_v\" width=\"148\" height=\"118\" srcset=\"https:\/\/www.agriatv.hu\/wp-content\/uploads\/2015\/08\/0810dormand_sosav_v-300x240.jpg 300w, https:\/\/www.agriatv.hu\/wp-content\/uploads\/2015\/08\/0810dormand_sosav_v-100x80.jpg 100w, https:\/\/www.agriatv.hu\/wp-content\/uploads\/2015\/08\/0810dormand_sosav_v.jpg 720w\" sizes=\"auto, (max-width: 148px) 100vw, 148px\" \/><\/a>Beszakadt az \u00e1rok fedele egy vesz\u00e9lyes anyagot sz\u00e1ll\u00edt\u00f3 kamion alatt a 31-es f\u0151\u00faton, Dorm\u00e1ndon.<\/strong><\/p>\n<div id=\"content\" style=\"text-align: justify;\">\n<div id=\"main\">Hevesi Katalin a Heves Megyei Katasztr\u00f3fav\u00e9delmi Igazgat\u00f3s\u00e1g \u00fcgyeletes sz\u00f3viv\u0151je elmondta:\u00a0a j\u00e1rm\u0171 akad\u00e1lyozza a f\u0151\u00fat forgalm\u00e1t, a m\u0171szaki ment\u00e9shez a f\u00fczesabonyi katasztr\u00f3fav\u00e9delmi \u0151rs t\u0171zolt\u00f3it riasztott\u00e1k, majd id\u0151k\u00f6zben Hevesr\u0151l is \u00e9rkezett egy t\u0171zolt\u00f3 egys\u00e9g. A helysz\u00ednen van m\u00e1r a katasztr\u00f3fav\u00e9delem m\u0171veleti szolg\u00e1lata, a mobil labor, valamint Miskolcr\u00f3l a vegyi kont\u00e9ner. A j\u00e1rm\u0171vet a t\u0171zolt\u00f3k m\u00e1r r\u00f6gz\u00edtett\u00e9k az \u00e1tfejt\u00e9shez, amelynek idej\u00e9re korl\u00e1toz\u00f3 int\u00e9zked\u00e9st &#8211; a lakoss\u00e1g elz\u00e1rk\u00f3ztat\u00e1s\u00e1t &#8211; is el kellett rendelni. Ez jelen helyzet szerint 20-30 embert \u00e9rinthet.<\/p>\n<div class=\"cikktarto\">\n<div id=\"zonakod_1626\" class=\"ad ad468\">\n<div class=\"hirdetes\">\n<div class=\"fblikediv\">Nagy Zolt\u00e1n t\u00fc. \u0151rnagy k\u00e9rd\u00e9s\u00fcnkre elmondta: a teheraut\u00f3 25 ezer liternyi t\u00f6m\u00e9ny s\u00f3savat sz\u00e1ll\u00edtott a 31-es f\u0151\u00fat Dorm\u00e1nd belter\u00fcleti szakasz\u00e1n, amikor a baleset bek\u00f6vetkezett.<br \/>\n\u00dagy tudjuk, a g\u00e9pkocsivezet\u0151 vesz\u00e9lyes rakom\u00e1ny\u00e1val leh\u00faz\u00f3dott a nagy teherb\u00edr\u00e1s\u00fa \u00fatburkolatr\u00f3l \u00e9s aknafedelekre hajtott. A vezet\u0151 nagy cs\u00f6rg\u00e9st hallott, arra gondolt, hogy valamilyen kiseg\u00edt\u0151 eszk\u00f6z meglazult a j\u00e1rm\u0171v\u00f6n \u00e9s leeshetett. Az\u00e9rt\u00a0\u00e1ll f\u00e9lre, hogy ezt megn\u00e9zhesse.<\/div>\n<\/div>\n<\/div>\n<\/div>\n<\/div>\n<\/div>\n<p style=\"text-align: justify;\">\n<div class=\"youtube-embed ye-container\" itemprop=\"video\" itemscope itemtype=\"https:\/\/schema.org\/VideoObject\">\n\t<meta itemprop=\"url\" content=\"https:\/\/www.youtube.com\/v\/21Zufec0BjU\" \/>\n\t<meta itemprop=\"name\" content=\"S\u00f3savat sz\u00e1ll\u00edt\u00f3 kamion alatt szakadt be a fedlap\" \/>\n\t<meta itemprop=\"description\" content=\"S\u00f3savat sz\u00e1ll\u00edt\u00f3 kamion alatt szakadt be a fedlap\" \/>\n\t<meta itemprop=\"uploadDate\" content=\"2015-08-10T10:21:49+00:00\" \/>\n\t<meta itemprop=\"thumbnailUrl\" content=\"https:\/\/i.ytimg.com\/vi\/21Zufec0BjU\/default.jpg\" \/>\n\t<meta itemprop=\"embedUrl\" content=\"https:\/\/www.youtube.com\/embed\/21Zufec0BjU\" \/>\n\t<meta itemprop=\"height\" content=\"1080\" \/>\n\t<meta itemprop=\"width\" content=\"1920\" \/>\n\t<iframe loading=\"lazy\" style=\"border: 0;\" class=\"youtube-player\" width=\"1920\" height=\"1080\" src=\"https:\/\/www.youtube.com\/embed\/21Zufec0BjU?modestbranding=1&fs=0&rel=0\"><\/iframe>\n<\/div>\n<\/p>\n","protected":false},"excerpt":{"rendered":"<p>Beszakadt az \u00e1rok fedele egy vesz\u00e9lyes anyagot sz\u00e1ll\u00edt\u00f3 kamion alatt a 31-es f\u0151\u00faton, Dorm\u00e1ndon.<\/p>\n<p>Hevesi Katalin a Heves Megyei Katasztr\u00f3fav\u00e9delmi Igazgat\u00f3s\u00e1g \u00fcgyeletes sz\u00f3viv\u0151je elmondta:\u00a0a j\u00e1rm\u0171 akad\u00e1lyozza a f\u0151\u00fat forgalm\u00e1t, a m\u0171szaki ment\u00e9shez a f\u00fczesabonyi katasztr\u00f3fav\u00e9delmi \u0151rs t\u0171zolt\u00f3it riasztott\u00e1k, majd id\u0151k\u00f6zben Hevesr\u0151l is \u00e9rkezett egy t\u0171zolt\u00f3 egys\u00e9g. A helysz\u00ednen van m\u00e1r a katasztr\u00f3fav\u00e9delem m\u0171veleti szolg\u00e1lata, a mobil [&#8230;]<\/p>\n","protected":false},"author":4,"featured_media":0,"comment_status":"closed","ping_status":"closed","sticky":false,"template":"","format":"standard","meta":{"footnotes":""},"categories":[5],"tags":[41,2118,875,313,2260],"class_list":["post-14470","post","type-post","status-publish","format-standard","hentry","category-kek-hirek","tag-baleset","tag-dormand","tag-kamion","tag-katasztrofavedelem","tag-sosav"],"_links":{"self":[{"href":"https:\/\/www.agriatv.hu\/index.php?rest_route=\/wp\/v2\/posts\/14470","targetHints":{"allow":["GET"]}}],"collection":[{"href":"https:\/\/www.agriatv.hu\/index.php?rest_route=\/wp\/v2\/posts"}],"about":[{"href":"https:\/\/www.agriatv.hu\/index.php?rest_route=\/wp\/v2\/types\/post"}],"author":[{"embeddable":true,"href":"https:\/\/www.agriatv.hu\/index.php?rest_route=\/wp\/v2\/users\/4"}],"replies":[{"embeddable":true,"href":"https:\/\/www.agriatv.hu\/index.php?rest_route=%2Fwp%2Fv2%2Fcomments&post=14470"}],"version-history":[{"count":2,"href":"https:\/\/www.agriatv.hu\/index.php?rest_route=\/wp\/v2\/posts\/14470\/revisions"}],"predecessor-version":[{"id":14473,"href":"https:\/\/www.agriatv.hu\/index.php?rest_route=\/wp\/v2\/posts\/14470\/revisions\/14473"}],"wp:attachment":[{"href":"https:\/\/www.agriatv.hu\/index.php?rest_route=%2Fwp%2Fv2%2Fmedia&parent=14470"}],"wp:term":[{"taxonomy":"category","embeddable":true,"href":"https:\/\/www.agriatv.hu\/index.php?rest_route=%2Fwp%2Fv2%2Fcategories&post=14470"},{"taxonomy":"post_tag","embeddable":true,"href":"https:\/\/www.agriatv.hu\/index.php?rest_route=%2Fwp%2Fv2%2Ftags&post=14470"}],"curies":[{"name":"wp","href":"https:\/\/api.w.org\/{rel}","templated":true}]}}