{"id":14553,"date":"2015-08-30T19:02:31","date_gmt":"2015-08-30T19:02:31","guid":{"rendered":"http:\/\/www.agriatv.hu\/?p=14553"},"modified":"2015-08-30T19:03:20","modified_gmt":"2015-08-30T19:03:20","slug":"megmasztak-az-egri-varat","status":"publish","type":"post","link":"https:\/\/www.agriatv.hu\/?p=14553","title":{"rendered":"Megm\u00e1szt\u00e1k az egri v\u00e1rat"},"content":{"rendered":"<p style=\"text-align: justify;\"><strong><a href=\"https:\/\/www.agriatv.hu\/wp-content\/uploads\/2015\/08\/0830varfal_eger_v.jpg\"><img loading=\"lazy\" decoding=\"async\" class=\"alignleft wp-image-14554\" src=\"https:\/\/www.agriatv.hu\/wp-content\/uploads\/2015\/08\/0830varfal_eger_v-300x240.jpg\" alt=\"0830varfal_eger_v\" width=\"120\" height=\"96\" srcset=\"https:\/\/www.agriatv.hu\/wp-content\/uploads\/2015\/08\/0830varfal_eger_v-300x240.jpg 300w, https:\/\/www.agriatv.hu\/wp-content\/uploads\/2015\/08\/0830varfal_eger_v-100x80.jpg 100w, https:\/\/www.agriatv.hu\/wp-content\/uploads\/2015\/08\/0830varfal_eger_v.jpg 720w\" sizes=\"auto, (max-width: 120px) 100vw, 120px\" \/><\/a>H\u00e1rom \u00e9v kihagy\u00e1s ut\u00e1n 14. alkalommal rendezt\u00e9k meg az Egri V\u00e1rfalm\u00e1sz\u00f3 Versenyt a Dob\u00f3 B\u00e1sty\u00e1n.<\/strong><\/p>\n<div id=\"content\">\n<div id=\"main\">\n<div class=\"cikktarto\">\n<div class=\"cikkleft cikktext\">\n<p style=\"text-align: justify;\">A h\u00e9tv\u00e9gi v\u00e1rfalm\u00e1sz\u00f3 versenyen szombaton az el\u0151d\u00f6nt\u0151t, vas\u00e1rnap a d\u00f6nt\u0151t tartott\u00e1k. N\u00e9gy kateg\u00f3ri\u00e1ban indultak a versenyz\u0151k: ifj\u00fas\u00e1gi fi\u00fa kateg\u00f3ri\u00e1ban \u00f6ten, ifj\u00fas\u00e1gi n\u0151iben nyolcan, feln\u0151tt n\u0151i kateg\u00f3ri\u00e1ban huszonn\u00e9gyen, m\u00edg feln\u0151tt f\u00e9rfiben negyvenkilencen m\u00e1szt\u00e1k meg a v\u00e1r 20 m\u00e9teres fal\u00e1t.<\/p>\n<p style=\"text-align: justify;\">Az \u00f6sszesen nyolcvanhat r\u00e9szt vev\u0151 rekordnak sz\u00e1m\u00edt a verseny t\u00f6rt\u00e9nelm\u00e9ben. A XIV. Egri V\u00e1rfalm\u00e1sz\u00f3 Verseny gy\u0151ztesei: ifj\u00fas\u00e1gi fi\u00fa kateg\u00f3ri\u00e1ban V\u00e1lyi Gerg\u0151, ifj\u00fas\u00e1gi l\u00e1ny\u00e9ban Rubint Blanka, feln\u0151tt n\u0151iben Nagy Szilvia, m\u00edg feln\u0151tt f\u00e9rfi\u00e9ban: Ronyai P\u00e9ter.\n<div class=\"youtube-embed ye-container\" itemprop=\"video\" itemscope itemtype=\"https:\/\/schema.org\/VideoObject\">\n\t<meta itemprop=\"url\" content=\"https:\/\/www.youtube.com\/v\/DK0ha6pkY-k\" \/>\n\t<meta itemprop=\"name\" content=\"Megm\u00e1szt\u00e1k az egri v\u00e1rat\" \/>\n\t<meta itemprop=\"description\" content=\"Megm\u00e1szt\u00e1k az egri v\u00e1rat\" \/>\n\t<meta itemprop=\"uploadDate\" content=\"2015-08-30T19:02:31+00:00\" \/>\n\t<meta itemprop=\"thumbnailUrl\" content=\"https:\/\/i.ytimg.com\/vi\/DK0ha6pkY-k\/default.jpg\" \/>\n\t<meta itemprop=\"embedUrl\" content=\"https:\/\/www.youtube.com\/embed\/DK0ha6pkY-k\" \/>\n\t<meta itemprop=\"height\" content=\"1080\" \/>\n\t<meta itemprop=\"width\" content=\"1920\" \/>\n\t<iframe loading=\"lazy\" style=\"border: 0;\" class=\"youtube-player\" width=\"1920\" height=\"1080\" src=\"https:\/\/www.youtube.com\/embed\/DK0ha6pkY-k?modestbranding=1&fs=0&rel=0\"><\/iframe>\n<\/div>\n<\/p>\n<\/div>\n<\/div>\n<\/div>\n<\/div>\n","protected":false},"excerpt":{"rendered":"<p>H\u00e1rom \u00e9v kihagy\u00e1s ut\u00e1n 14. alkalommal rendezt\u00e9k meg az Egri V\u00e1rfalm\u00e1sz\u00f3 Versenyt a Dob\u00f3 B\u00e1sty\u00e1n.<\/p>\n<p>A h\u00e9tv\u00e9gi v\u00e1rfalm\u00e1sz\u00f3 versenyen szombaton az el\u0151d\u00f6nt\u0151t, vas\u00e1rnap a d\u00f6nt\u0151t tartott\u00e1k. N\u00e9gy kateg\u00f3ri\u00e1ban indultak a versenyz\u0151k: ifj\u00fas\u00e1gi fi\u00fa kateg\u00f3ri\u00e1ban \u00f6ten, ifj\u00fas\u00e1gi n\u0151iben nyolcan, feln\u0151tt n\u0151i kateg\u00f3ri\u00e1ban huszonn\u00e9gyen, m\u00edg feln\u0151tt f\u00e9rfiben negyvenkilencen m\u00e1szt\u00e1k meg a v\u00e1r 20 m\u00e9teres fal\u00e1t.<br \/>\nAz \u00f6sszesen nyolcvanhat r\u00e9szt [&#8230;]<\/p>\n","protected":false},"author":4,"featured_media":0,"comment_status":"closed","ping_status":"closed","sticky":false,"template":"","format":"standard","meta":{"footnotes":""},"categories":[6,19,11,4],"tags":[36,2276,193,314],"class_list":["post-14553","post","type-post","status-publish","format-standard","hentry","category-belfold","category-egeszseg","category-sport","category-szabadido","tag-eger","tag-maszas","tag-var","tag-verseny"],"_links":{"self":[{"href":"https:\/\/www.agriatv.hu\/index.php?rest_route=\/wp\/v2\/posts\/14553","targetHints":{"allow":["GET"]}}],"collection":[{"href":"https:\/\/www.agriatv.hu\/index.php?rest_route=\/wp\/v2\/posts"}],"about":[{"href":"https:\/\/www.agriatv.hu\/index.php?rest_route=\/wp\/v2\/types\/post"}],"author":[{"embeddable":true,"href":"https:\/\/www.agriatv.hu\/index.php?rest_route=\/wp\/v2\/users\/4"}],"replies":[{"embeddable":true,"href":"https:\/\/www.agriatv.hu\/index.php?rest_route=%2Fwp%2Fv2%2Fcomments&post=14553"}],"version-history":[{"count":2,"href":"https:\/\/www.agriatv.hu\/index.php?rest_route=\/wp\/v2\/posts\/14553\/revisions"}],"predecessor-version":[{"id":14556,"href":"https:\/\/www.agriatv.hu\/index.php?rest_route=\/wp\/v2\/posts\/14553\/revisions\/14556"}],"wp:attachment":[{"href":"https:\/\/www.agriatv.hu\/index.php?rest_route=%2Fwp%2Fv2%2Fmedia&parent=14553"}],"wp:term":[{"taxonomy":"category","embeddable":true,"href":"https:\/\/www.agriatv.hu\/index.php?rest_route=%2Fwp%2Fv2%2Fcategories&post=14553"},{"taxonomy":"post_tag","embeddable":true,"href":"https:\/\/www.agriatv.hu\/index.php?rest_route=%2Fwp%2Fv2%2Ftags&post=14553"}],"curies":[{"name":"wp","href":"https:\/\/api.w.org\/{rel}","templated":true}]}}