{"id":14557,"date":"2015-08-31T16:33:50","date_gmt":"2015-08-31T16:33:50","guid":{"rendered":"http:\/\/www.agriatv.hu\/?p=14557"},"modified":"2015-08-31T16:34:39","modified_gmt":"2015-08-31T16:34:39","slug":"parkoloba-hajtott-egy-busz","status":"publish","type":"post","link":"https:\/\/www.agriatv.hu\/?p=14557","title":{"rendered":"Parkol\u00f3ba hajtott egy busz"},"content":{"rendered":"<p style=\"text-align: justify;\"><strong><a href=\"https:\/\/www.agriatv.hu\/wp-content\/uploads\/2015\/08\/0831busz_eger_v.jpg\"><img loading=\"lazy\" decoding=\"async\" class=\"alignleft  wp-image-14559\" src=\"https:\/\/www.agriatv.hu\/wp-content\/uploads\/2015\/08\/0831busz_eger_v-300x240.jpg\" alt=\"0831busz_eger_v\" width=\"151\" height=\"121\" srcset=\"https:\/\/www.agriatv.hu\/wp-content\/uploads\/2015\/08\/0831busz_eger_v-300x240.jpg 300w, https:\/\/www.agriatv.hu\/wp-content\/uploads\/2015\/08\/0831busz_eger_v-100x80.jpg 100w, https:\/\/www.agriatv.hu\/wp-content\/uploads\/2015\/08\/0831busz_eger_v.jpg 720w\" sizes=\"auto, (max-width: 151px) 100vw, 151px\" \/><\/a>Egy, az egri T\u00f6rv\u00e9nyh\u00e1z utc\u00e1n keresztben \u00e1ll\u00f3 busz zavarta a forgalmat h\u00e9tf\u0151 d\u00e9lut\u00e1n a megyesz\u00e9khelyen.<\/strong><\/p>\n<p style=\"text-align: justify;\">Eddig ismeretlen okb\u00f3l ker\u00fclt a Bark\u00f3czy utca fel\u0151l \u00e9rkez\u0151 busz a T\u00f6rv\u00e9nyh\u00e1z \u00fat ellent\u00e9tes oldal\u00e1n l\u00e9v\u0151 parkol\u00f3ba.<\/p>\n<p style=\"text-align: justify;\">Szem\u00e9lyi s\u00e9r\u00fcl\u00e9s nem t\u00f6rt\u00e9nt, az aut\u00f3busz nem \u00fctk\u00f6z\u00f6tt m\u00e1sik j\u00e1rm\u0171vel, s egyel\u0151re csak tal\u00e1lgatni lehet, mi\u00e9rt nem siker\u00fclt bevennie a kanyart a sof\u0151rnek. A j\u00e1rm\u0171 kid\u00f6nt\u00f6tt egy t\u00e1j\u00e9koztat\u00f3 t\u00e1bl\u00e1t, s csup\u00e1n n\u00e9h\u00e1ny centire \u00e1llt meg egy ott parkol\u00f3 szem\u00e9lyaut\u00f3t\u00f3l.<\/p>\n<p style=\"text-align: justify;\">A helysz\u00ednel\u00e9s idej\u00e9n forgalomkorl\u00e1toz\u00e1sra kellett sz\u00e1m\u00edtaniuk az aut\u00f3soknak a T\u00f6rv\u00e9nyh\u00e1z \u00faton.<\/p>\n<p style=\"text-align: justify;\">AZ els\u0151 inform\u00e1ci\u00f3k arr\u00f3l sz\u00f3ltak, hogy m\u0171szaki hiba keletkezett, vagy a vezet\u0151 lett rosszul. \u00dagy tudjuk, egyik sem volt r\u00e9sze a balesetnek: kanyarod\u00e1s k\u00f6zben r\u00e1ntotta el valami\u00e9rt a j\u00e1rm\u0171 vezet\u0151je a korm\u00e1nyt.<\/p>\n<p style=\"text-align: justify;\">Aut\u00f3ment\u0151 \u00e9rkezett a helysz\u00ednre, de a busz saj\u00e1t l\u00e1b\u00e1n t\u00e1vozott a helysz\u00ednr\u0151l.\n<div class=\"youtube-embed ye-container\" itemprop=\"video\" itemscope itemtype=\"https:\/\/schema.org\/VideoObject\">\n\t<meta itemprop=\"url\" content=\"https:\/\/www.youtube.com\/v\/7TSz6R1bYZ4\" \/>\n\t<meta itemprop=\"name\" content=\"Parkol\u00f3ba hajtott egy busz\" \/>\n\t<meta itemprop=\"description\" content=\"Parkol\u00f3ba hajtott egy busz\" \/>\n\t<meta itemprop=\"uploadDate\" content=\"2015-08-31T16:33:50+00:00\" \/>\n\t<meta itemprop=\"thumbnailUrl\" content=\"https:\/\/i.ytimg.com\/vi\/7TSz6R1bYZ4\/default.jpg\" \/>\n\t<meta itemprop=\"embedUrl\" content=\"https:\/\/www.youtube.com\/embed\/7TSz6R1bYZ4\" \/>\n\t<meta itemprop=\"height\" content=\"1080\" \/>\n\t<meta itemprop=\"width\" content=\"1920\" \/>\n\t<iframe loading=\"lazy\" style=\"border: 0;\" class=\"youtube-player\" width=\"1920\" height=\"1080\" src=\"https:\/\/www.youtube.com\/embed\/7TSz6R1bYZ4?modestbranding=1&fs=0&rel=0\"><\/iframe>\n<\/div>\n<\/p>\n","protected":false},"excerpt":{"rendered":"<p>Egy, az egri T\u00f6rv\u00e9nyh\u00e1z utc\u00e1n keresztben \u00e1ll\u00f3 busz zavarta a forgalmat h\u00e9tf\u0151 d\u00e9lut\u00e1n a megyesz\u00e9khelyen.<br \/>\nEddig ismeretlen okb\u00f3l ker\u00fclt a Bark\u00f3czy utca fel\u0151l \u00e9rkez\u0151 busz a T\u00f6rv\u00e9nyh\u00e1z \u00fat ellent\u00e9tes oldal\u00e1n l\u00e9v\u0151 parkol\u00f3ba.<br \/>\nSzem\u00e9lyi s\u00e9r\u00fcl\u00e9s nem t\u00f6rt\u00e9nt, az aut\u00f3busz nem \u00fctk\u00f6z\u00f6tt m\u00e1sik j\u00e1rm\u0171vel, s egyel\u0151re csak tal\u00e1lgatni lehet, mi\u00e9rt nem siker\u00fclt bevennie a kanyart a sof\u0151rnek. A j\u00e1rm\u0171 [&#8230;]<\/p>\n","protected":false},"author":4,"featured_media":0,"comment_status":"closed","ping_status":"closed","sticky":false,"template":"","format":"standard","meta":{"footnotes":""},"categories":[5],"tags":[41,968,36],"class_list":["post-14557","post","type-post","status-publish","format-standard","hentry","category-kek-hirek","tag-baleset","tag-busz","tag-eger"],"_links":{"self":[{"href":"https:\/\/www.agriatv.hu\/index.php?rest_route=\/wp\/v2\/posts\/14557","targetHints":{"allow":["GET"]}}],"collection":[{"href":"https:\/\/www.agriatv.hu\/index.php?rest_route=\/wp\/v2\/posts"}],"about":[{"href":"https:\/\/www.agriatv.hu\/index.php?rest_route=\/wp\/v2\/types\/post"}],"author":[{"embeddable":true,"href":"https:\/\/www.agriatv.hu\/index.php?rest_route=\/wp\/v2\/users\/4"}],"replies":[{"embeddable":true,"href":"https:\/\/www.agriatv.hu\/index.php?rest_route=%2Fwp%2Fv2%2Fcomments&post=14557"}],"version-history":[{"count":2,"href":"https:\/\/www.agriatv.hu\/index.php?rest_route=\/wp\/v2\/posts\/14557\/revisions"}],"predecessor-version":[{"id":14560,"href":"https:\/\/www.agriatv.hu\/index.php?rest_route=\/wp\/v2\/posts\/14557\/revisions\/14560"}],"wp:attachment":[{"href":"https:\/\/www.agriatv.hu\/index.php?rest_route=%2Fwp%2Fv2%2Fmedia&parent=14557"}],"wp:term":[{"taxonomy":"category","embeddable":true,"href":"https:\/\/www.agriatv.hu\/index.php?rest_route=%2Fwp%2Fv2%2Fcategories&post=14557"},{"taxonomy":"post_tag","embeddable":true,"href":"https:\/\/www.agriatv.hu\/index.php?rest_route=%2Fwp%2Fv2%2Ftags&post=14557"}],"curies":[{"name":"wp","href":"https:\/\/api.w.org\/{rel}","templated":true}]}}