{"id":14619,"date":"2015-09-20T17:20:29","date_gmt":"2015-09-20T17:20:29","guid":{"rendered":"http:\/\/www.agriatv.hu\/?p=14619"},"modified":"2015-09-20T17:24:07","modified_gmt":"2015-09-20T17:24:07","slug":"balesetek-a-25-oson","status":"publish","type":"post","link":"https:\/\/www.agriatv.hu\/?p=14619","title":{"rendered":"Balesetek a 25-\u00f6s\u00f6n"},"content":{"rendered":"<p style=\"text-align: justify;\"><strong><a href=\"https:\/\/www.agriatv.hu\/wp-content\/uploads\/2015\/09\/0920balesetek_eger.Still010.jpg\"><img loading=\"lazy\" decoding=\"async\" class=\"alignleft  wp-image-14622\" src=\"https:\/\/www.agriatv.hu\/wp-content\/uploads\/2015\/09\/0920balesetek_eger.Still010-300x240.jpg\" alt=\"0920balesetek_eger.Still010\" width=\"198\" height=\"158\" srcset=\"https:\/\/www.agriatv.hu\/wp-content\/uploads\/2015\/09\/0920balesetek_eger.Still010-300x240.jpg 300w, https:\/\/www.agriatv.hu\/wp-content\/uploads\/2015\/09\/0920balesetek_eger.Still010-100x80.jpg 100w, https:\/\/www.agriatv.hu\/wp-content\/uploads\/2015\/09\/0920balesetek_eger.Still010.jpg 720w\" sizes=\"auto, (max-width: 198px) 100vw, 198px\" \/><\/a>R\u00f6vid id\u0151 alatt k\u00e9t baleset t\u00f6rt\u00e9nt a 25-\u00f6s f\u0151\u00faton:<\/strong><\/p>\n<p style=\"text-align: justify;\">R\u00f6viddel 16 \u00f3ra ut\u00e1n \u00e9rkezett a bejelent\u00e9s, hogy Szarvask\u0151 t\u00e9rs\u00e9g\u00e9ben 3 aut\u00f3 \u00fctk\u00f6z\u00f6tt \u00f6ssze.<\/p>\n<p style=\"text-align: justify;\">Az els\u0151dleges meg\u00e1llap\u00edt\u00e1sok \u00e9s az egyik szemtan\u00fa szerint egy k\u00e9k Suzuki Swift haladt Eger ir\u00e1ny\u00e1ba, amikor megcs\u00faszott, \u00e9s a szemk\u00f6zti s\u00e1vban szab\u00e1lyosan k\u00f6zleked\u0151 Vitar\u00e1nak sodr\u00f3dott. A v\u00e9tlen sof\u0151r leh\u00faz\u00f3dott a s\u00e1vj\u00e1ban, de az \u00fctk\u00f6z\u00e9st m\u00e1r nem tudta elker\u00fclni. A baleset sor\u00e1n egy a Swift ut\u00e1n halad\u00f3 kocsi m\u00e1r nem tudott meg\u00e1llni \u00e9s nekiment a balesetes kocsinak.<\/p>\n<p style=\"text-align: justify;\">A baleset sor\u00e1n 3 f\u0151 k\u00f6nny\u0171 s\u00e9r\u00fcl\u00e9seket szerzett.<\/p>\n<p style=\"text-align: justify;\">A helysz\u00ednel\u00e9s idej\u00e9re teljes \u00fatz\u00e1rat rendeltek el, megb\u00e9nult ezen szakasz k\u00f6zleked\u00e9se.\n<div class=\"youtube-embed ye-container\" itemprop=\"video\" itemscope itemtype=\"https:\/\/schema.org\/VideoObject\">\n\t<meta itemprop=\"url\" content=\"https:\/\/www.youtube.com\/v\/m6t8InYKjfY\" \/>\n\t<meta itemprop=\"name\" content=\"Balesetek a 25-\u00f6s\u00f6n\" \/>\n\t<meta itemprop=\"description\" content=\"Balesetek a 25-\u00f6s\u00f6n\" \/>\n\t<meta itemprop=\"uploadDate\" content=\"2015-09-20T17:20:29+00:00\" \/>\n\t<meta itemprop=\"thumbnailUrl\" content=\"https:\/\/i.ytimg.com\/vi\/m6t8InYKjfY\/default.jpg\" \/>\n\t<meta itemprop=\"embedUrl\" content=\"https:\/\/www.youtube.com\/embed\/m6t8InYKjfY\" \/>\n\t<meta itemprop=\"height\" content=\"1080\" \/>\n\t<meta itemprop=\"width\" content=\"1920\" \/>\n\t<iframe loading=\"lazy\" style=\"border: 0;\" class=\"youtube-player\" width=\"1920\" height=\"1080\" src=\"https:\/\/www.youtube.com\/embed\/m6t8InYKjfY?modestbranding=1&fs=0&rel=0\"><\/iframe>\n<\/div>\n<\/p>\n<p style=\"text-align: justify;\">\n<p style=\"text-align: justify;\">Nem sokkal k\u00e9s\u0151bb Kerecsend \u00e9s Eger k\u00f6z\u00f6tt t\u00f6rt\u00e9nt baleset.<\/p>\n<p style=\"text-align: justify;\">Egy, a 25-\u00f6s f\u0151\u00faton Eger fel\u00e9 halad\u00f3 BMW haladt be a menetir\u00e1nnyal szembeni \u00e1rokba egy betonpill\u00e9rnek, majd megp\u00f6rd\u00fclve kb. 30 m\u00e9terrel arr\u00e9bb \u00e1llt meg az \u00e1rokban.<\/p>\n<p style=\"text-align: justify;\">Az \u00fctk\u00f6z\u00e9s nagys\u00e1g\u00e1ra jellemz\u0151, hogy az els\u0151 kerekek az \u00e1rokban leszakadtak, majd a p\u00f6rg\u00e9s sor\u00e1n az egyik h\u00e1ts\u00f3 ker\u00e9k is kiszakadt. Valamennyi l\u00e9gzs\u00e1k kiny\u00edlt.<\/p>\n<p style=\"text-align: justify;\">A g\u00e9pkocsit vezet\u0151 f\u00e9rfi \u00e9s utasa csod\u00e1val hat\u00e1ros m\u00f3don karcol\u00e1sok n\u00e9lk\u00fcl sz\u00e1llt ki a j\u00e1rm\u0171b\u0151l.<\/p>\n<p style=\"text-align: justify;\">\n<div class=\"youtube-embed ye-container\" itemprop=\"video\" itemscope itemtype=\"https:\/\/schema.org\/VideoObject\">\n\t<meta itemprop=\"url\" content=\"https:\/\/www.youtube.com\/v\/viAE2e2nFig\" \/>\n\t<meta itemprop=\"name\" content=\"Balesetek a 25-\u00f6s\u00f6n\" \/>\n\t<meta itemprop=\"description\" content=\"Balesetek a 25-\u00f6s\u00f6n\" \/>\n\t<meta itemprop=\"uploadDate\" content=\"2015-09-20T17:20:29+00:00\" \/>\n\t<meta itemprop=\"thumbnailUrl\" content=\"https:\/\/i.ytimg.com\/vi\/viAE2e2nFig\/default.jpg\" \/>\n\t<meta itemprop=\"embedUrl\" content=\"https:\/\/www.youtube.com\/embed\/viAE2e2nFig\" \/>\n\t<meta itemprop=\"height\" content=\"1080\" \/>\n\t<meta itemprop=\"width\" content=\"1920\" \/>\n\t<iframe loading=\"lazy\" style=\"border: 0;\" class=\"youtube-player\" width=\"1920\" height=\"1080\" src=\"https:\/\/www.youtube.com\/embed\/viAE2e2nFig?modestbranding=1&fs=0&rel=0\"><\/iframe>\n<\/div>\n<\/p>\n","protected":false},"excerpt":{"rendered":"<p>R\u00f6vid id\u0151 alatt k\u00e9t baleset t\u00f6rt\u00e9nt a 25-\u00f6s f\u0151\u00faton:<br \/>\nR\u00f6viddel 16 \u00f3ra ut\u00e1n \u00e9rkezett a bejelent\u00e9s, hogy Szarvask\u0151 t\u00e9rs\u00e9g\u00e9ben 3 aut\u00f3 \u00fctk\u00f6z\u00f6tt \u00f6ssze.<br \/>\nAz els\u0151dleges meg\u00e1llap\u00edt\u00e1sok \u00e9s az egyik szemtan\u00fa szerint egy k\u00e9k Suzuki Swift haladt Eger ir\u00e1ny\u00e1ba, amikor megcs\u00faszott, \u00e9s a szemk\u00f6zti s\u00e1vban szab\u00e1lyosan k\u00f6zleked\u0151 Vitar\u00e1nak sodr\u00f3dott. A v\u00e9tlen sof\u0151r leh\u00faz\u00f3dott a s\u00e1vj\u00e1ban, de az \u00fctk\u00f6z\u00e9st [&#8230;]<\/p>\n","protected":false},"author":4,"featured_media":0,"comment_status":"closed","ping_status":"closed","sticky":false,"template":"","format":"standard","meta":{"footnotes":""},"categories":[5],"tags":[1935,41],"class_list":["post-14619","post","type-post","status-publish","format-standard","hentry","category-kek-hirek","tag-25-sz-fout","tag-baleset"],"_links":{"self":[{"href":"https:\/\/www.agriatv.hu\/index.php?rest_route=\/wp\/v2\/posts\/14619","targetHints":{"allow":["GET"]}}],"collection":[{"href":"https:\/\/www.agriatv.hu\/index.php?rest_route=\/wp\/v2\/posts"}],"about":[{"href":"https:\/\/www.agriatv.hu\/index.php?rest_route=\/wp\/v2\/types\/post"}],"author":[{"embeddable":true,"href":"https:\/\/www.agriatv.hu\/index.php?rest_route=\/wp\/v2\/users\/4"}],"replies":[{"embeddable":true,"href":"https:\/\/www.agriatv.hu\/index.php?rest_route=%2Fwp%2Fv2%2Fcomments&post=14619"}],"version-history":[{"count":3,"href":"https:\/\/www.agriatv.hu\/index.php?rest_route=\/wp\/v2\/posts\/14619\/revisions"}],"predecessor-version":[{"id":14623,"href":"https:\/\/www.agriatv.hu\/index.php?rest_route=\/wp\/v2\/posts\/14619\/revisions\/14623"}],"wp:attachment":[{"href":"https:\/\/www.agriatv.hu\/index.php?rest_route=%2Fwp%2Fv2%2Fmedia&parent=14619"}],"wp:term":[{"taxonomy":"category","embeddable":true,"href":"https:\/\/www.agriatv.hu\/index.php?rest_route=%2Fwp%2Fv2%2Fcategories&post=14619"},{"taxonomy":"post_tag","embeddable":true,"href":"https:\/\/www.agriatv.hu\/index.php?rest_route=%2Fwp%2Fv2%2Ftags&post=14619"}],"curies":[{"name":"wp","href":"https:\/\/api.w.org\/{rel}","templated":true}]}}