{"id":14628,"date":"2015-09-23T19:57:47","date_gmt":"2015-09-23T19:57:47","guid":{"rendered":"http:\/\/www.agriatv.hu\/?p=14628"},"modified":"2015-09-23T19:57:47","modified_gmt":"2015-09-23T19:57:47","slug":"rosszul-lett-az-utcan-ket-nover-mentette-meg-az-eletet","status":"publish","type":"post","link":"https:\/\/www.agriatv.hu\/?p=14628","title":{"rendered":"Rosszul lett az utc\u00e1n: k\u00e9t n\u0151v\u00e9r mentette meg az \u00e9let\u00e9t"},"content":{"rendered":"<p style=\"text-align: justify;\"><strong><a href=\"https:\/\/www.agriatv.hu\/wp-content\/uploads\/2015\/09\/0923egerbocs_elesztes_v.jpg\"><img loading=\"lazy\" decoding=\"async\" class=\"alignleft  wp-image-14629\" src=\"https:\/\/www.agriatv.hu\/wp-content\/uploads\/2015\/09\/0923egerbocs_elesztes_v-300x240.jpg\" alt=\"0923egerbocs_elesztes_v\" width=\"159\" height=\"127\" srcset=\"https:\/\/www.agriatv.hu\/wp-content\/uploads\/2015\/09\/0923egerbocs_elesztes_v-300x240.jpg 300w, https:\/\/www.agriatv.hu\/wp-content\/uploads\/2015\/09\/0923egerbocs_elesztes_v-100x80.jpg 100w, https:\/\/www.agriatv.hu\/wp-content\/uploads\/2015\/09\/0923egerbocs_elesztes_v.jpg 720w\" sizes=\"auto, (max-width: 159px) 100vw, 159px\" \/><\/a>Az egri Markhot Ferenc K\u00f3rh\u00e1z seb\u00e9szet\u00e9n dolgoz\u00f3 k\u00e9t n\u0151v\u00e9rnek k\u00f6sz\u00f6nheti az \u00e9let\u00e9t az a f\u00e9rfi, aki\u00e9rt szerda reggel ment\u0151helikopter sz\u00e1llt le Egerbocson.<\/strong><\/p>\n<p style=\"text-align: justify;\">\u2013 A kisfiamat vittem \u00f3vod\u00e1ba reggel, amikor arra lettem figyelmes a Szabads\u00e1g utc\u00e1n, hogy valaki a f\u00f6ld\u00f6n fekszik \u2013 id\u00e9zte fel\u00a0lapunknak a t\u00f6rt\u00e9nteket T\u00f3t\u00e1n\u00e9 Botos T\u00fcnde, az egri Markhot Ferenc K\u00f3rh\u00e1z seb\u00e9szet\u00e9nek \u00e1pol\u00f3n\u0151je. \u2013 Azonnal h\u00edvtam a koll\u00e9gan\u0151met, mert az \u00e9n l\u00e1bamat m\u0171t\u00f6tt\u00e9k, tudtam,\u00a0ha \u00fajra kell \u00e9leszteni, nem fogok tudni mell\u00e9t\u00e9rdelni. Amint riasztottam a munkat\u00e1rsn\u0151t, h\u00edvtam a ment\u0151ket, a h\u00e1ziorvost is.<\/p>\n<p style=\"text-align: justify;\">\u2013 Gyalog indultam el a h\u00edv\u00e1s ut\u00e1n, de alig tettem p\u00e1r m\u00e9tert, \u00fajra cs\u00f6rg\u00f6tt a telefonom, hogy siessek, mert a b\u00e1csi m\u00e1r alig l\u00e9legzik \u2013 mes\u00e9lte Balogh-R\u00f3zsa \u00c1gnes, aki szint\u00e9n az egri seb\u00e9szeten n\u0151v\u00e9r. \u2013 Mire futva a helysz\u00ednre \u00e9rtem, a b\u00e1csinak m\u00e1r nem volt pulzusa, nem l\u00e9legzett. Az id\u0151k\u00f6zben a helysz\u00ednre \u00e9rkez\u0151 doktorn\u0151vel elkezdt\u00fck az \u00fajra\u00e9leszt\u00e9st, k\u00f6zben a ment\u0151ket is t\u00e1j\u00e9koztattuk arr\u00f3l, mi t\u00f6rt\u00e9nik. Gyorsan ide\u00e9rt a ment\u0151helikopter, s Miskolcra vitte a b\u00e1csit, rem\u00e9lem j\u00f3l van.<\/p>\n<p style=\"text-align: justify;\"><em>Inform\u00e1ci\u00f3ink szerint a megmentett id\u0151s f\u00e9rfit, kardiol\u00f3giai intenz\u00edv oszt\u00e1lyon \u00e1polj\u00e1k Miskolcon.<\/em><\/p>\n<p style=\"text-align: justify;\">Balogh-R\u00f3zsa \u00c1gnes k\u00e9rd\u00e9s\u00fcnkre elmondta: sz\u00e1m\u00e1ra term\u00e9szetes, hogy azonnal seg\u00edteni igyekezett, hiszen apr\u00f3 gyermekkora \u00f3ta ezt l\u00e1tta. \u00c9desapja orvos, gyerekk\u00e9nt is gyakran el\u0151fordult, hogy tan\u00faja volt hasonl\u00f3nak. Ez\u00e9rt is v\u00e1lasztotta az egy\u00e9szs\u00e9g\u00fcgyi p\u00e1ly\u00e1t. A szerdaihoz hasonl\u00f3 \u00e9les helyzetben, utc\u00e1n m\u00e9g nem kellett haszn\u00e1lnia azt, amit az \u00e9letment\u00e9sr\u0151l az iskol\u00e1ban tanult.<\/p>\n<p style=\"text-align: justify;\">\u2013 Az utc\u00e1n az\u00e9rt kicsit m\u00e1s, mint k\u00f3rh\u00e1zi k\u00f6r\u00fclm\u00e9nyek k\u00f6z\u00f6tt, hi\u00e1ba az \u00e9vtizedes rutin&#8230;\u00dagy gondolom, nagyon fontos a p\u00e9lda. Nekem k\u00e9t gyermekem van, \u0151k is azt l\u00e1tj\u00e1k, amit \u00e9n annak idej\u00e9n \u00e9desap\u00e1mt\u00f3l. Ha balesetet l\u00e1tunk, nem megy\u00fcnk tov\u00e1bb, mindig meg\u00e1llunk, megk\u00e9rdezz\u00fck, seg\u00edthet\u00fcnk-e. A l\u00e1nyomon l\u00e1tom, hogy van ennek hat\u00e1sa, mindig igyekszik seg\u00edteni a t\u00e1rsainak is, ha valaki az iskol\u00e1ban rosszul van \u2013 osztotta meg Balogh-R\u00f3zsa \u00c1gnes, amikor telefonon utol\u00e9rt\u00fck. \u00c9pp \u00e9jszak\u00e1s m\u0171szakba indult a k\u00f3rh\u00e1zba, s mint mes\u00e9lte a reggeli t\u00f6rt\u00e9n\u00e9sek ut\u00e1n nehezebben j\u00f6tt \u00e1lom a szem\u00e9re d\u00e9lel\u0151tt. \u00c9jszak\u00e1s m\u0171szak el\u0151tt nap k\u00f6zben igyekszik pihenni. Szerd\u00e1n ez egy kicsit zaklatottabbra siker\u00fclt: \u00e9letet mentett reggel.<\/p>\n<p style=\"text-align: justify;\"><strong>Legut\u00f3bb a strandon seg\u00edtettek<\/strong><\/p>\n<p style=\"text-align: justify;\">Az egri Markhot Ferenc K\u00f3rh\u00e1z \u00e1pol\u00f3n\u0151i nem el\u0151sz\u00f6r tettek tan\u00fabizonys\u00e1got l\u00e9lekjelenl\u00e9t\u00fckr\u0151l. Augusztusban a s\u00fcrg\u0151ss\u00e9gi betegell\u00e1t\u00f3 oszt\u00e1ly h\u00e1rom \u00e1pol\u00f3n\u0151je: Hang\u00e1csi Andrea, Szab\u00f3 Lilla \u00e9s Rig\u00f3 J\u00e1nosn\u00e9 ugyanis \u00e9pp ott f\u00fcrd\u00f6tt, ahol a egy f\u00e9rfi rosszul lett. <a href=\"https:\/\/www.agriatv.hu\/?p=14492\">\u0150k sem teket\u00f3ri\u00e1ztak. <\/a>Azonnal szolg\u00e1latba helyezt\u00e9k magukat, s gyors beavatkoz\u00e1suknak k\u00f6sz\u00f6nhet\u0151en siker\u00fclt \u00fajra\u00e9leszteni a k\u00fclf\u00f6ldi f\u00fcrd\u0151z\u0151t. A rutinos s\u00fcrg\u0151ss\u00e9gis \u00e1pol\u00f3n\u0151k seg\u00edts\u00e9get k\u00e9rtek a strand \u00fasz\u00f3mester\u00e9t\u0151l, ballont k\u00e9rtek \u00e9s megkezdt\u00e9k a f\u00e9rfi l\u00e9legeztet\u00e9s\u00e9t \u00e9s a sz\u00edvmassz\u00e1st.<\/p>\n<p style=\"text-align: justify;\">Forr\u00e1s: <a href=\"http:\/\/heol.hu\">HEOL<\/a><\/p>\n<p style=\"text-align: justify;\">\n<div class=\"youtube-embed ye-container\" itemprop=\"video\" itemscope itemtype=\"https:\/\/schema.org\/VideoObject\">\n\t<meta itemprop=\"url\" content=\"https:\/\/www.youtube.com\/v\/SQpVC5sVAcc\" \/>\n\t<meta itemprop=\"name\" content=\"Rosszul lett az utc\u00e1n: k\u00e9t n\u0151v\u00e9r mentette meg az \u00e9let\u00e9t\" \/>\n\t<meta itemprop=\"description\" content=\"Rosszul lett az utc\u00e1n: k\u00e9t n\u0151v\u00e9r mentette meg az \u00e9let\u00e9t\" \/>\n\t<meta itemprop=\"uploadDate\" content=\"2015-09-23T19:57:47+00:00\" \/>\n\t<meta itemprop=\"thumbnailUrl\" content=\"https:\/\/i.ytimg.com\/vi\/SQpVC5sVAcc\/default.jpg\" \/>\n\t<meta itemprop=\"embedUrl\" content=\"https:\/\/www.youtube.com\/embed\/SQpVC5sVAcc\" \/>\n\t<meta itemprop=\"height\" content=\"1080\" \/>\n\t<meta itemprop=\"width\" content=\"1920\" \/>\n\t<iframe loading=\"lazy\" style=\"border: 0;\" class=\"youtube-player\" width=\"1920\" height=\"1080\" src=\"https:\/\/www.youtube.com\/embed\/SQpVC5sVAcc?modestbranding=1&fs=0&rel=0\"><\/iframe>\n<\/div>\n<\/p>\n","protected":false},"excerpt":{"rendered":"<p>Az egri Markhot Ferenc K\u00f3rh\u00e1z seb\u00e9szet\u00e9n dolgoz\u00f3 k\u00e9t n\u0151v\u00e9rnek k\u00f6sz\u00f6nheti az \u00e9let\u00e9t az a f\u00e9rfi, aki\u00e9rt szerda reggel ment\u0151helikopter sz\u00e1llt le Egerbocson.<br \/>\n\u2013 A kisfiamat vittem \u00f3vod\u00e1ba reggel, amikor arra lettem figyelmes a Szabads\u00e1g utc\u00e1n, hogy valaki a f\u00f6ld\u00f6n fekszik \u2013 id\u00e9zte fel\u00a0lapunknak a t\u00f6rt\u00e9nteket T\u00f3t\u00e1n\u00e9 Botos T\u00fcnde, az egri Markhot Ferenc K\u00f3rh\u00e1z seb\u00e9szet\u00e9nek \u00e1pol\u00f3n\u0151je. \u2013 [&#8230;]<\/p>\n","protected":false},"author":4,"featured_media":0,"comment_status":"closed","ping_status":"closed","sticky":false,"template":"","format":"standard","meta":{"footnotes":""},"categories":[6,19,5],"tags":[2264,706,876,713,1447,2286],"class_list":["post-14628","post","type-post","status-publish","format-standard","hentry","category-belfold","category-egeszseg","category-kek-hirek","tag-apolo","tag-elet","tag-helikopter","tag-korhaz","tag-mentes","tag-roszzullet"],"_links":{"self":[{"href":"https:\/\/www.agriatv.hu\/index.php?rest_route=\/wp\/v2\/posts\/14628","targetHints":{"allow":["GET"]}}],"collection":[{"href":"https:\/\/www.agriatv.hu\/index.php?rest_route=\/wp\/v2\/posts"}],"about":[{"href":"https:\/\/www.agriatv.hu\/index.php?rest_route=\/wp\/v2\/types\/post"}],"author":[{"embeddable":true,"href":"https:\/\/www.agriatv.hu\/index.php?rest_route=\/wp\/v2\/users\/4"}],"replies":[{"embeddable":true,"href":"https:\/\/www.agriatv.hu\/index.php?rest_route=%2Fwp%2Fv2%2Fcomments&post=14628"}],"version-history":[{"count":1,"href":"https:\/\/www.agriatv.hu\/index.php?rest_route=\/wp\/v2\/posts\/14628\/revisions"}],"predecessor-version":[{"id":14630,"href":"https:\/\/www.agriatv.hu\/index.php?rest_route=\/wp\/v2\/posts\/14628\/revisions\/14630"}],"wp:attachment":[{"href":"https:\/\/www.agriatv.hu\/index.php?rest_route=%2Fwp%2Fv2%2Fmedia&parent=14628"}],"wp:term":[{"taxonomy":"category","embeddable":true,"href":"https:\/\/www.agriatv.hu\/index.php?rest_route=%2Fwp%2Fv2%2Fcategories&post=14628"},{"taxonomy":"post_tag","embeddable":true,"href":"https:\/\/www.agriatv.hu\/index.php?rest_route=%2Fwp%2Fv2%2Ftags&post=14628"}],"curies":[{"name":"wp","href":"https:\/\/api.w.org\/{rel}","templated":true}]}}