{"id":14637,"date":"2015-09-25T12:58:20","date_gmt":"2015-09-25T12:58:20","guid":{"rendered":"http:\/\/www.agriatv.hu\/?p=14637"},"modified":"2015-09-25T12:58:57","modified_gmt":"2015-09-25T12:58:57","slug":"oktober-a-nagy-rajzolas-honapja-es-oktober-18-an-van-a-magyar-festeszet-napja-is","status":"publish","type":"post","link":"https:\/\/www.agriatv.hu\/?p=14637","title":{"rendered":"Okt\u00f3ber A Nagy Rajzol\u00e1s h\u00f3napja \u00e9s okt\u00f3ber 18-\u00e1n van A Magyar Fest\u00e9szet Napja is!"},"content":{"rendered":"<p><a href=\"https:\/\/www.agriatv.hu\/wp-content\/uploads\/2015\/09\/draw.jpg\"><img loading=\"lazy\" decoding=\"async\" class=\"alignleft wp-image-14640\" src=\"https:\/\/www.agriatv.hu\/wp-content\/uploads\/2015\/09\/draw-185x300.jpg\" alt=\"draw\" width=\"128\" height=\"208\" srcset=\"https:\/\/www.agriatv.hu\/wp-content\/uploads\/2015\/09\/draw-185x300.jpg 185w, https:\/\/www.agriatv.hu\/wp-content\/uploads\/2015\/09\/draw.jpg 563w\" sizes=\"auto, (max-width: 128px) 100vw, 128px\" \/><\/a><a href=\"https:\/\/www.agriatv.hu\/wp-content\/uploads\/2015\/09\/feny.jpg\"><img loading=\"lazy\" decoding=\"async\" class=\"alignleft wp-image-14641\" src=\"https:\/\/www.agriatv.hu\/wp-content\/uploads\/2015\/09\/feny-300x256.jpg\" alt=\"feny\" width=\"237\" height=\"202\" srcset=\"https:\/\/www.agriatv.hu\/wp-content\/uploads\/2015\/09\/feny-300x256.jpg 300w, https:\/\/www.agriatv.hu\/wp-content\/uploads\/2015\/09\/feny.jpg 500w\" sizes=\"auto, (max-width: 237px) 100vw, 237px\" \/><\/a><\/p>\n<p><strong>Az EKMK Vitkovics Alkot\u00f3h\u00e1z \u00e9s M\u0171v\u00e9sztelep id\u00e9n harmadik alkalommal szervezi meg a sz\u00e9pm\u0171v\u00e9szetek dics\u00e9ret\u00e9t. <\/strong>A k\u00f6zponti szerepet a B\u00e9nyi-eml\u00e9kki\u00e1ll\u00edt\u00e1s megnyit\u00f3ja kapja, emellett workshopot, nyitott \u00e9s z\u00e1rt m\u0171helymunk\u00e1kat, bels\u0151 \u00e9s k\u00fcls\u0151 t\u00e9rbe szervezett alkot\u00f3napot is tartunk.<\/p>\n<p>A Nagy Rajzol\u00e1s \/ The Big Draw t\u00f6bb mint 10 \u00e9vvel ezel\u0151tt Angli\u00e1b\u00f3l indult \u00fatj\u00e1ra. A mozgalom m\u00e1ra megh\u00f3d\u00edtotta a vil\u00e1got, amit mi sem bizony\u00edt jobban, mint hogy 2012-ben m\u00e1r \u00f6t kontinens ezer\u00f6tsz\u00e1z pontj\u00e1n alkottak egy\u00fctt kicsik \u00e9s nagyok.<\/p>\n<p>Az id\u0151szakban t\u00f6bb sz\u00e1z \u00faj \u00e9s \u00e9lvezetes rajztev\u00e9kenys\u00e9g k\u00f6t \u00f6ssze embereket, minden koroszt\u00e1lyt a m\u00fazeumok, k\u00fcls\u0151 terek, m\u0171v\u00e9szek seg\u00edts\u00e9g\u00e9vel.<\/p>\n<p>A kamp\u00e1ny hossz\u00fa t\u00e1v\u00fa c\u00e9lja, hogy a rajz \u00e1ltal megv\u00e1ltoztassa a nyilv\u00e1noss\u00e1g hozz\u00e1\u00e1ll\u00e1s\u00e1t, hogy felh\u00edvja a figyelmet a rajzzal, m\u0171v\u00e9szettel foglalkoz\u00f3 pedag\u00f3gusokra.<\/p>\n<p>A kamp\u00e1ny a munk\u00e1j\u00e1t akkor fejezi be, ha az a kifejez\u00e9s, hogy &#8222;nem tudok rajzolni&#8221;, megsz\u0171nik a sz\u00f3kincs\u00fcnkben.<\/p>\n<p>Az esem\u00e9nyek teh\u00e1t azok sz\u00e1m\u00e1ra sz\u00f3lnak, akik szeretnek rajzolni, \u00e9s azoknak, akik azt hiszik, hogy nem.<\/p>\n<p><strong>\u00a0<\/strong><strong>\u00e9vi t\u00e9ma<\/strong>: <strong>&#8222;Minden rajz egy t\u00f6rt\u00e9netet mes\u00e9l el&#8221;<\/strong><\/p>\n<p>A rajzol\u00e1s er\u0151teljes m\u00f3dja annak, hogy az \u00e9let t\u00f6rt\u00e9neteit mes\u00e9lje, felfedje a m\u00faltat, foglyul ejtse a jelent \u00e9s felfedezze a j\u00f6v\u0151t. Nem sz\u00e1m\u00edt, hogy a rendezv\u00e9ny hol zajlik a vil\u00e1gban, mindig van egy t\u00f6rt\u00e9net, ami elmondhat\u00f3.<\/p>\n<p>2002 \u00f3ta haz\u00e1nk\u00adban rend\u00adsze\u00adre\u00adsen meg\u00ad\u00fcn\u00adne\u00adpel\u00adj\u00fck A <strong>Magyar Fes\u00adt\u00e9\u00adszet Nap\u00adj\u00e1t<\/strong>. Okt\u00f3\u00adber 18-ra t\u0171z\u00adt\u00fck ki, mert ekkor van Szent Luk\u00e1cs n\u00e9v\u00adnap\u00adja, aki \u00e9vsz\u00e1\u00adza\u00addok \u00f3ta a fest\u0151k v\u00e9d\u0151\u00adszentje. <strong>Ez a nap az\u00f3ta is a f\u00e9ny, a sz\u00ed\u00adnek, a for\u00adm\u00e1k \u00e9s rit\u00admu\u00adsok, az \u00e9l\u0151 fes\u00adt\u00e9\u00adszet \u00fcnnepe.<\/strong><\/p>\n<p>Programok Egerben, az EKMK szervez\u00e9s\u00e9ben:<\/p>\n<ol>\n<li><strong>Okt\u00f3ber 7., szerda Vitkovics Alkot\u00f3h\u00e1z<\/strong><\/li>\n<\/ol>\n<p>A B\u00e9nyi \u00c1rp\u00e1d eml\u00e9kki\u00e1ll\u00edt\u00e1s okt\u00f3ber 7-t\u0151l november 2-ig l\u00e1that\u00f3, h\u00e9tf\u0151t\u0151l p\u00e9ntekig 9.00 \u2013 16.00 k\u00f6z\u00f6tt \u00e9s szombaton 13.00 \u2013 16.00 k\u00f6z\u00f6tt.<\/p>\n<p>&nbsp;<\/p>\n<ol start=\"2\">\n<li><strong>Okt\u00f3ber 9., p\u00e9ntek <\/strong><strong>52, <\/strong><strong>Templom Gal\u00e9ria<\/strong><\/li>\n<\/ol>\n<p>Akci\u00f3: <strong>Cs\u00edzi\u00f3s Nagy Fest\u00e9s \u00e9s ki\u00e1ll\u00edt\u00e1sbont\u00f3 esem\u00e9ny<\/strong><\/p>\n<p><strong>\u00a0<\/strong><\/p>\n<p><strong>Okt\u00f3ber 16., p\u00e9ntek 9.00 \u2013 17.00, Vitkovics Alkot\u00f3h\u00e1z<\/strong><\/p>\n<p><strong>The Big Draw Ny\u00edlt nap &#8211; m\u0171helytitkok<\/strong> (grafika, fest\u00e9szet, kroki, koll\u00e1zs pap\u00edrmas\u00e9)<\/p>\n<p>K\u00f6zrem\u0171k\u00f6dik az EKF Vizu\u00e1lis M\u0171v\u00e9szeti Tansz\u00e9k \u2013 F. Balogh Erzs\u00e9bet fest\u0151m\u0171v\u00e9sz \u00e9s els\u0151 \u00e9ves hallgat\u00f3k.<\/p>\n<ul>\n<li>\u201eRejtett t\u00f6rt\u00e9netek\u201d- a Vitkovics Alkot\u00f3h\u00e1z \u00e9s k\u00f6rnyezet\u00e9nek fest\u00e9se, rajzol\u00e1sa, rejtett r\u00e9szletek keres\u00e9se, helyi legenda kutat\u00e1sa<\/li>\n<li>T\u00f6rt\u00e9netek \u2013 jelek \u2013 bet\u0171k \u2013 k\u00e9pek &#8211; illusztr\u00e1ci\u00f3<\/li>\n<li>\u201eface to face\u201d &#8211; portr\u00e9 szemben \u00fcl\u0151r\u0151l vagy \u00f6narck\u00e9p k\u00e9sz\u00edt\u00e9se pasztellel<\/li>\n<li>\u201eA Vitkovics-szoba t\u00e1rgyai \u00e9ltre kelnek\u201d- v\u00e1zlatrajzok, k\u00e9palkot\u00e1s<\/li>\n<li>Egri h\u00e1zak \u00e9s t\u00f6rt\u00e9netek \u2013 \u00f3ri\u00e1s grafik\u00e1k k\u00e9sz\u00edt\u00e9se, majd a k\u00fcls\u0151 h\u00e1zfalra r\u00f6gz\u00edt\u00e9se korabeli (XVI. \u00e9s XVIII. sz\u00e1zadi) fot\u00f3k, k\u00e9pek alapj\u00e1n<\/li>\n<li>\u00d3ri\u00e1s k\u00e9preg\u00e9ny k\u00e9sz\u00edt\u00e9se<\/li>\n<li>\u201d\u00c9n a t\u00f6rt\u00e9netben benne vagyok\u201d- koszt\u00fcm\u00f6k k\u00e9sz\u00edt\u00e9se pap\u00edrb\u00f3l<\/li>\n<\/ul>\n<p>&nbsp;<\/p>\n<ol start=\"4\">\n<li><strong>Okt\u00f3ber 17., szombat 14.00, Vitkovics Alkot\u00f3h\u00e1z<\/strong><\/li>\n<\/ol>\n<p><strong>\u00a0\u00a0\u00a0\u00a0\u00a0\u00a0\u00a0\u00a0\u00a0\u00a0\u00a0 The Big Draw Alkot\u00f3nap &#8211; <\/strong>\u201eMinden rajz egy t\u00f6rt\u00e9netet mes\u00e9l el\u201d<\/p>\n<ul>\n<li>\u201eTe is mester vagy!\u201d &#8211; festm\u00e9nyr\u00e9szlet folytat\u00e1sa, k\u00e9palkot\u00e1s<\/li>\n<li>\u00d3ri\u00e1sk\u00e9p k\u00f6z\u00f6s k\u00e9sz\u00edt\u00e9se &#8211; koll\u00e1zs technika (textil, akril, dekup\u00e1zs)<\/li>\n<\/ul>\n<p>&nbsp;<\/p>\n<ol start=\"5\">\n<li><strong>Okt\u00f3ber 17., szombat 16.00, Vitkovics Alkot\u00f3h\u00e1z<\/strong><\/li>\n<\/ol>\n<p><strong>\u201eEml\u00e9kez\u00e9s egy mesterre\u201d &#8211;<\/strong> <strong>B\u00e9nyi \u00c1rp\u00e1d-ki\u00e1ll\u00edt\u00e1s megnyit\u00f3 <\/strong><\/p>\n<p>Megnyitja: Sz\u00e9l Viola<\/p>\n<p>K\u00f6zrem\u0171k\u00f6dnek: az Egri Farkas Ferenc Zeneiskola n\u00f6vend\u00e9kei<\/p>\n<p>&nbsp;<\/p>\n<p>&nbsp;<\/p>\n<p><strong><em>A Nagy Rajzol\u00e1s esem\u00e9nyei ingyenesek!<\/em><\/strong><\/p>\n<p>&nbsp;<\/p>\n<p>&nbsp;<\/p>\n<p>A t\u00e1rlatokhoz kapcsol\u00f3d\u00f3 kieg\u00e9sz\u00edt\u00e9sek:<\/p>\n<p>&nbsp;<\/p>\n<ol>\n<li><strong> \u201eEml\u00e9kez\u00e9s egy mesterre\u201d &#8211; <\/strong><strong>B\u00e9nyi \u00c1rp\u00e1d eml\u00e9kki\u00e1ll\u00edt\u00e1s<\/strong><\/li>\n<\/ol>\n<p>&nbsp;<\/p>\n<p><em>Mott\u00f3:<\/em><\/p>\n<p><em>\u201e<\/em><em>A m\u0171v\u00e9szet indirekt eszk\u00f6z\u00f6kkel, spont\u00e1n er\u0151k szervez\u00e9s\u00e9vel olyan l\u00e9tez\u00e9s\u00e9t ind\u00edtja meg a teremt\u0151 szellemnek, amiben egyszerre van jelen az \u00e9rz\u00e9ki kapcsolat a vil\u00e1ggal, a spont\u00e1n \u00e9s szervezett megfigyel\u00e9se a vil\u00e1gnak, az elm\u00e9lked\u0151 medit\u00e1l\u00e1s, az er\u0151k koncentr\u00e1l\u00f3d\u00e1sa, a tev\u00e9keny gyakorlat \u00e9s intenz\u00edv cselekv\u00e9s emberform\u00e1l\u00f3 ereje. Ennek felismer\u00e9s\u00e9t hi\u00e1nyolom az eg\u00e9sz mai k\u00f6z\u00e9letben.<\/em><\/p>\n<p><em>Fest\u0151k dolga ebben a m\u00e9g emberlakta vil\u00e1gban, hogy csendes egy\u00fcttl\u00e9tre h\u00edvja azokat, akik m\u00e1r elengedt\u00e9k egym\u00e1s kez\u00e9t, s hogy a r\u00e1m\u00e1ba z\u00e1rt arasznyi l\u00e9tez\u00e9s embermeleget k\u00edn\u00e1ljon, s hogy kih\u0171lt kispadok helyett k\u00e9pek k\u00f6z\u00e9 gy\u0171jtse a zajt\u00f3l \u00e9s sz\u00f3rengetegt\u0151l megzavart indulatokat.\u201d<\/em><\/p>\n<p><em>&#8211; B\u00e9nyi \u00c1rp\u00e1d fest\u0151m\u0171v\u00e9sz &#8211;<\/em><\/p>\n<p><em><br \/>\n<\/em><\/p>\n<p><em>\u00a0<\/em>Arra, hogy &#8222;minden rajz egy t\u00f6rt\u00e9netet mes\u00e9l el&#8221;, B\u00e9nyi \u00c1rp\u00e1d m\u0171v\u00e9szete is v\u00e1laszol.<\/p>\n<p>A fest\u0151m\u0171v\u00e9sz, a Ny\u00edregyh\u00e1zi Bessenyei Gy\u00f6rgy Tan\u00e1rk\u00e9pz\u0151 F\u0151iskola Rajz tansz\u00e9k\u00e9nek vezet\u0151je volt.<\/p>\n<p><strong>\u00a0<\/strong><\/p>\n<p><strong>\u00a0<\/strong><\/p>\n<ol start=\"2\">\n<li><strong> A \u201eSz\u00ednek-F\u00e9nyek-\u00c9vek\u201d \u2013 <\/strong>h\u00e1rom k\u00e9pz\u0151m\u0171v\u00e9sz 52 \u00e9ves bar\u00e1ts\u00e1g\u00e1b\u00f3l sz\u00fcletett t\u00e1rlat, amely a Templom Gal\u00e9ri\u00e1ban szeptember 19-\u00e9n ny\u00edlt meg a k\u00f6z\u00f6ns\u00e9g el\u0151tt, \u00e9s okt\u00f3ber 9-ig, keddt\u0151l &#8211; vas\u00e1rnapig, 10.00 \u00e9s 18.00 k\u00f6z\u00f6tt tekinthet\u0151 meg.<\/li>\n<\/ol>\n<p>A ki\u00e1ll\u00edt\u00f3 m\u0171v\u00e9szek: <strong>Herczeg Istv\u00e1n, Pieronymus Kosch, Szak\u00e1cs Imre<\/strong><\/p>\n<p>A <strong>Nagy Rajzol\u00e1s<\/strong> \u00e9s <strong>A Magyar Fest\u00e9szet Napja<\/strong> esem\u00e9nyeihez kapcsol\u00f3dva a ki\u00e1ll\u00edt\u00e1s helysz\u00edn\u00e9n, 2015. okt\u00f3ber 9-\u00e9n d\u00e9lut\u00e1n 17.52-kor <strong>\u201eCs\u00edzi\u00f3s Nagy Fest\u00e9s\u201d<\/strong>-re \u00e9s <strong>ki\u00e1ll\u00edt\u00e1sbont\u00f3<\/strong> z\u00e1r\u00f3esem\u00e9nyre v\u00e1rjuk az \u00e9rdekl\u0151d\u0151ket.<\/p>\n<p>&nbsp;<\/p>\n<p><em>\u201eA t\u00e9rbeli \u00e9s id\u0151beli v\u00e9gtelen r\u00e1mutat t\u00f6rpe l\u00e9t\u00fcnkre, de a f\u00e9ny biztat\u00f3an \u00e1tszeli a teret, a k\u0151 pedig az id\u0151t. Hajnali \u00fatjaim kel\u0151 Napja \u00e9s az \u00fat menti r\u00e9gi k\u0151-Krisztusok is meger\u0151s\u00edtettek abban, hogy hittel \u00e9s szeretettel k\u00e9sz\u00edtsem munk\u00e1imat abban b\u00edzva, hogy k\u00e9pi \u00fczeneteim meg\u00e9rt\u00e9sre tal\u00e1lnak, \u00e9s azt is rem\u00e9lve, hogy valakinek \u00f6r\u00f6met okoznak.\u201d<\/em><\/p>\n<p><em>&#8211; Herczeg Istv\u00e1n grafikusm\u0171v\u00e9sz &#8211; <\/em><\/p>\n<p>&nbsp;<\/p>\n<p>T\u00e1rsadalmi, gazdas\u00e1gi \u00e9s kultur\u00e1lis fesz\u00fclts\u00e9gt\u0151l terhes korunkban fontosnak tartjuk az olyan emberszab\u00e1s\u00fa l\u00e1t\u00e1skult\u00far\u00e1ra felh\u00edv\u00f3 akci\u00f3t, mint ez.<\/p>\n<p>Az akci\u00f3 programja:<\/p>\n<ul>\n<li>fest\u00e9s-rajzol\u00e1s a m\u0171v\u00e9szek k\u00f6z\u00f6tt, a m\u0171v\u00e9szekkel<\/li>\n<li>vet\u00edt\u00e9s<\/li>\n<li>besz\u00e9lget\u00e9s.<\/li>\n<\/ul>\n<p>A c\u00e9l, hogy bar\u00e1tok, ismer\u0151s\u00f6k, de ismeretlenek is, akt\u00edvan r\u00e9szt vegyenek az alkot\u00e1sban.<\/p>\n<p>Befejez\u00e9s\u00fcl Pieronymus Kosch mond \u201ebont\u00f3besz\u00e9det\u201d.<\/p>\n<p>&nbsp;<\/p>\n","protected":false},"excerpt":{"rendered":"<p>Az EKMK Vitkovics Alkot\u00f3h\u00e1z \u00e9s M\u0171v\u00e9sztelep id\u00e9n harmadik alkalommal szervezi meg a sz\u00e9pm\u0171v\u00e9szetek dics\u00e9ret\u00e9t. A k\u00f6zponti szerepet a B\u00e9nyi-eml\u00e9kki\u00e1ll\u00edt\u00e1s megnyit\u00f3ja kapja, emellett workshopot, nyitott \u00e9s z\u00e1rt m\u0171helymunk\u00e1kat, bels\u0151 \u00e9s k\u00fcls\u0151 t\u00e9rbe szervezett alkot\u00f3napot is tartunk.<br \/>\nA Nagy Rajzol\u00e1s \/ The Big Draw t\u00f6bb mint 10 \u00e9vvel ezel\u0151tt Angli\u00e1b\u00f3l indult \u00fatj\u00e1ra. A mozgalom m\u00e1ra megh\u00f3d\u00edtotta a vil\u00e1got, [&#8230;]<\/p>\n","protected":false},"author":4,"featured_media":0,"comment_status":"closed","ping_status":"closed","sticky":false,"template":"","format":"standard","meta":{"footnotes":""},"categories":[8,4],"tags":[262],"class_list":["post-14637","post","type-post","status-publish","format-standard","hentry","category-kultura","category-szabadido","tag-ekmk"],"_links":{"self":[{"href":"https:\/\/www.agriatv.hu\/index.php?rest_route=\/wp\/v2\/posts\/14637","targetHints":{"allow":["GET"]}}],"collection":[{"href":"https:\/\/www.agriatv.hu\/index.php?rest_route=\/wp\/v2\/posts"}],"about":[{"href":"https:\/\/www.agriatv.hu\/index.php?rest_route=\/wp\/v2\/types\/post"}],"author":[{"embeddable":true,"href":"https:\/\/www.agriatv.hu\/index.php?rest_route=\/wp\/v2\/users\/4"}],"replies":[{"embeddable":true,"href":"https:\/\/www.agriatv.hu\/index.php?rest_route=%2Fwp%2Fv2%2Fcomments&post=14637"}],"version-history":[{"count":3,"href":"https:\/\/www.agriatv.hu\/index.php?rest_route=\/wp\/v2\/posts\/14637\/revisions"}],"predecessor-version":[{"id":14642,"href":"https:\/\/www.agriatv.hu\/index.php?rest_route=\/wp\/v2\/posts\/14637\/revisions\/14642"}],"wp:attachment":[{"href":"https:\/\/www.agriatv.hu\/index.php?rest_route=%2Fwp%2Fv2%2Fmedia&parent=14637"}],"wp:term":[{"taxonomy":"category","embeddable":true,"href":"https:\/\/www.agriatv.hu\/index.php?rest_route=%2Fwp%2Fv2%2Fcategories&post=14637"},{"taxonomy":"post_tag","embeddable":true,"href":"https:\/\/www.agriatv.hu\/index.php?rest_route=%2Fwp%2Fv2%2Ftags&post=14637"}],"curies":[{"name":"wp","href":"https:\/\/api.w.org\/{rel}","templated":true}]}}