{"id":14659,"date":"2015-08-11T19:21:49","date_gmt":"2015-08-11T19:21:49","guid":{"rendered":"http:\/\/www.agriatv.hu\/?p=14659"},"modified":"2015-10-01T19:23:42","modified_gmt":"2015-10-01T19:23:42","slug":"evk-tajekoztato-megvalositasi-hataridorol","status":"publish","type":"post","link":"https:\/\/www.agriatv.hu\/?p=14659","title":{"rendered":"EVK: T\u00e1j\u00e9koztat\u00f3 megval\u00f3s\u00edt\u00e1si hat\u00e1rid\u0151r\u0151l"},"content":{"rendered":"<p style=\"text-align: justify;\"><a href=\"https:\/\/www.agriatv.hu\/wp-content\/uploads\/2015\/10\/evk_2.jpg\"><img loading=\"lazy\" decoding=\"async\" class=\"size-medium wp-image-14656 alignleft\" src=\"https:\/\/www.agriatv.hu\/wp-content\/uploads\/2015\/10\/evk_2-300x44.jpg\" alt=\"evk_2\" width=\"300\" height=\"44\" srcset=\"https:\/\/www.agriatv.hu\/wp-content\/uploads\/2015\/10\/evk_2-300x44.jpg 300w, https:\/\/www.agriatv.hu\/wp-content\/uploads\/2015\/10\/evk_2.jpg 468w\" sizes=\"auto, (max-width: 300px) 100vw, 300px\" \/><\/a>Felh\u00edvjuk Tisztelt \u00dcgyfeleink figyelm\u00e9t, hogy 2015. augusztus 31-\u00e9n lej\u00e1rnak az Eur\u00f3pai Mez\u0151gazdas\u00e1gi Vid\u00e9kfejleszt\u00e9si Alapb\u00f3l t\u00e1rsfinansz\u00edrozott egyes beruh\u00e1z\u00e1si jogc\u00edmekre vonatkoz\u00f3 megval\u00f3s\u00edt\u00e1si illetve kifizet\u00e9si k\u00e9relem beny\u00fajt\u00e1si hat\u00e1rid\u0151k. A k\u00f6zelg\u0151 hat\u00e1rid\u0151re tekintettel k\u00e9rj\u00fck, hogy kifizet\u00e9si k\u00e9relmeik beny\u00fajt\u00e1s\u00e1val ne v\u00e1rjanak a beny\u00fajt\u00e1si hat\u00e1rid\u0151 v\u00e9g\u00e9ig, azokat min\u00e9l el\u0151bb ny\u00fajts\u00e1k be.<\/p>\n<p style=\"text-align: justify;\">Felh\u00edvjuk a figyelmet, hogy a k\u00e9relem beny\u00fajt\u00e1si fel\u00fcleten k\u00fcl\u00f6n bejel\u00f6lhet\u0151, ha a 10 napon bel\u00fcli m\u00f3dos\u00edt\u00e1si lehet\u0151s\u00e9ggel \u00e9lni k\u00edv\u00e1nnak. Javasoljuk, hogy a m\u00f3dos\u00edt\u00e1s lehet\u0151s\u00e9g\u00e9t csak akkor v\u00e1lassz\u00e1k, ha valamilyen dokumentum vagy adat m\u00e9g hi\u00e1nyzik a k\u00e9relemhez, \u00e9s azzal ut\u00f3lag szeretn\u00e9k kieg\u00e9sz\u00edteni a k\u00e9relmet. Azon k\u00e9relmek elb\u00edr\u00e1l\u00e1s\u00e1t, melyeket az \u00fcgyfelek nem k\u00edv\u00e1nnak m\u00f3dos\u00edtani, az MVH r\u00f6gt\u00f6n meg tudja kezdeni, ez\u00e1ltal az \u00fcgyfelek el\u0151bb juthatnak a t\u00e1mogat\u00e1shoz.<\/p>\n<p style=\"text-align: justify;\">Az egyes beruh\u00e1z\u00e1si jogc\u00edmek eset\u00e9ben a k\u00f6zelj\u00f6v\u0151ben lej\u00e1r\u00f3 megval\u00f3s\u00edt\u00e1si \u00e9s utols\u00f3 kifizet\u00e9si k\u00e9relem beny\u00fajt\u00e1si hat\u00e1rid\u0151kr\u0151l \u00f6sszefoglal\u00f3 t\u00e1bl\u00e1zatban ny\u00fajtunk \u00e1ttekint\u0151 t\u00e1j\u00e9koztat\u00e1st, a t\u00e1bl\u00e1zat az Eger Vid\u00e9k Kincsei Egyes\u00fclet honlapj\u00e1n tal\u00e1lhat\u00f3.<\/p>\n<p style=\"text-align: justify;\"><strong><u> Forr\u00e1s:<\/u><\/strong> <a href=\"http:\/\/www.evk-egyesulet.hu\">www.evk-egyesulet.hu<\/a><\/p>\n","protected":false},"excerpt":{"rendered":"<p>Felh\u00edvjuk Tisztelt \u00dcgyfeleink figyelm\u00e9t, hogy 2015. augusztus 31-\u00e9n lej\u00e1rnak az Eur\u00f3pai Mez\u0151gazdas\u00e1gi Vid\u00e9kfejleszt\u00e9si Alapb\u00f3l t\u00e1rsfinansz\u00edrozott egyes beruh\u00e1z\u00e1si jogc\u00edmekre vonatkoz\u00f3 megval\u00f3s\u00edt\u00e1si illetve kifizet\u00e9si k\u00e9relem beny\u00fajt\u00e1si hat\u00e1rid\u0151k. A k\u00f6zelg\u0151 hat\u00e1rid\u0151re tekintettel k\u00e9rj\u00fck, hogy kifizet\u00e9si k\u00e9relmeik beny\u00fajt\u00e1s\u00e1val ne v\u00e1rjanak a beny\u00fajt\u00e1si hat\u00e1rid\u0151 v\u00e9g\u00e9ig, azokat min\u00e9l el\u0151bb ny\u00fajts\u00e1k be.<br \/>\nFelh\u00edvjuk a figyelmet, hogy a k\u00e9relem beny\u00fajt\u00e1si fel\u00fcleten k\u00fcl\u00f6n bejel\u00f6lhet\u0151, ha [&#8230;]<\/p>\n","protected":false},"author":4,"featured_media":0,"comment_status":"closed","ping_status":"closed","sticky":false,"template":"","format":"standard","meta":{"footnotes":""},"categories":[450],"tags":[1615],"class_list":["post-14659","post","type-post","status-publish","format-standard","hentry","category-gazdasag-2","tag-evk"],"_links":{"self":[{"href":"https:\/\/www.agriatv.hu\/index.php?rest_route=\/wp\/v2\/posts\/14659","targetHints":{"allow":["GET"]}}],"collection":[{"href":"https:\/\/www.agriatv.hu\/index.php?rest_route=\/wp\/v2\/posts"}],"about":[{"href":"https:\/\/www.agriatv.hu\/index.php?rest_route=\/wp\/v2\/types\/post"}],"author":[{"embeddable":true,"href":"https:\/\/www.agriatv.hu\/index.php?rest_route=\/wp\/v2\/users\/4"}],"replies":[{"embeddable":true,"href":"https:\/\/www.agriatv.hu\/index.php?rest_route=%2Fwp%2Fv2%2Fcomments&post=14659"}],"version-history":[{"count":1,"href":"https:\/\/www.agriatv.hu\/index.php?rest_route=\/wp\/v2\/posts\/14659\/revisions"}],"predecessor-version":[{"id":14660,"href":"https:\/\/www.agriatv.hu\/index.php?rest_route=\/wp\/v2\/posts\/14659\/revisions\/14660"}],"wp:attachment":[{"href":"https:\/\/www.agriatv.hu\/index.php?rest_route=%2Fwp%2Fv2%2Fmedia&parent=14659"}],"wp:term":[{"taxonomy":"category","embeddable":true,"href":"https:\/\/www.agriatv.hu\/index.php?rest_route=%2Fwp%2Fv2%2Fcategories&post=14659"},{"taxonomy":"post_tag","embeddable":true,"href":"https:\/\/www.agriatv.hu\/index.php?rest_route=%2Fwp%2Fv2%2Ftags&post=14659"}],"curies":[{"name":"wp","href":"https:\/\/api.w.org\/{rel}","templated":true}]}}