{"id":14661,"date":"2015-08-25T19:23:46","date_gmt":"2015-08-25T19:23:46","guid":{"rendered":"http:\/\/www.agriatv.hu\/?p=14661"},"modified":"2015-10-01T19:26:27","modified_gmt":"2015-10-01T19:26:27","slug":"az-eger-videk-kincsei-egyesulet-forumot-tart","status":"publish","type":"post","link":"https:\/\/www.agriatv.hu\/?p=14661","title":{"rendered":"Az Eger  Vid\u00e9k Kincsei egyes\u00fclet f\u00f3rumot tart"},"content":{"rendered":"<p><strong><a href=\"https:\/\/www.agriatv.hu\/wp-content\/uploads\/2015\/10\/evk_2.jpg\"><img loading=\"lazy\" decoding=\"async\" class=\"alignleft size-medium wp-image-14656\" src=\"https:\/\/www.agriatv.hu\/wp-content\/uploads\/2015\/10\/evk_2-300x44.jpg\" alt=\"evk_2\" width=\"300\" height=\"44\" srcset=\"https:\/\/www.agriatv.hu\/wp-content\/uploads\/2015\/10\/evk_2-300x44.jpg 300w, https:\/\/www.agriatv.hu\/wp-content\/uploads\/2015\/10\/evk_2.jpg 468w\" sizes=\"auto, (max-width: 300px) 100vw, 300px\" \/><\/a>AZ EGER VID\u00c9K KINCSEI EGYES\u00dcLET<\/strong><\/p>\n<p><strong>F\u00d3RUMOT tart<\/strong><\/p>\n<ol start=\"2015\">\n<li>szeptember 04.-\u00e9n 16.00 \u00f3r\u00e1t\u00f3l,<\/li>\n<\/ol>\n<p>amelyre minden \u00e9rdekl\u0151d\u0151t tisztelettel v\u00e1rnak!<\/p>\n<p>Helysz\u00edn: Makl\u00e1r, Igazgat\u00e1si K\u00f6zpont, (3397 Makl\u00e1r, Templom t\u00e9r 30.)<\/p>\n<p>Id\u0151pont: 2015. szeptember 04. 16.00 \u00f3ra<\/p>\n<p>&nbsp;<\/p>\n<p><strong><u>T\u00c9MA:<\/u><\/strong><\/p>\n<p>A Mez\u0151gazdas\u00e1gi \u00e9s Vid\u00e9kfejleszt\u00e9si Hivatal 89\/2015. (VII. 29.) sz\u00e1m\u00fa K\u00d6ZLEM\u00c9NYE<\/p>\n<p>az Eur\u00f3pai Mez\u0151gazdas\u00e1gi Vid\u00e9kfejleszt\u00e9si Alapb\u00f3l ny\u00fajtand\u00f3, a vid\u00e9ki gazdas\u00e1g \u00e9s a lakoss\u00e1g sz\u00e1m\u00e1ra ny\u00fajtott alapszolg\u00e1ltat\u00e1sok fejleszt\u00e9s\u00e9re 2015-t\u0151l ig\u00e9nybe vehet\u0151 t\u00e1mogat\u00e1sok kifizet\u00e9s\u00e9nek ig\u00e9nyl\u00e9s\u00e9r\u0151l<\/p>\n<p>Batki Szabolcs s.k.<\/p>\n<p>Munkaszervezet vezet\u0151<\/p>\n<p>&nbsp;<\/p>\n<p>\u201eEur\u00f3pai Mez\u0151gazdas\u00e1gi Vid\u00e9kfejleszt\u00e9si Alap: a vid\u00e9ki ter\u00fcletekbe beruh\u00e1z\u00f3 Eur\u00f3pa\u201d<\/p>\n","protected":false},"excerpt":{"rendered":"<p>AZ EGER VID\u00c9K KINCSEI EGYES\u00dcLET<br \/>\nF\u00d3RUMOT tart<\/p>\n<p>szeptember 04.-\u00e9n 16.00 \u00f3r\u00e1t\u00f3l,<\/p>\n<p>amelyre minden \u00e9rdekl\u0151d\u0151t tisztelettel v\u00e1rnak!<br \/>\nHelysz\u00edn: Makl\u00e1r, Igazgat\u00e1si K\u00f6zpont, (3397 Makl\u00e1r, Templom t\u00e9r 30.)<br \/>\nId\u0151pont: 2015. szeptember 04. 16.00 \u00f3ra<br \/>\n&nbsp;<br \/>\nT\u00c9MA:<br \/>\nA Mez\u0151gazdas\u00e1gi \u00e9s Vid\u00e9kfejleszt\u00e9si Hivatal 89\/2015. (VII. 29.) sz\u00e1m\u00fa K\u00d6ZLEM\u00c9NYE<br \/>\naz Eur\u00f3pai Mez\u0151gazdas\u00e1gi Vid\u00e9kfejleszt\u00e9si Alapb\u00f3l ny\u00fajtand\u00f3, a vid\u00e9ki gazdas\u00e1g \u00e9s a lakoss\u00e1g sz\u00e1m\u00e1ra ny\u00fajtott alapszolg\u00e1ltat\u00e1sok fejleszt\u00e9s\u00e9re 2015-t\u0151l ig\u00e9nybe vehet\u0151 t\u00e1mogat\u00e1sok kifizet\u00e9s\u00e9nek [&#8230;]<\/p>\n","protected":false},"author":4,"featured_media":0,"comment_status":"closed","ping_status":"closed","sticky":false,"template":"","format":"standard","meta":{"footnotes":""},"categories":[1],"tags":[1615],"class_list":["post-14661","post","type-post","status-publish","format-standard","hentry","category-nincs-kategorizalva","tag-evk"],"_links":{"self":[{"href":"https:\/\/www.agriatv.hu\/index.php?rest_route=\/wp\/v2\/posts\/14661","targetHints":{"allow":["GET"]}}],"collection":[{"href":"https:\/\/www.agriatv.hu\/index.php?rest_route=\/wp\/v2\/posts"}],"about":[{"href":"https:\/\/www.agriatv.hu\/index.php?rest_route=\/wp\/v2\/types\/post"}],"author":[{"embeddable":true,"href":"https:\/\/www.agriatv.hu\/index.php?rest_route=\/wp\/v2\/users\/4"}],"replies":[{"embeddable":true,"href":"https:\/\/www.agriatv.hu\/index.php?rest_route=%2Fwp%2Fv2%2Fcomments&post=14661"}],"version-history":[{"count":1,"href":"https:\/\/www.agriatv.hu\/index.php?rest_route=\/wp\/v2\/posts\/14661\/revisions"}],"predecessor-version":[{"id":14662,"href":"https:\/\/www.agriatv.hu\/index.php?rest_route=\/wp\/v2\/posts\/14661\/revisions\/14662"}],"wp:attachment":[{"href":"https:\/\/www.agriatv.hu\/index.php?rest_route=%2Fwp%2Fv2%2Fmedia&parent=14661"}],"wp:term":[{"taxonomy":"category","embeddable":true,"href":"https:\/\/www.agriatv.hu\/index.php?rest_route=%2Fwp%2Fv2%2Fcategories&post=14661"},{"taxonomy":"post_tag","embeddable":true,"href":"https:\/\/www.agriatv.hu\/index.php?rest_route=%2Fwp%2Fv2%2Ftags&post=14661"}],"curies":[{"name":"wp","href":"https:\/\/api.w.org\/{rel}","templated":true}]}}