{"id":14663,"date":"2015-09-25T19:26:45","date_gmt":"2015-09-25T19:26:45","guid":{"rendered":"http:\/\/www.agriatv.hu\/?p=14663"},"modified":"2015-10-01T19:28:26","modified_gmt":"2015-10-01T19:28:26","slug":"a-mezogazdasagi-es-videkfejlesztesi-hivatal-1152015-ix-25-szamu-kozlemenye","status":"publish","type":"post","link":"https:\/\/www.agriatv.hu\/?p=14663","title":{"rendered":"A Mez\u0151gazdas\u00e1gi \u00e9s Vid\u00e9kfejleszt\u00e9si Hivatal 115\/2015. (IX. 25.) sz\u00e1m\u00fa K\u00d6ZLEM\u00c9NYE"},"content":{"rendered":"<p style=\"text-align: justify;\"><a href=\"https:\/\/www.agriatv.hu\/wp-content\/uploads\/2015\/10\/evk_2.jpg\"><img loading=\"lazy\" decoding=\"async\" class=\"size-medium wp-image-14656 alignleft\" src=\"https:\/\/www.agriatv.hu\/wp-content\/uploads\/2015\/10\/evk_2-300x44.jpg\" alt=\"evk_2\" width=\"300\" height=\"44\" srcset=\"https:\/\/www.agriatv.hu\/wp-content\/uploads\/2015\/10\/evk_2-300x44.jpg 300w, https:\/\/www.agriatv.hu\/wp-content\/uploads\/2015\/10\/evk_2.jpg 468w\" sizes=\"auto, (max-width: 300px) 100vw, 300px\" \/><\/a><strong>A Mez\u0151gazdas\u00e1gi \u00e9s Vid\u00e9kfejleszt\u00e9si Hivatal 115\/2015. (IX. 25.) sz\u00e1m\u00fa K\u00d6ZLEM\u00c9NYE<\/strong><\/p>\n<p style=\"text-align: justify;\">az Eur\u00f3pai Mez\u0151gazdas\u00e1gi Vid\u00e9kfejleszt\u00e9si Alapb\u00f3l a kert\u00e9szeti g\u00e9pek beszerz\u00e9s\u00e9hez a 2015. \u00e9vben ny\u00fajtand\u00f3 t\u00e1mogat\u00e1sok kifizet\u00e9s\u00e9nek ig\u00e9nyl\u00e9s\u00e9r\u0151l sz\u00f3l\u00f3 91\/2015. (VII. 30.) sz\u00e1m\u00fa MVH K\u00f6zlem\u00e9ny m\u00f3dos\u00edt\u00e1s\u00e1r\u00f3l<\/p>\n<p style=\"text-align: justify;\">Jelen k\u00f6zlem\u00e9ny az Eur\u00f3pai Mez\u0151gazdas\u00e1gi Vid\u00e9kfejleszt\u00e9si Alapb\u00f3l a kert\u00e9szeti g\u00e9pek beszerz\u00e9s\u00e9hez a 2015. \u00e9vben ny\u00fajtand\u00f3 t\u00e1mogat\u00e1sok kifizet\u00e9s\u00e9nek ig\u00e9nyl\u00e9s\u00e9r\u0151l sz\u00f3l\u00f3 91\/2015. (VII. 30.) sz\u00e1m\u00fa MVH K\u00f6zlem\u00e9ny (a tov\u00e1bbiakban: K\u00f6zlem\u00e9ny) m\u00f3dos\u00edt\u00e1s\u00e1r\u00f3l rendelkezik. A m\u00f3dos\u00edt\u00e1st az indokolja, hogy indul\u00f3 v\u00e1llalkoz\u00e1s t\u00e1mogat\u00e1s ig\u00e9nybev\u00e9tel\u00e9re csak akkor jogosult, ha legk\u00e9s\u0151bb 2015. okt\u00f3ber 15. napj\u00e1ig kert\u00e9szeti \u00fczemm\u00e9rete el\u00e9ri a 4 EUME-t, amelyet k\u00f6teles az \u00fczemeltet\u00e9si id\u0151szak teljes eg\u00e9sze alatt fenn is tartani. A kert\u00e9szeti \u00fczemm\u00e9ret a 2015. \u00e9vi TERA adatok, illetve a korm\u00e1nyhivatali igazol\u00e1s alapj\u00e1n ker\u00fcl meg\u00e1llap\u00edt\u00e1sra. A m\u00f3dos\u00edt\u00f3 k\u00f6zlem\u00e9ny a korm\u00e1nyhivatali igazol\u00e1shoz kapcsol\u00f3d\u00f3an rendszeres\u00edt nyomtatv\u00e1nyt.<\/p>\n<p style=\"text-align: justify;\">Indul\u00f3 v\u00e1llalkoz\u00e1s eset\u00e9ben az \u00fcgyf\u00e9l nyilatkozatban v\u00e1llalja, hogy legk\u00e9s\u0151bb 2015. okt\u00f3ber 15-ig el\u00e9ri a 4 EUME kert\u00e9szeti \u00fczemm\u00e9retet, melyet az \u00fczemeltet\u00e9si k\u00f6telezetts\u00e9g lej\u00e1rt\u00e1ig k\u00f6teles fenntartani. A kert\u00e9szeti \u00fczemm\u00e9ret a 2015. \u00e9vi TERA adatok, illetve a korm\u00e1nyhivatali igazol\u00e1s alapj\u00e1n ker\u00fcl meg\u00e1llap\u00edt\u00e1sra. A kert\u00e9szeti \u00fczemm\u00e9ret igazol\u00e1s\u00e1ra a 11. sz\u00e1m\u00fa mell\u00e9klet &#8211; Korm\u00e1nyhivatali igazol\u00e1s a 2015. \u00e9vi kert\u00e9szeti tev\u00e9kenys\u00e9gr\u0151l indul\u00f3 v\u00e1llalkoz\u00e1soknak elnevez\u00e9s\u0171 formanyomtatv\u00e1ny \u2013 alkalmazand\u00f3, melyet a kifizet\u00e9si k\u00e9relemmel egy\u00fctt sz\u00fcks\u00e9ges beny\u00fajtani!\u201d<\/p>\n<p style=\"text-align: justify;\"><strong><u>Forr\u00e1s:<\/u><\/strong> <a href=\"http:\/\/www.evk-egyesulet.hu\">www.evk-egyesulet.hu<\/a><\/p>\n","protected":false},"excerpt":{"rendered":"<p>A Mez\u0151gazdas\u00e1gi \u00e9s Vid\u00e9kfejleszt\u00e9si Hivatal 115\/2015. (IX. 25.) sz\u00e1m\u00fa K\u00d6ZLEM\u00c9NYE<br \/>\naz Eur\u00f3pai Mez\u0151gazdas\u00e1gi Vid\u00e9kfejleszt\u00e9si Alapb\u00f3l a kert\u00e9szeti g\u00e9pek beszerz\u00e9s\u00e9hez a 2015. \u00e9vben ny\u00fajtand\u00f3 t\u00e1mogat\u00e1sok kifizet\u00e9s\u00e9nek ig\u00e9nyl\u00e9s\u00e9r\u0151l sz\u00f3l\u00f3 91\/2015. (VII. 30.) sz\u00e1m\u00fa MVH K\u00f6zlem\u00e9ny m\u00f3dos\u00edt\u00e1s\u00e1r\u00f3l<br \/>\nJelen k\u00f6zlem\u00e9ny az Eur\u00f3pai Mez\u0151gazdas\u00e1gi Vid\u00e9kfejleszt\u00e9si Alapb\u00f3l a kert\u00e9szeti g\u00e9pek beszerz\u00e9s\u00e9hez a 2015. \u00e9vben ny\u00fajtand\u00f3 t\u00e1mogat\u00e1sok kifizet\u00e9s\u00e9nek ig\u00e9nyl\u00e9s\u00e9r\u0151l sz\u00f3l\u00f3 91\/2015. (VII. 30.) sz\u00e1m\u00fa [&#8230;]<\/p>\n","protected":false},"author":4,"featured_media":0,"comment_status":"closed","ping_status":"closed","sticky":false,"template":"","format":"standard","meta":{"footnotes":""},"categories":[450],"tags":[1615],"class_list":["post-14663","post","type-post","status-publish","format-standard","hentry","category-gazdasag-2","tag-evk"],"_links":{"self":[{"href":"https:\/\/www.agriatv.hu\/index.php?rest_route=\/wp\/v2\/posts\/14663","targetHints":{"allow":["GET"]}}],"collection":[{"href":"https:\/\/www.agriatv.hu\/index.php?rest_route=\/wp\/v2\/posts"}],"about":[{"href":"https:\/\/www.agriatv.hu\/index.php?rest_route=\/wp\/v2\/types\/post"}],"author":[{"embeddable":true,"href":"https:\/\/www.agriatv.hu\/index.php?rest_route=\/wp\/v2\/users\/4"}],"replies":[{"embeddable":true,"href":"https:\/\/www.agriatv.hu\/index.php?rest_route=%2Fwp%2Fv2%2Fcomments&post=14663"}],"version-history":[{"count":1,"href":"https:\/\/www.agriatv.hu\/index.php?rest_route=\/wp\/v2\/posts\/14663\/revisions"}],"predecessor-version":[{"id":14664,"href":"https:\/\/www.agriatv.hu\/index.php?rest_route=\/wp\/v2\/posts\/14663\/revisions\/14664"}],"wp:attachment":[{"href":"https:\/\/www.agriatv.hu\/index.php?rest_route=%2Fwp%2Fv2%2Fmedia&parent=14663"}],"wp:term":[{"taxonomy":"category","embeddable":true,"href":"https:\/\/www.agriatv.hu\/index.php?rest_route=%2Fwp%2Fv2%2Fcategories&post=14663"},{"taxonomy":"post_tag","embeddable":true,"href":"https:\/\/www.agriatv.hu\/index.php?rest_route=%2Fwp%2Fv2%2Ftags&post=14663"}],"curies":[{"name":"wp","href":"https:\/\/api.w.org\/{rel}","templated":true}]}}