{"id":14687,"date":"2015-10-07T13:40:36","date_gmt":"2015-10-07T13:40:36","guid":{"rendered":"http:\/\/www.agriatv.hu\/?p=14687"},"modified":"2015-10-07T19:39:50","modified_gmt":"2015-10-07T19:39:50","slug":"megfigyeles-alatt-az-elozetesben-dontott-a-birosag-a-rablas-gyanusitottjarol","status":"publish","type":"post","link":"https:\/\/www.agriatv.hu\/?p=14687","title":{"rendered":"Megfigyel\u00e9s alatt az el\u0151zetesben: d\u00f6nt\u00f6tt a b\u00edr\u00f3s\u00e1g a rabl\u00e1s gyan\u00fas\u00edtottj\u00e1r\u00f3l"},"content":{"rendered":"<p style=\"text-align: justify;\"><a href=\"https:\/\/www.agriatv.hu\/wp-content\/uploads\/2015\/10\/1007rablo_eger_birosag_v.jpg\"><img loading=\"lazy\" decoding=\"async\" class=\"alignleft wp-image-14688\" src=\"https:\/\/www.agriatv.hu\/wp-content\/uploads\/2015\/10\/1007rablo_eger_birosag_v-300x240.jpg\" alt=\"1007rablo_eger_birosag_v\" width=\"160\" height=\"128\" srcset=\"https:\/\/www.agriatv.hu\/wp-content\/uploads\/2015\/10\/1007rablo_eger_birosag_v-300x240.jpg 300w, https:\/\/www.agriatv.hu\/wp-content\/uploads\/2015\/10\/1007rablo_eger_birosag_v-100x80.jpg 100w, https:\/\/www.agriatv.hu\/wp-content\/uploads\/2015\/10\/1007rablo_eger_birosag_v.jpg 720w\" sizes=\"auto, (max-width: 160px) 100vw, 160px\" \/><\/a><\/p>\n<p style=\"text-align: justify;\"><strong>Egyed\u00fcl st\u00e1bunknak nyilatkozott a rabl\u00e1s gyan\u00fas\u00edtottja a b\u00edr\u00f3s\u00e1gon.<\/strong><\/p>\n<p style=\"text-align: justify;\">Az Egri Rend\u0151rkapit\u00e1nys\u00e1g rabl\u00e1s b\u0171ntette miatt folytat nyomoz\u00e1st K:R: gyan\u00fas\u00edtott ellen.<\/p>\n<p style=\"text-align: justify;\">A megalapozott gyan\u00fa szerint a gyan\u00fas\u00edtott 2015. okt\u00f3ber h\u00f3 43. napj\u00e1n bement egy egri ABC-be \u00e9s a s\u00e9rtett\u0151l a kassz\u00e1ban l\u00e9v\u0151 p\u00e9nz\u00f6sszeg \u00e1tad\u00e1s\u00e1t k\u00f6vetelte. A s\u00e9rtett a felsz\u00f3l\u00edt\u00e1snak nem tett eleget, megpr\u00f3b\u00e1lta a gyan\u00fas\u00edtottat cselekm\u00e9ny\u00e9ben megakad\u00e1lyozni, ez\u00e9rt a gyan\u00fas\u00edtott megragadta, majd ell\u00f6kte a s\u00e9rtettet. K.R. ezt k\u00f6vet\u0151en 53.000 Ft-ot vett ki a kassz\u00e1b\u00f3l, majd t\u00e1vozott az \u00fczletb\u0151l.<\/p>\n<p style=\"text-align: justify;\">Az \u00fcgy\u00e9szs\u00e9g a sz\u00f6k\u00e9s \u2013 elrejt\u0151z\u00e9s \u00e9s tan\u00fak befoly\u00e1sol\u00e1s\u00e1nak vesz\u00e9ly\u00e9re figyelemmel ind\u00edtv\u00e1nyozta a gyan\u00fas\u00edtott el\u0151zetes letart\u00f3ztat\u00e1s\u00e1nak elrendel\u00e9s\u00e9t.<\/p>\n<p style=\"text-align: justify;\">Az Egri J\u00e1r\u00e1sb\u00edr\u00f3s\u00e1g nyomoz\u00e1si b\u00edr\u00e1ja a 2015. okt\u00f3ber h\u00f3 7. napj\u00e1n megtartott \u00fcl\u00e9sen 2015. november h\u00f3 7. napj\u00e1ig elrendelte a gyan\u00fas\u00edtott el\u0151zetes letart\u00f3ztat\u00e1s\u00e1t. A v\u00e9gz\u00e9s indokol\u00e1sa szerint a cselekm\u00e9ny kiemelked\u0151 t\u00e1rgyi s\u00faly\u00e1ra, a v\u00e1rhat\u00f3 b\u00fcntet\u00e9s m\u00e9rt\u00e9k\u00e9re \u00e9s a gyan\u00fas\u00edtott rendezetlen szem\u00e9lyi k\u00f6r\u00fclm\u00e9nyeire figyelemmel fenn\u00e1ll a sz\u00f6k\u00e9s, elrejt\u0151z\u00e9s vesz\u00e9lye, megalapozottan felt\u00e9telezhet\u0151, hogy szabadl\u00e1bra ker\u00fcl\u00e9se eset\u00e9n a hat\u00f3s\u00e1g el\u0151l megsz\u00f6kne, elrejt\u0151zne. A nyomoz\u00e1si b\u00edr\u00f3 \u00e1ll\u00e1spontja szerint a cselekm\u00e9ny jelleg\u00e9b\u0151l ad\u00f3d\u00f3an is K.R. eset\u00e9ben fenn\u00e1ll a vesz\u00e9lye a tan\u00fak befoly\u00e1sol\u00e1s\u00e1nak.<\/p>\n<p style=\"text-align: justify;\">A b\u00edr\u00f3s\u00e1g az el\u0151zetes letart\u00f3ztat\u00e1s v\u00e9grehajt\u00e1si hely\u00e9\u00fcl az IMEI-t (Igazs\u00e1g\u00fcgyi Megfigyel\u0151 \u00e9s Elmegy\u00f3gy\u00edt\u00f3 Int\u00e9zet)<\/p>\n<p style=\"text-align: justify;\">jel\u00f6lte ki.<\/p>\n<p style=\"text-align: justify;\">A nyomoz\u00e1si b\u00edr\u00f3 hat\u00e1rozat\u00e1t az \u00fcgy\u00e9sz tudom\u00e1sul vette, a gyan\u00fas\u00edtott azonban fellebbez\u00e9st jelentett be ellene. A v\u00e9gz\u00e9s nem joger\u0151s.<\/p>\n<p style=\"text-align: justify;\">\n<div class=\"youtube-embed ye-container\" itemprop=\"video\" itemscope itemtype=\"https:\/\/schema.org\/VideoObject\">\n\t<meta itemprop=\"url\" content=\"https:\/\/www.youtube.com\/v\/JBx-4bS2lGY\" \/>\n\t<meta itemprop=\"name\" content=\"Megfigyel\u00e9s alatt az el\u0151zetesben: d\u00f6nt\u00f6tt a b\u00edr\u00f3s\u00e1g a rabl\u00e1s gyan\u00fas\u00edtottj\u00e1r\u00f3l\" \/>\n\t<meta itemprop=\"description\" content=\"Megfigyel\u00e9s alatt az el\u0151zetesben: d\u00f6nt\u00f6tt a b\u00edr\u00f3s\u00e1g a rabl\u00e1s gyan\u00fas\u00edtottj\u00e1r\u00f3l\" \/>\n\t<meta itemprop=\"uploadDate\" content=\"2015-10-07T13:40:36+00:00\" \/>\n\t<meta itemprop=\"thumbnailUrl\" content=\"https:\/\/i.ytimg.com\/vi\/JBx-4bS2lGY\/default.jpg\" \/>\n\t<meta itemprop=\"embedUrl\" content=\"https:\/\/www.youtube.com\/embed\/JBx-4bS2lGY\" \/>\n\t<meta itemprop=\"height\" content=\"1080\" \/>\n\t<meta itemprop=\"width\" content=\"1920\" \/>\n\t<iframe loading=\"lazy\" style=\"border: 0;\" class=\"youtube-player\" width=\"1920\" height=\"1080\" src=\"https:\/\/www.youtube.com\/embed\/JBx-4bS2lGY?modestbranding=1&fs=0&rel=0\"><\/iframe>\n<\/div>\n<\/p>\n","protected":false},"excerpt":{"rendered":"<p>Egyed\u00fcl st\u00e1bunknak nyilatkozott a rabl\u00e1s gyan\u00fas\u00edtottja a b\u00edr\u00f3s\u00e1gon.<br \/>\nAz Egri Rend\u0151rkapit\u00e1nys\u00e1g rabl\u00e1s b\u0171ntette miatt folytat nyomoz\u00e1st K:R: gyan\u00fas\u00edtott ellen.<br \/>\nA megalapozott gyan\u00fa szerint a gyan\u00fas\u00edtott 2015. okt\u00f3ber h\u00f3 43. napj\u00e1n bement egy egri ABC-be \u00e9s a s\u00e9rtett\u0151l a kassz\u00e1ban l\u00e9v\u0151 p\u00e9nz\u00f6sszeg \u00e1tad\u00e1s\u00e1t k\u00f6vetelte. A s\u00e9rtett a felsz\u00f3l\u00edt\u00e1snak nem tett eleget, megpr\u00f3b\u00e1lta a gyan\u00fas\u00edtottat cselekm\u00e9ny\u00e9ben megakad\u00e1lyozni, ez\u00e9rt a [&#8230;]<\/p>\n","protected":false},"author":4,"featured_media":0,"comment_status":"closed","ping_status":"closed","sticky":false,"template":"","format":"standard","meta":{"footnotes":""},"categories":[5],"tags":[71,36,692,122],"class_list":["post-14687","post","type-post","status-publish","format-standard","hentry","category-kek-hirek","tag-birosag","tag-eger","tag-rablas","tag-rendorseg"],"_links":{"self":[{"href":"https:\/\/www.agriatv.hu\/index.php?rest_route=\/wp\/v2\/posts\/14687","targetHints":{"allow":["GET"]}}],"collection":[{"href":"https:\/\/www.agriatv.hu\/index.php?rest_route=\/wp\/v2\/posts"}],"about":[{"href":"https:\/\/www.agriatv.hu\/index.php?rest_route=\/wp\/v2\/types\/post"}],"author":[{"embeddable":true,"href":"https:\/\/www.agriatv.hu\/index.php?rest_route=\/wp\/v2\/users\/4"}],"replies":[{"embeddable":true,"href":"https:\/\/www.agriatv.hu\/index.php?rest_route=%2Fwp%2Fv2%2Fcomments&post=14687"}],"version-history":[{"count":4,"href":"https:\/\/www.agriatv.hu\/index.php?rest_route=\/wp\/v2\/posts\/14687\/revisions"}],"predecessor-version":[{"id":14692,"href":"https:\/\/www.agriatv.hu\/index.php?rest_route=\/wp\/v2\/posts\/14687\/revisions\/14692"}],"wp:attachment":[{"href":"https:\/\/www.agriatv.hu\/index.php?rest_route=%2Fwp%2Fv2%2Fmedia&parent=14687"}],"wp:term":[{"taxonomy":"category","embeddable":true,"href":"https:\/\/www.agriatv.hu\/index.php?rest_route=%2Fwp%2Fv2%2Fcategories&post=14687"},{"taxonomy":"post_tag","embeddable":true,"href":"https:\/\/www.agriatv.hu\/index.php?rest_route=%2Fwp%2Fv2%2Ftags&post=14687"}],"curies":[{"name":"wp","href":"https:\/\/api.w.org\/{rel}","templated":true}]}}