{"id":14712,"date":"2015-10-18T22:03:09","date_gmt":"2015-10-18T22:03:09","guid":{"rendered":"http:\/\/www.agriatv.hu\/?p=14712"},"modified":"2015-10-18T22:03:09","modified_gmt":"2015-10-18T22:03:09","slug":"belapult-a-kocsi-teteje-is-baleset-kapolnanal","status":"publish","type":"post","link":"https:\/\/www.agriatv.hu\/?p=14712","title":{"rendered":"Belapult a kocsi teteje is: baleset K\u00e1poln\u00e1n\u00e1l"},"content":{"rendered":"<p style=\"text-align: justify;\"><strong><a href=\"https:\/\/www.agriatv.hu\/wp-content\/uploads\/2015\/10\/1018baleset_kapolna.Still015.jpg\"><img loading=\"lazy\" decoding=\"async\" class=\"alignleft  wp-image-14713\" src=\"https:\/\/www.agriatv.hu\/wp-content\/uploads\/2015\/10\/1018baleset_kapolna.Still015-300x240.jpg\" alt=\"1018baleset_kapolna.Still015\" width=\"166\" height=\"133\" srcset=\"https:\/\/www.agriatv.hu\/wp-content\/uploads\/2015\/10\/1018baleset_kapolna.Still015-300x240.jpg 300w, https:\/\/www.agriatv.hu\/wp-content\/uploads\/2015\/10\/1018baleset_kapolna.Still015-100x80.jpg 100w, https:\/\/www.agriatv.hu\/wp-content\/uploads\/2015\/10\/1018baleset_kapolna.Still015.jpg 720w\" sizes=\"auto, (max-width: 166px) 100vw, 166px\" \/><\/a>S\u00falyos s\u00e9r\u00fcl\u00e9sekkel sz\u00e1ll\u00edtott\u00e1k k\u00f3rh\u00e1zba annak a kocsinak a vezet\u0151j\u00e9t, amelyik balesetet szenvedett vas\u00e1rnap este a 3. sz\u00e1m\u00fa f\u0151\u00faton<\/strong>.<\/p>\n<p style=\"text-align: justify;\">Az els\u0151dleges meg\u00e1llap\u00edt\u00e1sok szerint, egy Peugeot tartott Gy\u00f6ngy\u00f6s fel\u0151l K\u00e1polna ir\u00e1ny\u00e1ba este 9 el\u0151tt nem sokkal, amikor a kocsi vezet\u0151je egy enyhe \u00edv\u0171 jobbos kanyarban,egy m\u00e1sik kocsi el\u0151z\u00e9se ut\u00e1n kisodr\u00f3dott. \u00dagy tudjuk a kanyar nem volt bel\u00e1that\u00f3, de nem j\u00f6tt senki szembe. A kocsi vezet\u0151je a man\u0151ver befejez\u00e9sekor valami\u00e9rt vissza r\u00e1ntotta a korm\u00e1ny. Ezek ut\u00e1n az \u00fat menti \u00e1rokba sodr\u00f3dott, ami megdobta, egy f\u00e1nak hajtott, majd az \u00fat menti sz\u00e1nt\u00e1sban m\u00e9g t\u00f6bbsz\u00f6r megp\u00f6rd\u00fclt.<\/p>\n<p style=\"text-align: justify;\">A baleset nagys\u00e1g\u00e1ra jellemz\u0151, hogy az aut\u00f3 a f\u00e1t\u00f3l mintegy 30 m\u00e9terre \u00e1llt meg, az egyik kereket \u00fajabb 50 m\u00e9terre tal\u00e1lt\u00e1k meg.<\/p>\n<p style=\"text-align: justify;\">A kocsi teteje teljesen belapult, csak a szerencs\u00e9nek tudhat\u00f3 be, hogy a vezet\u0151 \u00e9letben maradt. \u00dagy tudjuk, a biztons\u00e1gi \u00f6v be volt csatolva.<\/p>\n<p style=\"text-align: justify;\">Inform\u00e1ci\u00f3ink szerint a kocsin gyenge min\u0151s\u00e9g\u0171 ny\u00e1ri gumi volt a balesetkor.<\/p>\n<p style=\"text-align: justify;\">\u00a0A kocsi ment\u00e9s\u00e9hez a bokrokat is ki kellett v\u00e1gni. \n<div class=\"youtube-embed ye-container\" itemprop=\"video\" itemscope itemtype=\"https:\/\/schema.org\/VideoObject\">\n\t<meta itemprop=\"url\" content=\"https:\/\/www.youtube.com\/v\/rQPAyhsNOgs\" \/>\n\t<meta itemprop=\"name\" content=\"Belapult a kocsi teteje is: baleset K\u00e1poln\u00e1n\u00e1l\" \/>\n\t<meta itemprop=\"description\" content=\"Belapult a kocsi teteje is: baleset K\u00e1poln\u00e1n\u00e1l\" \/>\n\t<meta itemprop=\"uploadDate\" content=\"2015-10-18T22:03:09+00:00\" \/>\n\t<meta itemprop=\"thumbnailUrl\" content=\"https:\/\/i.ytimg.com\/vi\/rQPAyhsNOgs\/default.jpg\" \/>\n\t<meta itemprop=\"embedUrl\" content=\"https:\/\/www.youtube.com\/embed\/rQPAyhsNOgs\" \/>\n\t<meta itemprop=\"height\" content=\"1080\" \/>\n\t<meta itemprop=\"width\" content=\"1920\" \/>\n\t<iframe loading=\"lazy\" style=\"border: 0;\" class=\"youtube-player\" width=\"1920\" height=\"1080\" src=\"https:\/\/www.youtube.com\/embed\/rQPAyhsNOgs?modestbranding=1&fs=0&rel=0\"><\/iframe>\n<\/div>\n<\/p>\n","protected":false},"excerpt":{"rendered":"<p>S\u00falyos s\u00e9r\u00fcl\u00e9sekkel sz\u00e1ll\u00edtott\u00e1k k\u00f3rh\u00e1zba annak a kocsinak a vezet\u0151j\u00e9t, amelyik balesetet szenvedett vas\u00e1rnap este a 3. sz\u00e1m\u00fa f\u0151\u00faton.<br \/>\nAz els\u0151dleges meg\u00e1llap\u00edt\u00e1sok szerint, egy Peugeot tartott Gy\u00f6ngy\u00f6s fel\u0151l K\u00e1polna ir\u00e1ny\u00e1ba este 9 el\u0151tt nem sokkal, amikor a kocsi vezet\u0151je egy enyhe \u00edv\u0171 jobbos kanyarban,egy m\u00e1sik kocsi el\u0151z\u00e9se ut\u00e1n kisodr\u00f3dott. \u00dagy tudjuk a kanyar nem volt bel\u00e1that\u00f3, de [&#8230;]<\/p>\n","protected":false},"author":4,"featured_media":0,"comment_status":"closed","ping_status":"closed","sticky":false,"template":"","format":"standard","meta":{"footnotes":""},"categories":[5],"tags":[41,1042,122,458],"class_list":["post-14712","post","type-post","status-publish","format-standard","hentry","category-kek-hirek","tag-baleset","tag-kapolna","tag-rendorseg","tag-serult"],"_links":{"self":[{"href":"https:\/\/www.agriatv.hu\/index.php?rest_route=\/wp\/v2\/posts\/14712","targetHints":{"allow":["GET"]}}],"collection":[{"href":"https:\/\/www.agriatv.hu\/index.php?rest_route=\/wp\/v2\/posts"}],"about":[{"href":"https:\/\/www.agriatv.hu\/index.php?rest_route=\/wp\/v2\/types\/post"}],"author":[{"embeddable":true,"href":"https:\/\/www.agriatv.hu\/index.php?rest_route=\/wp\/v2\/users\/4"}],"replies":[{"embeddable":true,"href":"https:\/\/www.agriatv.hu\/index.php?rest_route=%2Fwp%2Fv2%2Fcomments&post=14712"}],"version-history":[{"count":1,"href":"https:\/\/www.agriatv.hu\/index.php?rest_route=\/wp\/v2\/posts\/14712\/revisions"}],"predecessor-version":[{"id":14714,"href":"https:\/\/www.agriatv.hu\/index.php?rest_route=\/wp\/v2\/posts\/14712\/revisions\/14714"}],"wp:attachment":[{"href":"https:\/\/www.agriatv.hu\/index.php?rest_route=%2Fwp%2Fv2%2Fmedia&parent=14712"}],"wp:term":[{"taxonomy":"category","embeddable":true,"href":"https:\/\/www.agriatv.hu\/index.php?rest_route=%2Fwp%2Fv2%2Fcategories&post=14712"},{"taxonomy":"post_tag","embeddable":true,"href":"https:\/\/www.agriatv.hu\/index.php?rest_route=%2Fwp%2Fv2%2Ftags&post=14712"}],"curies":[{"name":"wp","href":"https:\/\/api.w.org\/{rel}","templated":true}]}}