{"id":14715,"date":"2015-10-19T11:24:40","date_gmt":"2015-10-19T11:24:40","guid":{"rendered":"http:\/\/www.agriatv.hu\/?p=14715"},"modified":"2015-10-19T11:24:40","modified_gmt":"2015-10-19T11:24:40","slug":"a-szen-monoxid-mergezes-megelozheto","status":"publish","type":"post","link":"https:\/\/www.agriatv.hu\/?p=14715","title":{"rendered":"A sz\u00e9n-monoxid-m\u00e9rgez\u00e9s megel\u0151zhet\u0151"},"content":{"rendered":"<p style=\"text-align: justify;\"><a href=\"https:\/\/www.agriatv.hu\/wp-content\/uploads\/2015\/10\/1019co_v.jpg\"><img loading=\"lazy\" decoding=\"async\" class=\"alignleft  wp-image-14716\" src=\"https:\/\/www.agriatv.hu\/wp-content\/uploads\/2015\/10\/1019co_v-300x240.jpg\" alt=\"1019co_v\" width=\"159\" height=\"127\" srcset=\"https:\/\/www.agriatv.hu\/wp-content\/uploads\/2015\/10\/1019co_v-300x240.jpg 300w, https:\/\/www.agriatv.hu\/wp-content\/uploads\/2015\/10\/1019co_v-100x80.jpg 100w, https:\/\/www.agriatv.hu\/wp-content\/uploads\/2015\/10\/1019co_v.jpg 720w\" sizes=\"auto, (max-width: 159px) 100vw, 159px\" \/><\/a>A katasztr\u00f3fav\u00e9delem \u00e9s a szolg\u00e1ltat\u00f3k szakemberei h\u00edvt\u00e1k fel a figyelmet a f\u0171t\u00e9si szezon kezdet\u00e9n a sz\u00e9n-monoxid vesz\u00e9lyeire, a m\u00e9rgez\u00e9s megel\u0151z\u00e9s\u00e9re.\n<div class=\"youtube-embed ye-container\" itemprop=\"video\" itemscope itemtype=\"https:\/\/schema.org\/VideoObject\">\n\t<meta itemprop=\"url\" content=\"https:\/\/www.youtube.com\/v\/FzpnPFJA6Q0\" \/>\n\t<meta itemprop=\"name\" content=\"A sz\u00e9n-monoxid-m\u00e9rgez\u00e9s megel\u0151zhet\u0151\" \/>\n\t<meta itemprop=\"description\" content=\"A sz\u00e9n-monoxid-m\u00e9rgez\u00e9s megel\u0151zhet\u0151\" \/>\n\t<meta itemprop=\"uploadDate\" content=\"2015-10-19T11:24:40+00:00\" \/>\n\t<meta itemprop=\"thumbnailUrl\" content=\"https:\/\/i.ytimg.com\/vi\/FzpnPFJA6Q0\/default.jpg\" \/>\n\t<meta itemprop=\"embedUrl\" content=\"https:\/\/www.youtube.com\/embed\/FzpnPFJA6Q0\" \/>\n\t<meta itemprop=\"height\" content=\"1080\" \/>\n\t<meta itemprop=\"width\" content=\"1920\" \/>\n\t<iframe loading=\"lazy\" style=\"border: 0;\" class=\"youtube-player\" width=\"1920\" height=\"1080\" src=\"https:\/\/www.youtube.com\/embed\/FzpnPFJA6Q0?modestbranding=1&fs=0&rel=0\"><\/iframe>\n<\/div>\n<\/p>\n","protected":false},"excerpt":{"rendered":"<p>A katasztr\u00f3fav\u00e9delem \u00e9s a szolg\u00e1ltat\u00f3k szakemberei h\u00edvt\u00e1k fel a figyelmet a f\u0171t\u00e9si szezon kezdet\u00e9n a sz\u00e9n-monoxid vesz\u00e9lyeire, a m\u00e9rgez\u00e9s megel\u0151z\u00e9s\u00e9re.<\/p>\n","protected":false},"author":4,"featured_media":0,"comment_status":"closed","ping_status":"closed","sticky":false,"template":"","format":"standard","meta":{"footnotes":""},"categories":[6,19,5],"tags":[313,1576,1820],"class_list":["post-14715","post","type-post","status-publish","format-standard","hentry","category-belfold","category-egeszseg","category-kek-hirek","tag-katasztrofavedelem","tag-mergezes","tag-szen-monoxid"],"_links":{"self":[{"href":"https:\/\/www.agriatv.hu\/index.php?rest_route=\/wp\/v2\/posts\/14715","targetHints":{"allow":["GET"]}}],"collection":[{"href":"https:\/\/www.agriatv.hu\/index.php?rest_route=\/wp\/v2\/posts"}],"about":[{"href":"https:\/\/www.agriatv.hu\/index.php?rest_route=\/wp\/v2\/types\/post"}],"author":[{"embeddable":true,"href":"https:\/\/www.agriatv.hu\/index.php?rest_route=\/wp\/v2\/users\/4"}],"replies":[{"embeddable":true,"href":"https:\/\/www.agriatv.hu\/index.php?rest_route=%2Fwp%2Fv2%2Fcomments&post=14715"}],"version-history":[{"count":1,"href":"https:\/\/www.agriatv.hu\/index.php?rest_route=\/wp\/v2\/posts\/14715\/revisions"}],"predecessor-version":[{"id":14717,"href":"https:\/\/www.agriatv.hu\/index.php?rest_route=\/wp\/v2\/posts\/14715\/revisions\/14717"}],"wp:attachment":[{"href":"https:\/\/www.agriatv.hu\/index.php?rest_route=%2Fwp%2Fv2%2Fmedia&parent=14715"}],"wp:term":[{"taxonomy":"category","embeddable":true,"href":"https:\/\/www.agriatv.hu\/index.php?rest_route=%2Fwp%2Fv2%2Fcategories&post=14715"},{"taxonomy":"post_tag","embeddable":true,"href":"https:\/\/www.agriatv.hu\/index.php?rest_route=%2Fwp%2Fv2%2Ftags&post=14715"}],"curies":[{"name":"wp","href":"https:\/\/api.w.org\/{rel}","templated":true}]}}