{"id":14718,"date":"2015-10-22T11:21:04","date_gmt":"2015-10-22T11:21:04","guid":{"rendered":"http:\/\/www.agriatv.hu\/?p=14718"},"modified":"2015-10-22T11:21:04","modified_gmt":"2015-10-22T11:21:04","slug":"9-kocsi-tort-ossze-2-balesetben","status":"publish","type":"post","link":"https:\/\/www.agriatv.hu\/?p=14718","title":{"rendered":"9 kocsi t\u00f6rt \u00f6ssze 2 balesetben"},"content":{"rendered":"<p><strong><a href=\"https:\/\/www.agriatv.hu\/wp-content\/uploads\/2015\/10\/1022balesetek_eger.Still003.jpg\"><img loading=\"lazy\" decoding=\"async\" class=\"alignleft  wp-image-14719\" src=\"https:\/\/www.agriatv.hu\/wp-content\/uploads\/2015\/10\/1022balesetek_eger.Still003-300x240.jpg\" alt=\"1022balesetek_eger.Still003\" width=\"173\" height=\"138\" srcset=\"https:\/\/www.agriatv.hu\/wp-content\/uploads\/2015\/10\/1022balesetek_eger.Still003-300x240.jpg 300w, https:\/\/www.agriatv.hu\/wp-content\/uploads\/2015\/10\/1022balesetek_eger.Still003-100x80.jpg 100w, https:\/\/www.agriatv.hu\/wp-content\/uploads\/2015\/10\/1022balesetek_eger.Still003.jpg 720w\" sizes=\"auto, (max-width: 173px) 100vw, 173px\" \/><\/a>9 kocsi t\u00f6rt \u00f6ssze r\u00f6vid id\u0151n bel\u00fcl Egerben.<\/strong><\/p>\n<p>2 km-en \u00e9s kb f\u00e9l \u00f3r\u00e1n bel\u00fcl 9 aut\u00f3 szenvedett balesetet, k\u00e9t helysz\u00ednen Egerben a 25.sz. f\u0151\u00fat v\u00e1rosi \u00e1tvezet\u0151 szakasz\u00e1n.<\/p>\n<p>El\u0151sz\u00f6r a M\u00e1ty\u00e1s kir\u00e1ly \u00fatra h\u00edvt\u00e1k a helysz\u00ednel\u0151ket: a sor elej\u00e9n forgalmi okok miatt meg\u00e1llt kocsi m\u00f6g\u00f6tt 3 kocsi meg\u00e1llt, majd a negyedik belehajtott a sorban.<\/p>\n<p>A m\u00e1sik balesetben 4 kocsi s\u00e9r\u00fclt: itt is a lass\u00edt\u00f3 sorba hajtott bele egy kocsi. \u00dagy tudjuk, m\u00e9g \u00e1t akart hajtani a s\u00e1rg\u00e1n.<\/p>\n<p>A balesetekben szerencs\u00e9re senki sem s\u00e9r\u00fclt meg.\n<div class=\"youtube-embed ye-container\" itemprop=\"video\" itemscope itemtype=\"https:\/\/schema.org\/VideoObject\">\n\t<meta itemprop=\"url\" content=\"https:\/\/www.youtube.com\/v\/pRP5Yafuncs\" \/>\n\t<meta itemprop=\"name\" content=\"9 kocsi t\u00f6rt \u00f6ssze 2 balesetben\" \/>\n\t<meta itemprop=\"description\" content=\"9 kocsi t\u00f6rt \u00f6ssze 2 balesetben\" \/>\n\t<meta itemprop=\"uploadDate\" content=\"2015-10-22T11:21:04+00:00\" \/>\n\t<meta itemprop=\"thumbnailUrl\" content=\"https:\/\/i.ytimg.com\/vi\/pRP5Yafuncs\/default.jpg\" \/>\n\t<meta itemprop=\"embedUrl\" content=\"https:\/\/www.youtube.com\/embed\/pRP5Yafuncs\" \/>\n\t<meta itemprop=\"height\" content=\"1080\" \/>\n\t<meta itemprop=\"width\" content=\"1920\" \/>\n\t<iframe loading=\"lazy\" style=\"border: 0;\" class=\"youtube-player\" width=\"1920\" height=\"1080\" src=\"https:\/\/www.youtube.com\/embed\/pRP5Yafuncs?modestbranding=1&fs=0&rel=0\"><\/iframe>\n<\/div>\n<\/p>\n","protected":false},"excerpt":{"rendered":"<p>9 kocsi t\u00f6rt \u00f6ssze r\u00f6vid id\u0151n bel\u00fcl Egerben.<br \/>\n2 km-en \u00e9s kb f\u00e9l \u00f3r\u00e1n bel\u00fcl 9 aut\u00f3 szenvedett balesetet, k\u00e9t helysz\u00ednen Egerben a 25.sz. f\u0151\u00fat v\u00e1rosi \u00e1tvezet\u0151 szakasz\u00e1n.<br \/>\nEl\u0151sz\u00f6r a M\u00e1ty\u00e1s kir\u00e1ly \u00fatra h\u00edvt\u00e1k a helysz\u00ednel\u0151ket: a sor elej\u00e9n forgalmi okok miatt meg\u00e1llt kocsi m\u00f6g\u00f6tt 3 kocsi meg\u00e1llt, majd a negyedik belehajtott a sorban.<br \/>\nA m\u00e1sik balesetben 4 [&#8230;]<\/p>\n","protected":false},"author":4,"featured_media":0,"comment_status":"closed","ping_status":"closed","sticky":false,"template":"","format":"standard","meta":{"footnotes":""},"categories":[5],"tags":[41,36],"class_list":["post-14718","post","type-post","status-publish","format-standard","hentry","category-kek-hirek","tag-baleset","tag-eger"],"_links":{"self":[{"href":"https:\/\/www.agriatv.hu\/index.php?rest_route=\/wp\/v2\/posts\/14718","targetHints":{"allow":["GET"]}}],"collection":[{"href":"https:\/\/www.agriatv.hu\/index.php?rest_route=\/wp\/v2\/posts"}],"about":[{"href":"https:\/\/www.agriatv.hu\/index.php?rest_route=\/wp\/v2\/types\/post"}],"author":[{"embeddable":true,"href":"https:\/\/www.agriatv.hu\/index.php?rest_route=\/wp\/v2\/users\/4"}],"replies":[{"embeddable":true,"href":"https:\/\/www.agriatv.hu\/index.php?rest_route=%2Fwp%2Fv2%2Fcomments&post=14718"}],"version-history":[{"count":1,"href":"https:\/\/www.agriatv.hu\/index.php?rest_route=\/wp\/v2\/posts\/14718\/revisions"}],"predecessor-version":[{"id":14720,"href":"https:\/\/www.agriatv.hu\/index.php?rest_route=\/wp\/v2\/posts\/14718\/revisions\/14720"}],"wp:attachment":[{"href":"https:\/\/www.agriatv.hu\/index.php?rest_route=%2Fwp%2Fv2%2Fmedia&parent=14718"}],"wp:term":[{"taxonomy":"category","embeddable":true,"href":"https:\/\/www.agriatv.hu\/index.php?rest_route=%2Fwp%2Fv2%2Fcategories&post=14718"},{"taxonomy":"post_tag","embeddable":true,"href":"https:\/\/www.agriatv.hu\/index.php?rest_route=%2Fwp%2Fv2%2Ftags&post=14718"}],"curies":[{"name":"wp","href":"https:\/\/api.w.org\/{rel}","templated":true}]}}