{"id":14721,"date":"2015-10-25T21:37:06","date_gmt":"2015-10-25T21:37:06","guid":{"rendered":"http:\/\/www.agriatv.hu\/?p=14721"},"modified":"2015-10-25T21:37:29","modified_gmt":"2015-10-25T21:37:29","slug":"m3-a-balesetek-napja","status":"publish","type":"post","link":"https:\/\/www.agriatv.hu\/?p=14721","title":{"rendered":"M3: a balesetek napja"},"content":{"rendered":"<p style=\"text-align: justify;\"><a href=\"https:\/\/www.agriatv.hu\/wp-content\/uploads\/2015\/10\/1025m3_baleset.Still009.jpg\"><img loading=\"lazy\" decoding=\"async\" class=\"alignleft wp-image-14722\" src=\"https:\/\/www.agriatv.hu\/wp-content\/uploads\/2015\/10\/1025m3_baleset.Still009-300x240.jpg\" alt=\"1025m3_baleset.Still009\" width=\"178\" height=\"142\" srcset=\"https:\/\/www.agriatv.hu\/wp-content\/uploads\/2015\/10\/1025m3_baleset.Still009-300x240.jpg 300w, https:\/\/www.agriatv.hu\/wp-content\/uploads\/2015\/10\/1025m3_baleset.Still009-100x80.jpg 100w, https:\/\/www.agriatv.hu\/wp-content\/uploads\/2015\/10\/1025m3_baleset.Still009.jpg 720w\" sizes=\"auto, (max-width: 178px) 100vw, 178px\" \/><\/a><strong>N\u00e9gy balesethez riasztott\u00e1k a rend\u0151r\u00f6ket , a katasztr\u00f3fav\u00e9delem \u00e9s a ment\u0151k szakembereit ma az M3-as aut\u00f3p\u00e1lya Heves megyei szakasz\u00e1ra.<\/strong><\/p>\n<div class=\"cikklead\" style=\"text-align: justify;\"><strong>12:00 <\/strong><\/div>\n<div class=\"cikklead\" style=\"text-align: justify;\"><strong>Egym\u00e1st\u00f3l nem messze k\u00e9t baleset is t\u00f6rt\u00e9nt az aut\u00f3p\u00e1ly\u00e1n, Gy\u00f6ngy\u00f6s k\u00f6zel\u00e9ben vas\u00e1rnap d\u00e9lel\u0151tt.<\/strong><\/div>\n<div id=\"zonakod_1626\" class=\"ad ad468\" style=\"text-align: justify;\">K\u00e9t baleset is t\u00f6rt\u00e9nt vas\u00e1rnap d\u00e9lel\u0151tt\u00a0az M3-as aut\u00f3p\u00e1lya 82-es kilom\u00e9ter\u00e9nek k\u00f6zel\u00e9ben, a Ny\u00edregyh\u00e1za fel\u00e9 vezet\u0151 oldalon Kar\u00e1csond \u00e9s Ad\u00e1cs k\u00f6z\u00f6tt. Az els\u0151 balesetn\u00e9l egy szem\u00e9lyaut\u00f3 t\u00f6bb utassal az \u00e1rokba borult, a ment\u0151k vizsg\u00e1lt\u00e1k a s\u00e9r\u00fclteket &#8211; t\u00e1j\u00e9koztatott a katasztr\u00f3fav\u00e9delem.<\/div>\n<div class=\"cikkleft cikktext\">\n<p style=\"text-align: justify;\">K\u00f6z\u00f6lt\u00e9k: a\u00a0m\u00e1sodik baleset innen 300 m\u00e9terre, a benzink\u00fat k\u00f6zel\u00e9ben t\u00f6rt\u00e9nt, itt egy szem\u00e9lyaut\u00f3 szenvedett balesetet, ami a bels\u0151 s\u00e1vban \u00e1ll.<\/p>\n<p style=\"text-align: justify;\">H\u00e1rman utaztak benne, senki sem s\u00e9r\u00fclt meg.<\/p>\n<p style=\"text-align: justify;\">A gy\u00f6ngy\u00f6si t\u0171zolt\u00f3k \u00e1ramtalan\u00edtott\u00e1k a j\u00e1rm\u0171veket \u00e9s a\u00a0m\u0171szaki ment\u00e9st v\u00e9gezt\u00e9k.<\/p>\n<div class=\"cikklead\" style=\"text-align: justify;\"><strong>17:57<\/strong><\/div>\n<div id=\"zonakod_1626\" class=\"ad ad468\" style=\"text-align: justify;\"><strong>A d\u00e9lel\u0151tti k\u00e9t baleset ut\u00e1n vas\u00e1rnap d\u00e9lut\u00e1n \u00fajabb karambol t\u00f6rt\u00e9nt a sztr\u00e1d\u00e1n, Gy\u00f6ngy\u00f6shal\u00e1sz k\u00f6zel\u00e9ben.<\/strong><\/div>\n<div class=\"cikkleft cikktext\">\n<p style=\"text-align: justify;\">Hat szem\u00e9lyaut\u00f3 \u00fctk\u00f6z\u00f6tt az M3-as aut\u00f3p\u00e1lya Budapest fel\u00e9 vezet\u0151 oldal\u00e1n, a 76-os kilom\u00e9ter k\u00f6zel\u00e9ben, Gy\u00f6ngy\u00f6shal\u00e1szn\u00e1l. A balesetben senki sem s\u00e9r\u00fclt meg s\u00falyosan, a ment\u0151k vizsg\u00e1lj\u00e1k a j\u00e1rm\u0171vek utasait &#8211; t\u00e1j\u00e9koztatott a katasztr\u00f3fav\u00e9delem.<\/p>\n<p style=\"text-align: justify;\">K\u00f6z\u00f6lt\u00e9k: a\u00a0forgalom egy s\u00e1von halad, jelent\u0151s torl\u00f3d\u00e1s alakult ki.<\/p>\n<p style=\"text-align: justify;\">A m\u0171szaki ment\u00e9st a gy\u00f6ngy\u00f6si hivat\u00e1sos t\u0171zolt\u00f3k v\u00e9gzik k\u00e9t egys\u00e9ggel, \u00e1ramtalan\u00edtj\u00e1k a j\u00e1rm\u0171veket.<\/p>\n<p style=\"text-align: justify;\"><strong>18:20<\/strong><\/p>\n<p style=\"text-align: justify;\">Solt\u00e9sz B\u00e1lint megyei rend\u0151rs\u00e9gi sajt\u00f3sz\u00f3viv\u0151 elmondta: h\u00e9t j\u00e1rm\u0171 \u00fctk\u00f6z\u00f6tt \u00f6ssze. jelenleg f\u00e9lp\u00e1ly\u00e1n halad a forgalom, jelent\u0151s torl\u00f3d\u00e1sra kell sz\u00e1m\u00edtaniuk a k\u00f6zleked\u0151knek.<\/p>\n<p style=\"text-align: justify;\">Az eset k\u00f6r\u00fclm\u00e9nyeit a Gy\u00f6ngy\u00f6si Rend\u0151rkapit\u00e1nys\u00e1g vizsg\u00e1lja.<\/p>\n<p style=\"text-align: justify;\"><strong>20:00<\/strong><\/p>\n<p style=\"text-align: justify;\">\u00dajabb baleset t\u00f6rt\u00e9nt az M3-as aut\u00f3p\u00e1ly\u00e1n. Ludas k\u00f6zel\u00e9ben \u00f6t aut\u00f3 \u00fctk\u00f6z\u00f6tt \u00f6ssze, h\u00e1rom ember megs\u00e9r\u00fclt.<\/p>\n<p style=\"text-align: justify;\">Mindk\u00e9t balesetn\u00e9l teljes \u00fatlez\u00e1r\u00e1s mellett helysz\u00ednelnek a rend\u0151r\u00f6k.\n<div class=\"youtube-embed ye-container\" itemprop=\"video\" itemscope itemtype=\"https:\/\/schema.org\/VideoObject\">\n\t<meta itemprop=\"url\" content=\"https:\/\/www.youtube.com\/v\/BMyemRGLNHU\" \/>\n\t<meta itemprop=\"name\" content=\"M3: a balesetek napja\" \/>\n\t<meta itemprop=\"description\" content=\"M3: a balesetek napja\" \/>\n\t<meta itemprop=\"uploadDate\" content=\"2015-10-25T21:37:06+00:00\" \/>\n\t<meta itemprop=\"thumbnailUrl\" content=\"https:\/\/i.ytimg.com\/vi\/BMyemRGLNHU\/default.jpg\" \/>\n\t<meta itemprop=\"embedUrl\" content=\"https:\/\/www.youtube.com\/embed\/BMyemRGLNHU\" \/>\n\t<meta itemprop=\"height\" content=\"1080\" \/>\n\t<meta itemprop=\"width\" content=\"1920\" \/>\n\t<iframe loading=\"lazy\" style=\"border: 0;\" class=\"youtube-player\" width=\"1920\" height=\"1080\" src=\"https:\/\/www.youtube.com\/embed\/BMyemRGLNHU?modestbranding=1&fs=0&rel=0\"><\/iframe>\n<\/div>\n<\/p>\n<p style=\"text-align: justify;\"><strong>20:55<\/strong><\/p>\n<p style=\"text-align: justify;\">A rend\u0151r\u00f6k befejezt\u00e9k a helysz\u00ednel\u00e9st Ludasn\u00e1l \u00e9s Gy\u00f6ngy\u00f6sn\u00e9l.<\/p>\n<p style=\"text-align: justify;\">Az M3-as aut\u00f3p\u00e1lya 78-as \u00e9s 88-as kilom\u00e9terszelv\u00e9nyeiben\u00a0 okt\u00f3ber 25-\u00e9n t\u00f6rt\u00e9nt k\u00f6zleked\u00e9si balesetekn\u00e9l a rend\u0151r\u00f6k befejezt\u00e9k a helysz\u00ednel\u00e9st \u00e9s feloldott\u00e1k a teljes \u00fatlez\u00e1r\u00e1sokat a Gy\u00f6ngy\u00f6s-kelet \u00e9s a Ludas csom\u00f3pontokn\u00e1l.<\/p>\n<p style=\"text-align: justify;\">A forgalom zavartalan az \u00e9rintett \u00fatszakaszon.<\/p>\n<\/div>\n<\/div>\n","protected":false},"excerpt":{"rendered":"<p>N\u00e9gy balesethez riasztott\u00e1k a rend\u0151r\u00f6ket , a katasztr\u00f3fav\u00e9delem \u00e9s a ment\u0151k szakembereit ma az M3-as aut\u00f3p\u00e1lya Heves megyei szakasz\u00e1ra.<br \/>\n12:00<br \/>\nEgym\u00e1st\u00f3l nem messze k\u00e9t baleset is t\u00f6rt\u00e9nt az aut\u00f3p\u00e1ly\u00e1n, Gy\u00f6ngy\u00f6s k\u00f6zel\u00e9ben vas\u00e1rnap d\u00e9lel\u0151tt.<br \/>\nK\u00e9t baleset is t\u00f6rt\u00e9nt vas\u00e1rnap d\u00e9lel\u0151tt\u00a0az M3-as aut\u00f3p\u00e1lya 82-es kilom\u00e9ter\u00e9nek k\u00f6zel\u00e9ben, a Ny\u00edregyh\u00e1za fel\u00e9 vezet\u0151 oldalon Kar\u00e1csond \u00e9s Ad\u00e1cs k\u00f6z\u00f6tt. Az els\u0151 balesetn\u00e9l egy [&#8230;]<\/p>\n","protected":false},"author":4,"featured_media":0,"comment_status":"closed","ping_status":"closed","sticky":false,"template":"","format":"standard","meta":{"footnotes":""},"categories":[5],"tags":[41,235,313,844,380,122],"class_list":["post-14721","post","type-post","status-publish","format-standard","hentry","category-kek-hirek","tag-baleset","tag-gyongyos","tag-katasztrofavedelem","tag-m3","tag-mento","tag-rendorseg"],"_links":{"self":[{"href":"https:\/\/www.agriatv.hu\/index.php?rest_route=\/wp\/v2\/posts\/14721","targetHints":{"allow":["GET"]}}],"collection":[{"href":"https:\/\/www.agriatv.hu\/index.php?rest_route=\/wp\/v2\/posts"}],"about":[{"href":"https:\/\/www.agriatv.hu\/index.php?rest_route=\/wp\/v2\/types\/post"}],"author":[{"embeddable":true,"href":"https:\/\/www.agriatv.hu\/index.php?rest_route=\/wp\/v2\/users\/4"}],"replies":[{"embeddable":true,"href":"https:\/\/www.agriatv.hu\/index.php?rest_route=%2Fwp%2Fv2%2Fcomments&post=14721"}],"version-history":[{"count":2,"href":"https:\/\/www.agriatv.hu\/index.php?rest_route=\/wp\/v2\/posts\/14721\/revisions"}],"predecessor-version":[{"id":14724,"href":"https:\/\/www.agriatv.hu\/index.php?rest_route=\/wp\/v2\/posts\/14721\/revisions\/14724"}],"wp:attachment":[{"href":"https:\/\/www.agriatv.hu\/index.php?rest_route=%2Fwp%2Fv2%2Fmedia&parent=14721"}],"wp:term":[{"taxonomy":"category","embeddable":true,"href":"https:\/\/www.agriatv.hu\/index.php?rest_route=%2Fwp%2Fv2%2Fcategories&post=14721"},{"taxonomy":"post_tag","embeddable":true,"href":"https:\/\/www.agriatv.hu\/index.php?rest_route=%2Fwp%2Fv2%2Ftags&post=14721"}],"curies":[{"name":"wp","href":"https:\/\/api.w.org\/{rel}","templated":true}]}}