{"id":14726,"date":"2015-10-28T08:13:23","date_gmt":"2015-10-28T08:13:23","guid":{"rendered":"http:\/\/www.agriatv.hu\/?p=14726"},"modified":"2015-10-28T08:13:23","modified_gmt":"2015-10-28T08:13:23","slug":"itelet-a-bekolcei-emberoles-ugyeben","status":"publish","type":"post","link":"https:\/\/www.agriatv.hu\/?p=14726","title":{"rendered":"\u00cdt\u00e9let a bek\u00f6lcei ember\u00f6l\u00e9s \u00fcgy\u00e9ben"},"content":{"rendered":"<p style=\"text-align: justify;\"><img loading=\"lazy\" decoding=\"async\" class=\"alignleft size-thumbnail wp-image-9311\" src=\"http:\/\/fotopalyazat.info\/wp-content\/uploads\/2014\/10\/birosag-200x133.jpg\" alt=\"birosag\" width=\"200\" height=\"133\" \/>Mint <a href=\"https:\/\/www.agriatv.hu\/?p=12308\">kor\u00e1bban besz\u00e1moltunk r\u00f3la<\/a>, Bek\u00f6lc\u00e9n egy k\u00fatban tal\u00e1ltak egy halott f\u00e9rfit. Az <a href=\"https:\/\/www.agriatv.hu\/?p=12317\">elk\u00f6vet\u0151t egy napon bel\u00fcl elfogt\u00e1k<\/a>, aki <a href=\"https:\/\/www.agriatv.hu\/?p=12323\">nyilatkozott is st\u00e1bunknak<\/a>.<\/p>\n<p style=\"text-align: justify;\">Az Egri T\u00f6rv\u00e9nysz\u00e9k a 2015. okt\u00f3ber h\u00f3 27. napj\u00e1n kihirdetett \u00edt\u00e9let\u00e9ben Cs. I. v\u00e1dlottat ember\u00f6l\u00e9s b\u0171ntette miatt kilenc \u00e9v b\u00f6rt\u00f6nb\u00fcntet\u00e9sre \u00e9s kilenc \u00e9v k\u00f6z\u00fcgyekt\u0151l eltilt\u00e1sra \u00edt\u00e9lte. A b\u00edr\u00f3s\u00e1g a kiszabott szabads\u00e1gveszt\u00e9sbe besz\u00e1m\u00edtotta a v\u00e1dlott \u00e1ltal el\u0151zetesen fogvatart\u00e1sban t\u00f6lt\u00f6tt id\u0151t, \u00e9s meg\u00e1llap\u00edtotta, hogy a v\u00e1dlott a szabads\u00e1gveszt\u00e9s b\u00fcntet\u00e9sb\u0151l legkor\u00e1bban annak k\u00e9tharmad r\u00e9sz\u00e9nek kit\u00f6lt\u00e9s\u00e9t k\u00f6vet\u0151 napon bocs\u00e1that\u00f3 felt\u00e9teles szabads\u00e1gra.<\/p>\n<p style=\"text-align: justify;\">A b\u00edr\u00f3s\u00e1g \u00e1ltal meg\u00e1llap\u00edtott t\u00e9ny\u00e1ll\u00e1s szerint a v\u00e1dlott 2014. febru\u00e1r h\u00f3 28. napj\u00e1n Bek\u00f6lc\u00e9n egy\u00fctt italozott D. J. tan\u00faval \u00e9s a s\u00e9rtettel a tan\u00fa tulajdon\u00e1ban l\u00e9v\u0151 csal\u00e1di h\u00e1zban. A d\u00e9lut\u00e1ni \u00f3r\u00e1kra mindh\u00e1rman ittas \u00e1llapotba ker\u00fcltek. Az italoz\u00e1s sor\u00e1n a v\u00e1dlott \u00e9s a s\u00e9rtett k\u00f6z\u00f6tt sz\u00f3v\u00e1lt\u00e1s alakult ki valamilyen p\u00e9nztartoz\u00e1s miatt, \u00e9s a v\u00e1dlott t\u00e1voz\u00e1sra sz\u00f3l\u00edtotta fel a s\u00e9rtettet. A v\u00e1dlott kik\u00eds\u00e9rte a s\u00e9rtettet az udvarra, aki tov\u00e1bb s\u00e9rtegette a v\u00e1dlottat. Ezt k\u00f6vet\u0151en a v\u00e1dlott a h\u00e1ts\u00f3 ker\u00edt\u00e9shez k\u00f6zel k\u00e9t alkalommal megl\u00f6kte a s\u00e9rtettet, aki a l\u00f6k\u00e9sek hat\u00e1s\u00e1ra a k\u00fcls\u0151 udvaron l\u00e9v\u0151 haszn\u00e1laton k\u00edv\u00fcli, perem n\u00e9lk\u00fcli k\u00fatba zuhant. A v\u00e1dlott l\u00e1tta, hogy a s\u00e9rtett beleesett a k\u00fatba, azonban nem seg\u00edtett neki, hanem bement a h\u00e1zba. A s\u00e9rtett a 4,3 m\u00e9ter m\u00e9ly k\u00fat viz\u00e9be fulladt. A v\u00e1dlott a k\u00f6vetkez\u0151 napokban k\u00fcl\u00f6nb\u00f6z\u0151 h\u00e1ztart\u00e1si hullad\u00e9kokat, haszn\u00e1laton k\u00edv\u00fcli h\u0171t\u0151g\u00e9p- \u00e9s telev\u00edzi\u00f3 alkatr\u00e9szeket \u00e9s pet palackokat dob\u00e1lt a k\u00fatba.<\/p>\n<p style=\"text-align: justify;\">Az \u00edt\u00e9let kihirdet\u00e9s\u00e9t k\u00f6vet\u0151en az \u00fcgy\u00e9sz az \u00edt\u00e9letet tudom\u00e1sul vette, az ellen a v\u00e1dlott \u00e9s v\u00e9d\u0151je elt\u00e9r\u0151 jogi min\u0151s\u00edt\u00e9s \u00e9s a b\u00fcntet\u00e9s enyh\u00edt\u00e9se \u00e9rdek\u00e9ben fellebbez\u00e9st jelentettek be, \u00edgy az \u00edt\u00e9let nem joger\u0151s. A b\u00edr\u00f3s\u00e1g a fogva l\u00e9v\u0151 v\u00e1dlott el\u0151zetes letart\u00f3ztat\u00e1s\u00e1t joger\u0151s v\u00e9gz\u00e9s\u00e9vel a m\u00e1sodfok\u00fa elj\u00e1r\u00e1s befejez\u00e9s\u00e9ig fenntartotta.<\/p>\n","protected":false},"excerpt":{"rendered":"<p>Mint kor\u00e1bban besz\u00e1moltunk r\u00f3la, Bek\u00f6lc\u00e9n egy k\u00fatban tal\u00e1ltak egy halott f\u00e9rfit. Az elk\u00f6vet\u0151t egy napon bel\u00fcl elfogt\u00e1k, aki nyilatkozott is st\u00e1bunknak.<br \/>\nAz Egri T\u00f6rv\u00e9nysz\u00e9k a 2015. okt\u00f3ber h\u00f3 27. napj\u00e1n kihirdetett \u00edt\u00e9let\u00e9ben Cs. I. v\u00e1dlottat ember\u00f6l\u00e9s b\u0171ntette miatt kilenc \u00e9v b\u00f6rt\u00f6nb\u00fcntet\u00e9sre \u00e9s kilenc \u00e9v k\u00f6z\u00fcgyekt\u0151l eltilt\u00e1sra \u00edt\u00e9lte. A b\u00edr\u00f3s\u00e1g a kiszabott szabads\u00e1gveszt\u00e9sbe besz\u00e1m\u00edtotta a v\u00e1dlott \u00e1ltal [&#8230;]<\/p>\n","protected":false},"author":4,"featured_media":0,"comment_status":"closed","ping_status":"closed","sticky":false,"template":"","format":"standard","meta":{"footnotes":""},"categories":[6,5],"tags":[1981,71,1079,2296],"class_list":["post-14726","post","type-post","status-publish","format-standard","hentry","category-belfold","category-kek-hirek","tag-bekolce","tag-birosag","tag-gyilkossag","tag-itelet"],"_links":{"self":[{"href":"https:\/\/www.agriatv.hu\/index.php?rest_route=\/wp\/v2\/posts\/14726","targetHints":{"allow":["GET"]}}],"collection":[{"href":"https:\/\/www.agriatv.hu\/index.php?rest_route=\/wp\/v2\/posts"}],"about":[{"href":"https:\/\/www.agriatv.hu\/index.php?rest_route=\/wp\/v2\/types\/post"}],"author":[{"embeddable":true,"href":"https:\/\/www.agriatv.hu\/index.php?rest_route=\/wp\/v2\/users\/4"}],"replies":[{"embeddable":true,"href":"https:\/\/www.agriatv.hu\/index.php?rest_route=%2Fwp%2Fv2%2Fcomments&post=14726"}],"version-history":[{"count":1,"href":"https:\/\/www.agriatv.hu\/index.php?rest_route=\/wp\/v2\/posts\/14726\/revisions"}],"predecessor-version":[{"id":14727,"href":"https:\/\/www.agriatv.hu\/index.php?rest_route=\/wp\/v2\/posts\/14726\/revisions\/14727"}],"wp:attachment":[{"href":"https:\/\/www.agriatv.hu\/index.php?rest_route=%2Fwp%2Fv2%2Fmedia&parent=14726"}],"wp:term":[{"taxonomy":"category","embeddable":true,"href":"https:\/\/www.agriatv.hu\/index.php?rest_route=%2Fwp%2Fv2%2Fcategories&post=14726"},{"taxonomy":"post_tag","embeddable":true,"href":"https:\/\/www.agriatv.hu\/index.php?rest_route=%2Fwp%2Fv2%2Ftags&post=14726"}],"curies":[{"name":"wp","href":"https:\/\/api.w.org\/{rel}","templated":true}]}}