{"id":14980,"date":"2015-12-30T18:20:07","date_gmt":"2015-12-30T18:20:07","guid":{"rendered":"http:\/\/www.agriatv.hu\/?p=14980"},"modified":"2015-12-30T18:20:07","modified_gmt":"2015-12-30T18:20:07","slug":"a-vecenel-varta-a-penzt-a-zsarolo","status":"publish","type":"post","link":"https:\/\/www.agriatv.hu\/?p=14980","title":{"rendered":"A v\u00e9c\u00e9n\u00e9l v\u00e1rta a p\u00e9nzt a zsarol\u00f3"},"content":{"rendered":"<p style=\"text-align: justify;\"><a href=\"https:\/\/www.agriatv.hu\/wp-content\/uploads\/2015\/12\/476481.325x183.jpg\" rel=\"attachment wp-att-14982\"><img loading=\"lazy\" decoding=\"async\" class=\"alignleft  wp-image-14982\" src=\"https:\/\/www.agriatv.hu\/wp-content\/uploads\/2015\/12\/476481.325x183-300x169.jpg\" alt=\"476481.325x183\" width=\"188\" height=\"106\" srcset=\"https:\/\/www.agriatv.hu\/wp-content\/uploads\/2015\/12\/476481.325x183-300x169.jpg 300w, https:\/\/www.agriatv.hu\/wp-content\/uploads\/2015\/12\/476481.325x183.jpg 325w\" sizes=\"auto, (max-width: 188px) 100vw, 188px\" \/><\/a>M\u00e9g egy tiszta bor\u00edt\u00e9kra is sajn\u00e1lta a p\u00e9nzt az a f\u00e9rfi, aki Balaton k\u00f6zs\u00e9gben ponyvareg\u00e9nybe ill\u0151 st\u00edlusban \u00edrt \u00fczenetekkel, emellett szem\u00e9lyes telefonh\u00edv\u00e1sok \u00fatj\u00e1n pr\u00f3b\u00e1lta megzsarolni egy falubelij\u00e9t.<br \/>\nAz Egri J\u00e1r\u00e1si \u00dcgy\u00e9szs\u00e9g a t\u00f6rv\u00e9ny szerint kett\u0151t\u0151l nyolc \u00e9vig terjed\u0151 b\u00f6rt\u00f6nnel s\u00fajthat\u00f3 \u00e9let elleni fenyeget\u00e9ssel, folytat\u00f3lagosan elk\u00f6vetett zsarol\u00e1s b\u0171ntett\u00e9nek k\u00eds\u00e9rlete miatt emelt v\u00e1dat a 65 \u00e9ves elk\u00f6vet\u0151vel szemben.<br \/>\n2015. j\u00falius12-\u00e9n d\u00e9lut\u00e1n a b\u0171ncselekm\u00e9ny s\u00e9rtettje balatoni h\u00e1za kiskapuj\u00e1nak vasr\u00e1cs\u00e1ba dugva egy vonalas f\u00fczetb\u0151l kit\u00e9pett pap\u00edrlapra \u00edrt \u00fczenetet tal\u00e1lt, ami ekk\u00e9ppen sz\u00f3lt: \u201eA telefonba kapt\u00e1l \u00fczenet ha nem teljes\u00edted eszt 10 \u00f3ra volt. h\u00e1rid\u0151 m\u00f3dos\u00edtok et 6ig 3000 Ft-ot tegy\u00e9 le a Polg\u00e1rmester Kinti vc pap\u00edrtart\u00f3j\u00e1ba, mert ha nem r\u00e1fizetel az \u00e9leteddel.\u201d N\u00e9h\u00e1ny perc m\u00falva cs\u00f6rg\u00f6tt a lak\u00e1s vezet\u00e9kes telefonja is, melyen a kijelz\u0151n megjelen\u0151 sz\u00e1mr\u00f3l a v\u00e1dlott h\u00edvta a s\u00e9rtettet azzal, hogy teljes\u00edtse a k\u00f6vetel\u00e9s\u00e9t, k\u00fcl\u00f6nben \u201enagyon r\u00e1fizet\u201d.<br \/>\nFenyeget\u00e9seiben b\u00edzva a zsarol\u00f3 este a k\u00f6zs\u00e9gh\u00e1z\u00e1val szemben fel\u00e1ll\u00edtott nyilv\u00e1nos illemhelyhez ment, v\u00e1rva, hogy a s\u00e9rtett oda viszi a p\u00e9nzt, de ez nem t\u00f6rt\u00e9nt meg. Ez\u00e9rt \u00fajabb fenyeget\u0151 levelet juttatott el hozz\u00e1, a k\u00f6vetkez\u0151 sz\u00f6veggel: \u201ea k\u00e9rt p\u00e9nzt megszabot hejre tegye mert a k\u00e9rt id\u0151re nem teljes\u00edtetted ha visszat\u00e9rsz a vikkendr\u0151l teljesidd mert neked meg a h\u00e1zadnak v\u00e9ge!\u201d A pap\u00edrlapot egy gondosan megc\u00edmzett bor\u00edt\u00e9kba z\u00e1rta, melyen felad\u00f3k\u00e9nt a saj\u00e1t neve is szerepelt, b\u00e1r azt &#8211; ut\u00f3lag felismerve ennek terhel\u0151 volt\u00e1t &#8211; filctollal fel\u00fcletesen<br \/>\n\u00e1tsat\u00edrozta. Ezut\u00e1n telefonon figyelmeztette \u00e1ldozat\u00e1t, hogy d\u00e9lut\u00e1n fel fogja keresni a k\u00f6vetelt p\u00e9nz \u00e1tv\u00e9tele v\u00e9gett. \u00cdgy is tett, amivel alkalmat adott a helysz\u00ednen v\u00e1rakoz\u00f3 rend\u0151r\u00f6knek, hogy igazoltass\u00e1k, majd \u0151rizetbe vegy\u00e9k.<br \/>\nAz \u00fcgy\u00e9szs\u00e9g v\u00e1dirat\u00e1ban a v\u00e1dlottal szemben v\u00e9grehajtand\u00f3 b\u00f6rt\u00f6nb\u00fcntet\u00e9s kiszab\u00e1s\u00e1t ind\u00edtv\u00e1nyozta, valamint azt, hogy a b\u00edr\u00f3s\u00e1g hat\u00e1rozott id\u0151re tiltsa el \u0151t a k\u00f6z\u00fcgyek gyakorl\u00e1s\u00e1t\u00f3l, \u00e9s k\u00f6telezze a b\u0171n\u00fcgyi k\u00f6lts\u00e9gek megfizet\u00e9s\u00e9re is.<\/p>\n<p>&nbsp;<br \/>\n<a class=\"embedly-card\" href=\"http:\/\/tenyek.hu\/neoplayer\/tv2\/embed\/198217_a-vecenel-varta-a-penzt-a-zsarolo.html\/760\">T\u00c9NYEK \/ A v\u00e9c\u00e9n\u00e9l v\u00e1rta a p\u00e9nzt a zsarol\u00f3 \/ tenyek.hu<\/a><br \/>\n<script src=\"\/\/cdn.embedly.com\/widgets\/platform.js\" async=\"\" charset=\"UTF-8\"><\/script><\/p>\n","protected":false},"excerpt":{"rendered":"<p>M\u00e9g egy tiszta bor\u00edt\u00e9kra is sajn\u00e1lta a p\u00e9nzt az a f\u00e9rfi, aki Balaton k\u00f6zs\u00e9gben ponyvareg\u00e9nybe ill\u0151 st\u00edlusban \u00edrt \u00fczenetekkel, emellett szem\u00e9lyes telefonh\u00edv\u00e1sok \u00fatj\u00e1n pr\u00f3b\u00e1lta megzsarolni egy falubelij\u00e9t.<br \/>\nAz Egri J\u00e1r\u00e1si \u00dcgy\u00e9szs\u00e9g a t\u00f6rv\u00e9ny szerint kett\u0151t\u0151l nyolc \u00e9vig terjed\u0151 b\u00f6rt\u00f6nnel s\u00fajthat\u00f3 \u00e9let elleni fenyeget\u00e9ssel, folytat\u00f3lagosan elk\u00f6vetett zsarol\u00e1s b\u0171ntett\u00e9nek k\u00eds\u00e9rlete miatt emelt v\u00e1dat a 65 \u00e9ves elk\u00f6vet\u0151vel szemben.<br \/>\n2015. [&#8230;]<\/p>\n","protected":false},"author":4,"featured_media":0,"comment_status":"closed","ping_status":"closed","sticky":false,"template":"","format":"standard","meta":{"footnotes":""},"categories":[5],"tags":[2328,447,1611],"class_list":["post-14980","post","type-post","status-publish","format-standard","hentry","category-kek-hirek","tag-fenyegetes","tag-ugyeszseg","tag-zsarolas"],"_links":{"self":[{"href":"https:\/\/www.agriatv.hu\/index.php?rest_route=\/wp\/v2\/posts\/14980","targetHints":{"allow":["GET"]}}],"collection":[{"href":"https:\/\/www.agriatv.hu\/index.php?rest_route=\/wp\/v2\/posts"}],"about":[{"href":"https:\/\/www.agriatv.hu\/index.php?rest_route=\/wp\/v2\/types\/post"}],"author":[{"embeddable":true,"href":"https:\/\/www.agriatv.hu\/index.php?rest_route=\/wp\/v2\/users\/4"}],"replies":[{"embeddable":true,"href":"https:\/\/www.agriatv.hu\/index.php?rest_route=%2Fwp%2Fv2%2Fcomments&post=14980"}],"version-history":[{"count":2,"href":"https:\/\/www.agriatv.hu\/index.php?rest_route=\/wp\/v2\/posts\/14980\/revisions"}],"predecessor-version":[{"id":14983,"href":"https:\/\/www.agriatv.hu\/index.php?rest_route=\/wp\/v2\/posts\/14980\/revisions\/14983"}],"wp:attachment":[{"href":"https:\/\/www.agriatv.hu\/index.php?rest_route=%2Fwp%2Fv2%2Fmedia&parent=14980"}],"wp:term":[{"taxonomy":"category","embeddable":true,"href":"https:\/\/www.agriatv.hu\/index.php?rest_route=%2Fwp%2Fv2%2Fcategories&post=14980"},{"taxonomy":"post_tag","embeddable":true,"href":"https:\/\/www.agriatv.hu\/index.php?rest_route=%2Fwp%2Fv2%2Ftags&post=14980"}],"curies":[{"name":"wp","href":"https:\/\/api.w.org\/{rel}","templated":true}]}}