{"id":15088,"date":"2015-10-06T18:50:56","date_gmt":"2015-10-06T18:50:56","guid":{"rendered":"http:\/\/www.agriatv.hu\/?p=15088"},"modified":"2016-01-06T18:51:33","modified_gmt":"2016-01-06T18:51:33","slug":"15088","status":"publish","type":"post","link":"https:\/\/www.agriatv.hu\/?p=15088","title":{"rendered":"Harm\u00f3ni\u00e1ban a term\u00e9szettel"},"content":{"rendered":"<p style=\"text-align: justify;\"><a href=\"https:\/\/www.agriatv.hu\/wp-content\/uploads\/2015\/10\/or_klebelsberg-logo-lapozos_20130906154956_30-1.jpg\" rel=\"attachment wp-att-15085\"><img loading=\"lazy\" decoding=\"async\" class=\"alignleft wp-image-15085\" src=\"https:\/\/www.agriatv.hu\/wp-content\/uploads\/2015\/10\/or_klebelsberg-logo-lapozos_20130906154956_30-1-300x185.jpg\" alt=\"or_klebelsberg-logo-lapozos_20130906154956_30\" width=\"255\" height=\"157\" srcset=\"https:\/\/www.agriatv.hu\/wp-content\/uploads\/2015\/10\/or_klebelsberg-logo-lapozos_20130906154956_30-1-300x185.jpg 300w, https:\/\/www.agriatv.hu\/wp-content\/uploads\/2015\/10\/or_klebelsberg-logo-lapozos_20130906154956_30-1.jpg 470w\" sizes=\"auto, (max-width: 255px) 100vw, 255px\" \/><\/a><a href=\"https:\/\/www.agriatv.hu\/wp-content\/uploads\/2015\/10\/Szechenyi-2020-1.jpg\" rel=\"attachment wp-att-15084\"><img loading=\"lazy\" decoding=\"async\" class=\"alignleft wp-image-15084\" src=\"https:\/\/www.agriatv.hu\/wp-content\/uploads\/2015\/10\/Szechenyi-2020-1-300x207.jpg\" alt=\"Szechenyi-2020\" width=\"213\" height=\"147\" srcset=\"https:\/\/www.agriatv.hu\/wp-content\/uploads\/2015\/10\/Szechenyi-2020-1-300x207.jpg 300w, https:\/\/www.agriatv.hu\/wp-content\/uploads\/2015\/10\/Szechenyi-2020-1-768x531.jpg 768w, https:\/\/www.agriatv.hu\/wp-content\/uploads\/2015\/10\/Szechenyi-2020-1-1024x708.jpg 1024w, https:\/\/www.agriatv.hu\/wp-content\/uploads\/2015\/10\/Szechenyi-2020-1.jpg 1453w\" sizes=\"auto, (max-width: 213px) 100vw, 213px\" \/><\/a>A T\u00c1MOP 3. 1. 4. C-14-2015-0377 \u201eHarm\u00f3ni\u00e1ban a term\u00e9szettel\u201d \u2013 Term\u00e9szetes \u00e9s mesters\u00e9ges k\u00f6rnyezet\u00fcnk fejleszt\u00e9se- c\u00edm\u0171 p\u00e1ly\u00e1zata az Egri Arany J\u00e1nos \u00c1ltal\u00e1nos Iskola, Szakiskola, Speci\u00e1lis Szakiskola \u00e9s Koll\u00e9giumban programonk\u00e9nt 150 tanul\u00f3 \u00e9s 24 pedag\u00f3gus bevon\u00e1s\u00e1val val\u00f3sult meg.<\/p>\n<p style=\"text-align: justify;\">\u00a0\u00a0\u00a0\u00a0 A P\u00e1ly\u00e1zat f\u0151 c\u00e9lja a tanul\u00f3k kompetenci\u00e1j\u00e1nak fejleszt\u00e9se, emellett a test \u00e9s a l\u00e9lek fejleszt\u00e9se, valamint az ismereteik, k\u00e9szs\u00e9gek, k\u00e9pess\u00e9gek, j\u00e1rtass\u00e1gok alak\u00edt\u00e1sa. Ennek keret\u00e9n bel\u00fcl sz\u00e1mos \u00e9rdekes, izgalmas programban vehettek r\u00e9szt a di\u00e1kok tan\u00e1raikkal, nevel\u0151ikkel, amelyek m\u00e1r a 2014\/15-\u00f6s tan\u00e9v m\u00e1jus\u00e1ban \u00e9s j\u00fanius\u00e1ban elkezd\u0151dtek.<\/p>\n<p style=\"text-align: justify;\">K\u00e9t sportd\u00e9lut\u00e1non szabadt\u00e9ri jelleg\u0171 mozg\u00e1sos tev\u00e9kenys\u00e9gekben, mint p\u00e9ld\u00e1ul k\u00f6t\u00e9lh\u00faz\u00e1s, grundbirk\u00f3z\u00e1s, r\u00f6plabda, kisp\u00e1ly\u00e1s labdar\u00fag\u00e1s, k\u00e9zi- \u00e9s kos\u00e1rlabda bajnoks\u00e1gokon stb. m\u00e9rhett\u00e9k \u00f6ssze erej\u00fcket, \u00e1ll\u00f3k\u00e9pess\u00e9g\u00fcket a gyerekek.<\/p>\n<p style=\"text-align: justify;\">Az idei tan\u00e9v elej\u00e9n, szeptember 12-\u00e9n egy tov\u00e1bbi sportnap alkalm\u00e1b\u00f3l \u00e9lvezhett\u00e9k a k\u00f6z\u00f6s mozg\u00e1s \u00f6r\u00f6m\u00e9t a tanul\u00f3k. V\u00e1ltozatos \u00fcgyess\u00e9gi feladatok mellett pr\u00f3b\u00e1lhatt\u00e1k ki a zumb\u00e1t, m\u00e1sz\u00f3falat, trambulint \u00e9s a l\u00e9gv\u00e1rat is, mely tev\u00e9kenys\u00e9gek hozz\u00e1j\u00e1rultak a koordin\u00e1lt mozg\u00e1sfejleszt\u00e9s\u00fckh\u00f6z is. A Borza Dojo tagjai karate bemutat\u00f3ja tov\u00e1bbi sport tev\u00e9kenys\u00e9gre \u00f6szt\u00f6n\u00f6zte tanul\u00f3inkat. A program r\u00e9szek\u00e9nt sporteszk\u00f6z\u00f6k beszerz\u00e9s\u00e9re is sor ker\u00fclt.<\/p>\n<p style=\"text-align: justify;\">\u00a0\u00a0\u00a0\u00a0 A program fontos r\u00e9sz\u00e9t k\u00e9pezte a komplex k\u00f6zleked\u00e9si ismeretek oktat\u00e1sa j\u00fanius 1-t\u0151l j\u00fanius 10-ig el\u0151ad\u00e1sok tart\u00e1s\u00e1val, filmek vet\u00edt\u00e9s\u00e9vel igyekeztek a pedag\u00f3gusok felh\u00edvni a figyelmet a biztons\u00e1gos k\u00f6zleked\u00e9s szab\u00e1lyaira. A budapesti kir\u00e1ndul\u00e1s alkalm\u00e1val pedig kipr\u00f3b\u00e1lhatt\u00e1k tanul\u00f3ink az elm\u00e9letben elsaj\u00e1t\u00edtott k\u00f6zleked\u00e9si ismereteiket a nagyv\u00e1rosi k\u00f6zleked\u00e9sben. Sz\u00e1mos k\u00f6zleked\u00e9si eszk\u00f6z\u00f6n utaztunk, ahol m\u00f3d ad\u00f3dott a kultur\u00e1lt, helyes k\u00f6zleked\u00e9si szab\u00e1lyok gyakoroltat\u00e1s\u00e1ra.<\/p>\n<p style=\"text-align: justify;\">Szeptember 23-\u00e1n, az iskola ter\u00fclet\u00e9n tartott k\u00f6zleked\u00e9si d\u00e9lut\u00e1non k\u00fcls\u0151 szakemberek bevon\u00e1s\u00e1val, katasztr\u00f3fav\u00e9d\u0151k, rend\u0151r\u00f6k fel\u00fcgyelet\u00e9vel gyakorolhatt\u00e1k a biztons\u00e1gos ker\u00e9kp\u00e1ros k\u00f6zleked\u00e9st, azt als\u00f3 \u00e9s fels\u0151 tagozatos tanul\u00f3k. Erre a programra 18 db montenbike ker\u00e9kp\u00e1rt, k\u00f6zleked\u00e9si l\u00e1mp\u00e1kat \u00e9s t\u00e1bl\u00e1kat v\u00e1s\u00e1roltunk.<\/p>\n<p style=\"text-align: justify;\">\u00a0\u00a0\u00a0\u00a0 A kir\u00e1ndul\u00e1sok folytat\u00f3dtak a di\u00e1kok nagy \u00f6r\u00f6m\u00e9re szeptember 16-\u00e1n \u00e9s okt\u00f3ber 7-\u00e9n.<\/p>\n<p style=\"text-align: justify;\">K\u00e9t turnusban k\u00f6rnyezeti nevel\u00e9st, fenntarthat\u00f3s\u00e1got szolg\u00e1l\u00f3 k\u00f6rnyezettudatos tan\u00f3r\u00e1n k\u00edv\u00fcli tev\u00e9kenys\u00e9gek t\u00e1mogat\u00e1s\u00e1nak \u00f6szt\u00f6nz\u00e9se mellett Aggtelekre utaztak aut\u00f3busszal tanul\u00f3ink \u00e9s a programban r\u00e9sztvev\u0151 pedag\u00f3gusaink, ahol megn\u00e9zt\u00e9k a cseppk\u0151barlangot. Idegenvezet\u0151 seg\u00edts\u00e9g\u00e9vel bej\u00e1rt\u00e1k annak bels\u0151 helysz\u00edneit, termeit, meghallgatt\u00e1k a barlang kialakul\u00e1s\u00e1nak t\u00f6rt\u00e9net\u00e9t. A Nemzeti Park ter\u00fclet\u00e9n a tanul\u00f3k pedag\u00f3gusaikkal egy\u00fctt megfigyelt\u00e9k a tan\u00f6sv\u00e9nyen a n\u00f6v\u00e9ny \u2013 \u00e9s \u00e1llatvil\u00e1got is, d\u00e9lut\u00e1n pedig megl\u00e1togatt\u00e1k a kazincbarcikai Borsod Chem \u00fczem\u00e9t.<\/p>\n<p style=\"text-align: justify;\">\u00a0\u00a0 A m\u00e1sik alkalommal ugyancsak k\u00e9t turnusban a poroszl\u00f3i Tisza- tavi \u00d6kocentrum \u00e9l\u0151 \u00e9s \u00e9lettelen term\u00e9szeti \u00e9rt\u00e9keit csod\u00e1lhatt\u00e1k meg a tanul\u00f3k, majd a program r\u00e9szek\u00e9nt megtekintett\u00e9k a Kisk\u00f6rei v\u00edzl\u00e9pcs\u0151t \u00e9s Er\u0151m\u0171t is, melyhez a K\u00d6TV\u00cdZIG szakemberei adtak seg\u00edts\u00e9get. R\u00e1vil\u00e1g\u00edtottunk az ember term\u00e9szetform\u00e1l\u00f3 tev\u00e9kenys\u00e9g\u00e9re \u00e9s a k\u00f6rnyezetv\u00e9delem fontoss\u00e1g\u00e1ra is.<\/p>\n<p style=\"text-align: justify;\">Az idegen nyelvek, az angol \u00e9s n\u00e9met megszerettet\u00e9se \u00e9s a gyakorlatban val\u00f3 alkalmaz\u00e1sa szint\u00e9n fontos iskolai feladat, a p\u00e1ly\u00e1zat r\u00e9sze 4. oszt\u00e1lyt\u00f3l a 9.-dik oszt\u00e1lyig. Az okt\u00f3ber 12-t\u0151l 16-ig megtartott idegen nyelvi h\u00e9t is ezt a c\u00e9lt szolg\u00e1lta. Sz\u00f3rakoztat\u00f3 \u00e9s j\u00e1t\u00e9kos feladatok mellett az angol \u00e9s n\u00e9met kult\u00fara, a hagyom\u00e1nyok, jellegzetess\u00e9gek \u00e9s l\u00e1tnival\u00f3k megismertet\u00e9se, elk\u00e9sz\u00edt\u00e9se \u00e9s a sz\u00f3beli kommunik\u00e1ci\u00f3 a mindennapi \u00e9lethelyzetekben szint\u00e9n kiemelt szerepet kapott. A l\u00e1tottak \u00e9s tapasztaltak \u00f6sszegz\u00e9s\u00e9vel, a nyelvi vet\u00e9lked\u0151vel z\u00e1rult a nyelvi h\u00e9t okt\u00f3ber 19-\u00e9n 100 f\u0151 tanul\u00f3 r\u00e9szv\u00e9tel\u00e9vel.<\/p>\n<p style=\"text-align: justify;\">\u00a0\u00a0 Digit\u00e1lis tartalmak, taneszk\u00f6z\u00f6k haszn\u00e1lat\u00e1val motiv\u00e1ci\u00f3t, \u00f6szt\u00f6nz\u00e9st kapnak a tanul\u00e1shoz tanul\u00f3ink, ehhez digit\u00e1lis tananyagok beszerz\u00e9s\u00e9re ker\u00fclt sor.<\/p>\n<p style=\"text-align: justify;\">Tan\u00e1rtov\u00e1bbk\u00e9pz\u00e9s keret\u00e9n bel\u00fcl 2 f\u0151 pedag\u00f3gus k\u00f6rnyezeti nevel\u00e9s \u00e9s 2 f\u0151 pedag\u00f3gus ment\u00e1lhigi\u00e9n\u00e9s tov\u00e1bbk\u00e9pz\u00e9sen b\u0151v\u00edthette tov\u00e1bb ismereteit, hogy a tanul\u00f3k hat\u00e9konyabb tanul\u00e1s\u00e1t \u00e9s kompetenci\u00e1j\u00e1nak fejleszt\u00e9s\u00e9t seg\u00edts\u00e9k.<\/p>\n<p style=\"text-align: justify;\">A program r\u00e9szek\u00e9nt a p\u00e1ly\u00e1zati dokument\u00e1ci\u00f3 elk\u00e9sz\u00edt\u00e9s\u00e9hez irodaszerek beszerz\u00e9se t\u00f6rt\u00e9nt.<\/p>\n<p style=\"text-align: justify;\">\u00a0\u00a0 A P\u00e1ly\u00e1zat sor\u00e1n az iskola nevel\u0151test\u00fclete, vezet\u0151s\u00e9ge mindv\u00e9gig figyelembe vette az es\u00e9lyegyenl\u0151s\u00e9gi elveket, \u00fcgyelt a fenntarthat\u00f3s\u00e1g pedag\u00f3gi\u00e1j\u00e1ra, ez\u00e9rt az \u00d6koprojektr\u0151l vide\u00f3filmet \u00e9s f\u00e9nyk\u00e9p dokument\u00e1ci\u00f3t is k\u00e9sz\u00edtett\u00fcnk, melyet a tan\u00edtott ismeretekn\u00e9l feltudunk haszn\u00e1lni \u00e9s el\u0151h\u00edvni az \u00e1t\u00e9lt \u00e9lm\u00e9nyeket tanul\u00f3inkn\u00e1l, tov\u00e1bbfejlesztve alkalmazhat\u00f3 tud\u00e1ss\u00e1 form\u00e1ljuk a kor\u00e1bbi tapasztalatukat. A p\u00e1ly\u00e1zatb\u00f3l megv\u00e1s\u00e1rolt eszk\u00f6z\u00f6k tov\u00e1bbi alkalmazhat\u00f3s\u00e1got tesznek lehet\u0151v\u00e9, \u00edgy \u00e9vente t\u00f6bb hasonl\u00f3 programot is megval\u00f3s\u00edthatunk.<\/p>\n<p style=\"text-align: justify;\"><a href=\"https:\/\/www.agriatv.hu\/wp-content\/uploads\/2015\/10\/aranyjanos_project.Still001.jpg\" rel=\"attachment wp-att-15083\"><img loading=\"lazy\" decoding=\"async\" class=\"alignleft wp-image-15083 \" src=\"https:\/\/www.agriatv.hu\/wp-content\/uploads\/2015\/10\/aranyjanos_project.Still001.jpg\" alt=\"aranyjanos_project.Still001\" width=\"586\" height=\"469\" srcset=\"https:\/\/www.agriatv.hu\/wp-content\/uploads\/2015\/10\/aranyjanos_project.Still001.jpg 720w, https:\/\/www.agriatv.hu\/wp-content\/uploads\/2015\/10\/aranyjanos_project.Still001-300x240.jpg 300w, https:\/\/www.agriatv.hu\/wp-content\/uploads\/2015\/10\/aranyjanos_project.Still001-100x80.jpg 100w\" sizes=\"auto, (max-width: 586px) 100vw, 586px\" \/><\/a><\/p>\n","protected":false},"excerpt":{"rendered":"<p>A T\u00c1MOP 3. 1. 4. C-14-2015-0377 \u201eHarm\u00f3ni\u00e1ban a term\u00e9szettel\u201d \u2013 Term\u00e9szetes \u00e9s mesters\u00e9ges k\u00f6rnyezet\u00fcnk fejleszt\u00e9se- c\u00edm\u0171 p\u00e1ly\u00e1zata az Egri Arany J\u00e1nos \u00c1ltal\u00e1nos Iskola, Szakiskola, Speci\u00e1lis Szakiskola \u00e9s Koll\u00e9giumban programonk\u00e9nt 150 tanul\u00f3 \u00e9s 24 pedag\u00f3gus bevon\u00e1s\u00e1val val\u00f3sult meg.<br \/>\n\u00a0\u00a0\u00a0\u00a0 A P\u00e1ly\u00e1zat f\u0151 c\u00e9lja a tanul\u00f3k kompetenci\u00e1j\u00e1nak fejleszt\u00e9se, emellett a test \u00e9s a l\u00e9lek fejleszt\u00e9se, valamint az ismereteik, [&#8230;]<\/p>\n","protected":false},"author":4,"featured_media":0,"comment_status":"closed","ping_status":"closed","sticky":false,"template":"","format":"standard","meta":{"footnotes":""},"categories":[8,9],"tags":[2322,96,48],"class_list":["post-15088","post","type-post","status-publish","format-standard","hentry","category-kultura","category-oktatas","tag-egri-arany-janos-altalanos-iskola","tag-palyazat","tag-tamop"],"_links":{"self":[{"href":"https:\/\/www.agriatv.hu\/index.php?rest_route=\/wp\/v2\/posts\/15088","targetHints":{"allow":["GET"]}}],"collection":[{"href":"https:\/\/www.agriatv.hu\/index.php?rest_route=\/wp\/v2\/posts"}],"about":[{"href":"https:\/\/www.agriatv.hu\/index.php?rest_route=\/wp\/v2\/types\/post"}],"author":[{"embeddable":true,"href":"https:\/\/www.agriatv.hu\/index.php?rest_route=\/wp\/v2\/users\/4"}],"replies":[{"embeddable":true,"href":"https:\/\/www.agriatv.hu\/index.php?rest_route=%2Fwp%2Fv2%2Fcomments&post=15088"}],"version-history":[{"count":2,"href":"https:\/\/www.agriatv.hu\/index.php?rest_route=\/wp\/v2\/posts\/15088\/revisions"}],"predecessor-version":[{"id":15090,"href":"https:\/\/www.agriatv.hu\/index.php?rest_route=\/wp\/v2\/posts\/15088\/revisions\/15090"}],"wp:attachment":[{"href":"https:\/\/www.agriatv.hu\/index.php?rest_route=%2Fwp%2Fv2%2Fmedia&parent=15088"}],"wp:term":[{"taxonomy":"category","embeddable":true,"href":"https:\/\/www.agriatv.hu\/index.php?rest_route=%2Fwp%2Fv2%2Fcategories&post=15088"},{"taxonomy":"post_tag","embeddable":true,"href":"https:\/\/www.agriatv.hu\/index.php?rest_route=%2Fwp%2Fv2%2Ftags&post=15088"}],"curies":[{"name":"wp","href":"https:\/\/api.w.org\/{rel}","templated":true}]}}