{"id":15147,"date":"2016-01-15T18:30:46","date_gmt":"2016-01-15T18:30:46","guid":{"rendered":"http:\/\/www.agriatv.hu\/?p=15147"},"modified":"2016-01-15T18:31:22","modified_gmt":"2016-01-15T18:31:22","slug":"szivarvany-szombat","status":"publish","type":"post","link":"https:\/\/www.agriatv.hu\/?p=15147","title":{"rendered":"Sziv\u00e1rv\u00e1ny szombat"},"content":{"rendered":"<p style=\"text-align: justify;\"><a href=\"https:\/\/www.agriatv.hu\/wp-content\/uploads\/2011\/07\/Szivarvany0123.jpg\" rel=\"attachment wp-att-15128\"><img loading=\"lazy\" decoding=\"async\" class=\"wp-image-15128  aligncenter\" src=\"https:\/\/www.agriatv.hu\/wp-content\/uploads\/2011\/07\/Szivarvany0123.jpg\" alt=\"Szivarvany0123\" width=\"665\" height=\"934\" srcset=\"https:\/\/www.agriatv.hu\/wp-content\/uploads\/2011\/07\/Szivarvany0123.jpg 595w, https:\/\/www.agriatv.hu\/wp-content\/uploads\/2011\/07\/Szivarvany0123-214x300.jpg 214w\" sizes=\"auto, (max-width: 665px) 100vw, 665px\" \/><\/a>V\u00e1rjuk a k\u00e9pz\u0151m\u0171v\u00e9szetekhez tehets\u00e9get \u00e9rz\u0151, sz\u00edvesen alkot\u00f3 gyerekek, illetve sz\u00fcleik jelentkez\u00e9s\u00e9t, a Vitkovics Alkot\u00f3h\u00e1zunkban 2016. janu\u00e1r 23-\u00e1n 9 \u00f3rakor kezd\u0151d\u0151, Sziv\u00e1rv\u00e1ny szombat elnevez\u00e9s\u0171 alkot\u00f3 m\u0171helybe.<\/p>\n<p style=\"text-align: justify;\">Az eg\u00e9sz napos m\u0171hely programj\u00e1ban egy\u00e9ni k\u00e9palkot\u00e1s, csend\u00e9letrajzol\u00e1s \u00e9s k\u00fcl\u00f6nf\u00e9le grafikai elj\u00e1r\u00e1sok szerepelnek. A programot 7 \u00e9ves kort\u00f3l aj\u00e1nljuk, febru\u00e1rban, m\u00e1rciusban, \u00e1prilisban pedig egy-egy szombati napon folytatni tervezz\u00fck.<\/p>\n<p style=\"text-align: justify;\">Szervez\u0151 koll\u00e9g\u00e1nk el\u00e9rhet\u0151s\u00e9ge: Gy\u00f6ngy Csilla, 36\/515-051, 20\/779-2878, <a href=\"mailto:gyongy.csilla@ekmk.eu\">gyongy.csilla@ekmk.eu<\/a><\/p>\n","protected":false},"excerpt":{"rendered":"<p>V\u00e1rjuk a k\u00e9pz\u0151m\u0171v\u00e9szetekhez tehets\u00e9get \u00e9rz\u0151, sz\u00edvesen alkot\u00f3 gyerekek, illetve sz\u00fcleik jelentkez\u00e9s\u00e9t, a Vitkovics Alkot\u00f3h\u00e1zunkban 2016. janu\u00e1r 23-\u00e1n 9 \u00f3rakor kezd\u0151d\u0151, Sziv\u00e1rv\u00e1ny szombat elnevez\u00e9s\u0171 alkot\u00f3 m\u0171helybe.<br \/>\nAz eg\u00e9sz napos m\u0171hely programj\u00e1ban egy\u00e9ni k\u00e9palkot\u00e1s, csend\u00e9letrajzol\u00e1s \u00e9s k\u00fcl\u00f6nf\u00e9le grafikai elj\u00e1r\u00e1sok szerepelnek. A programot 7 \u00e9ves kort\u00f3l aj\u00e1nljuk, febru\u00e1rban, m\u00e1rciusban, \u00e1prilisban pedig egy-egy szombati napon folytatni tervezz\u00fck.<br \/>\nSzervez\u0151 koll\u00e9g\u00e1nk el\u00e9rhet\u0151s\u00e9ge: Gy\u00f6ngy [&#8230;]<\/p>\n","protected":false},"author":4,"featured_media":0,"comment_status":"closed","ping_status":"closed","sticky":false,"template":"","format":"standard","meta":{"footnotes":""},"categories":[4],"tags":[262,2346],"class_list":["post-15147","post","type-post","status-publish","format-standard","hentry","category-szabadido","tag-ekmk","tag-vitkovics-alkotohaz"],"_links":{"self":[{"href":"https:\/\/www.agriatv.hu\/index.php?rest_route=\/wp\/v2\/posts\/15147","targetHints":{"allow":["GET"]}}],"collection":[{"href":"https:\/\/www.agriatv.hu\/index.php?rest_route=\/wp\/v2\/posts"}],"about":[{"href":"https:\/\/www.agriatv.hu\/index.php?rest_route=\/wp\/v2\/types\/post"}],"author":[{"embeddable":true,"href":"https:\/\/www.agriatv.hu\/index.php?rest_route=\/wp\/v2\/users\/4"}],"replies":[{"embeddable":true,"href":"https:\/\/www.agriatv.hu\/index.php?rest_route=%2Fwp%2Fv2%2Fcomments&post=15147"}],"version-history":[{"count":2,"href":"https:\/\/www.agriatv.hu\/index.php?rest_route=\/wp\/v2\/posts\/15147\/revisions"}],"predecessor-version":[{"id":15149,"href":"https:\/\/www.agriatv.hu\/index.php?rest_route=\/wp\/v2\/posts\/15147\/revisions\/15149"}],"wp:attachment":[{"href":"https:\/\/www.agriatv.hu\/index.php?rest_route=%2Fwp%2Fv2%2Fmedia&parent=15147"}],"wp:term":[{"taxonomy":"category","embeddable":true,"href":"https:\/\/www.agriatv.hu\/index.php?rest_route=%2Fwp%2Fv2%2Fcategories&post=15147"},{"taxonomy":"post_tag","embeddable":true,"href":"https:\/\/www.agriatv.hu\/index.php?rest_route=%2Fwp%2Fv2%2Ftags&post=15147"}],"curies":[{"name":"wp","href":"https:\/\/api.w.org\/{rel}","templated":true}]}}