{"id":15178,"date":"2016-01-20T09:41:35","date_gmt":"2016-01-20T09:41:35","guid":{"rendered":"http:\/\/www.agriatv.hu\/?p=15178"},"modified":"2016-01-20T09:53:29","modified_gmt":"2016-01-20T09:53:29","slug":"a-magyar-kultura-napja","status":"publish","type":"post","link":"https:\/\/www.agriatv.hu\/?p=15178","title":{"rendered":"A Magyar Kult\u00fara Napja"},"content":{"rendered":"<p><a href=\"https:\/\/www.agriatv.hu\/wp-content\/uploads\/2016\/01\/kultura0121.jpg\" rel=\"attachment wp-att-15175\"><img loading=\"lazy\" decoding=\"async\" class=\"wp-image-15175  aligncenter\" src=\"https:\/\/www.agriatv.hu\/wp-content\/uploads\/2016\/01\/kultura0121-720x1024.jpg\" alt=\"kultura0121\" width=\"691\" height=\"983\" srcset=\"https:\/\/www.agriatv.hu\/wp-content\/uploads\/2016\/01\/kultura0121-720x1024.jpg 720w, https:\/\/www.agriatv.hu\/wp-content\/uploads\/2016\/01\/kultura0121-211x300.jpg 211w, https:\/\/www.agriatv.hu\/wp-content\/uploads\/2016\/01\/kultura0121-768x1093.jpg 768w, https:\/\/www.agriatv.hu\/wp-content\/uploads\/2016\/01\/kultura0121.jpg 1196w\" sizes=\"auto, (max-width: 691px) 100vw, 691px\" \/><\/a><\/p>\n<p style=\"text-align: justify;\">A <strong>Cantus Agriensis<\/strong> r\u00e9gi hagyom\u00e1nya, hogy a Magyar Kult\u00fara Napja tisztelet\u00e9re ny\u00edlt k\u00f3ruspr\u00f3b\u00e1ra h\u00edvja a zenekedvel\u0151ket. Ez \u00e9vben janu\u00e1r 21-\u00e9n, cs\u00fct\u00f6rt\u00f6k\u00f6n 19.30-t\u00f3l, a Bartakovics B\u00e9la K\u00f6z\u00f6ss\u00e9gi H\u00e1zban Bart\u00f3k B\u00e9la, Liszt Ferenc, Kod\u00e1ly Zolt\u00e1n, B\u00e1rdos Lajos \u00e9s Dar\u00f3ci B\u00e1rdos Tam\u00e1s k\u00f3rusm\u0171veit sz\u00f3laltatj\u00e1k meg Gergely P\u00e9ter P\u00e1l vez\u00e9nylet\u00e9vel.<\/p>\n","protected":false},"excerpt":{"rendered":"<p>A Cantus Agriensis r\u00e9gi hagyom\u00e1nya, hogy a Magyar Kult\u00fara Napja tisztelet\u00e9re ny\u00edlt k\u00f3ruspr\u00f3b\u00e1ra h\u00edvja a zenekedvel\u0151ket. Ez \u00e9vben janu\u00e1r 21-\u00e9n, cs\u00fct\u00f6rt\u00f6k\u00f6n 19.30-t\u00f3l, a Bartakovics B\u00e9la K\u00f6z\u00f6ss\u00e9gi H\u00e1zban Bart\u00f3k B\u00e9la, Liszt Ferenc, Kod\u00e1ly Zolt\u00e1n, B\u00e1rdos Lajos \u00e9s Dar\u00f3ci B\u00e1rdos Tam\u00e1s k\u00f3rusm\u0171veit sz\u00f3laltatj\u00e1k meg Gergely P\u00e9ter P\u00e1l vez\u00e9nylet\u00e9vel.<\/p>\n","protected":false},"author":4,"featured_media":0,"comment_status":"closed","ping_status":"closed","sticky":false,"template":"","format":"standard","meta":{"footnotes":""},"categories":[8,4],"tags":[36,93],"class_list":["post-15178","post","type-post","status-publish","format-standard","hentry","category-kultura","category-szabadido","tag-eger","tag-kultura-2"],"_links":{"self":[{"href":"https:\/\/www.agriatv.hu\/index.php?rest_route=\/wp\/v2\/posts\/15178","targetHints":{"allow":["GET"]}}],"collection":[{"href":"https:\/\/www.agriatv.hu\/index.php?rest_route=\/wp\/v2\/posts"}],"about":[{"href":"https:\/\/www.agriatv.hu\/index.php?rest_route=\/wp\/v2\/types\/post"}],"author":[{"embeddable":true,"href":"https:\/\/www.agriatv.hu\/index.php?rest_route=\/wp\/v2\/users\/4"}],"replies":[{"embeddable":true,"href":"https:\/\/www.agriatv.hu\/index.php?rest_route=%2Fwp%2Fv2%2Fcomments&post=15178"}],"version-history":[{"count":2,"href":"https:\/\/www.agriatv.hu\/index.php?rest_route=\/wp\/v2\/posts\/15178\/revisions"}],"predecessor-version":[{"id":15188,"href":"https:\/\/www.agriatv.hu\/index.php?rest_route=\/wp\/v2\/posts\/15178\/revisions\/15188"}],"wp:attachment":[{"href":"https:\/\/www.agriatv.hu\/index.php?rest_route=%2Fwp%2Fv2%2Fmedia&parent=15178"}],"wp:term":[{"taxonomy":"category","embeddable":true,"href":"https:\/\/www.agriatv.hu\/index.php?rest_route=%2Fwp%2Fv2%2Fcategories&post=15178"},{"taxonomy":"post_tag","embeddable":true,"href":"https:\/\/www.agriatv.hu\/index.php?rest_route=%2Fwp%2Fv2%2Ftags&post=15178"}],"curies":[{"name":"wp","href":"https:\/\/api.w.org\/{rel}","templated":true}]}}