{"id":15180,"date":"2016-01-20T09:44:18","date_gmt":"2016-01-20T09:44:18","guid":{"rendered":"http:\/\/www.agriatv.hu\/?p=15180"},"modified":"2016-01-20T09:54:47","modified_gmt":"2016-01-20T09:54:47","slug":"szenvedelyem-velence","status":"publish","type":"post","link":"https:\/\/www.agriatv.hu\/?p=15180","title":{"rendered":"Szenved\u00e9lyem, Velence"},"content":{"rendered":"<p><a href=\"https:\/\/www.agriatv.hu\/wp-content\/uploads\/2016\/01\/velence0123.jpg\" rel=\"attachment wp-att-15177\"><img loading=\"lazy\" decoding=\"async\" class=\"wp-image-15177 aligncenter\" src=\"https:\/\/www.agriatv.hu\/wp-content\/uploads\/2016\/01\/velence0123-729x1024.jpg\" alt=\"velence0123\" width=\"731\" height=\"1027\" srcset=\"https:\/\/www.agriatv.hu\/wp-content\/uploads\/2016\/01\/velence0123-729x1024.jpg 729w, https:\/\/www.agriatv.hu\/wp-content\/uploads\/2016\/01\/velence0123-213x300.jpg 213w, https:\/\/www.agriatv.hu\/wp-content\/uploads\/2016\/01\/velence0123-768x1079.jpg 768w, https:\/\/www.agriatv.hu\/wp-content\/uploads\/2016\/01\/velence0123.jpg 794w\" sizes=\"auto, (max-width: 731px) 100vw, 731px\" \/><\/a><\/p>\n<p style=\"text-align: justify;\">Velence titkai l\u00e9legzetel\u00e1ll\u00edt\u00f3 t\u00e1ncel\u0151ad\u00e1sban ker\u00fclnek napvil\u00e1gra az <strong>ExperiDance Production<\/strong><strong>\u200b<\/strong><strong> Szenved<\/strong><strong>\u00e9<\/strong><strong>lyem, Velence c<\/strong><strong>\u00ed<\/strong><strong>m<\/strong><strong>\u0171<\/strong><strong> el<\/strong><strong>\u0151<\/strong><strong>ad<\/strong><strong>\u00e1<\/strong><strong>s<\/strong><strong>\u00e1<\/strong><strong>ban, janu<\/strong><strong>\u00e1<\/strong><strong>r 23-<\/strong><strong>\u00e1<\/strong><strong>n<\/strong>, az \u00e9rsekkerti sportcsarnokban.<\/p>\n<p style=\"text-align: justify;\">A karnev\u00e1li maszkok m\u00f6g\u00f6tt ellentmond\u00e1sokkal \u00e9s szenved\u00e9llyel teli \u00f6szt\u00f6nvil\u00e1got tal\u00e1lunk, amely teljes pomp\u00e1j\u00e1ban mutatkozik meg Rom\u00e1n S\u00e1ndor koreogr\u00e1fi\u00e1j\u00e1n kereszt\u00fcl.<\/p>\n<p style=\"text-align: justify;\">A produkci\u00f3ra jegyek korl\u00e1tozott sz\u00e1mban m\u00e9g kaphat\u00f3k a Forr\u00e1s Gyermek \u00e9s Ifj\u00fas\u00e1gi H\u00e1zban, illetve a Tourinform Irod\u00e1ban.<\/p>\n","protected":false},"excerpt":{"rendered":"<p>Velence titkai l\u00e9legzetel\u00e1ll\u00edt\u00f3 t\u00e1ncel\u0151ad\u00e1sban ker\u00fclnek napvil\u00e1gra az ExperiDance Production\u200b Szenved\u00e9lyem, Velence c\u00edm\u0171 el\u0151ad\u00e1s\u00e1ban, janu\u00e1r 23-\u00e1n, az \u00e9rsekkerti sportcsarnokban.<br \/>\nA karnev\u00e1li maszkok m\u00f6g\u00f6tt ellentmond\u00e1sokkal \u00e9s szenved\u00e9llyel teli \u00f6szt\u00f6nvil\u00e1got tal\u00e1lunk, amely teljes pomp\u00e1j\u00e1ban mutatkozik meg Rom\u00e1n S\u00e1ndor koreogr\u00e1fi\u00e1j\u00e1n kereszt\u00fcl.<br \/>\nA produkci\u00f3ra jegyek korl\u00e1tozott sz\u00e1mban m\u00e9g kaphat\u00f3k a Forr\u00e1s Gyermek \u00e9s Ifj\u00fas\u00e1gi H\u00e1zban, illetve a Tourinform Irod\u00e1ban.<\/p>\n","protected":false},"author":4,"featured_media":0,"comment_status":"closed","ping_status":"closed","sticky":false,"template":"","format":"standard","meta":{"footnotes":""},"categories":[8,4],"tags":[36,2350],"class_list":["post-15180","post","type-post","status-publish","format-standard","hentry","category-kultura","category-szabadido","tag-eger","tag-experidance"],"_links":{"self":[{"href":"https:\/\/www.agriatv.hu\/index.php?rest_route=\/wp\/v2\/posts\/15180","targetHints":{"allow":["GET"]}}],"collection":[{"href":"https:\/\/www.agriatv.hu\/index.php?rest_route=\/wp\/v2\/posts"}],"about":[{"href":"https:\/\/www.agriatv.hu\/index.php?rest_route=\/wp\/v2\/types\/post"}],"author":[{"embeddable":true,"href":"https:\/\/www.agriatv.hu\/index.php?rest_route=\/wp\/v2\/users\/4"}],"replies":[{"embeddable":true,"href":"https:\/\/www.agriatv.hu\/index.php?rest_route=%2Fwp%2Fv2%2Fcomments&post=15180"}],"version-history":[{"count":4,"href":"https:\/\/www.agriatv.hu\/index.php?rest_route=\/wp\/v2\/posts\/15180\/revisions"}],"predecessor-version":[{"id":15191,"href":"https:\/\/www.agriatv.hu\/index.php?rest_route=\/wp\/v2\/posts\/15180\/revisions\/15191"}],"wp:attachment":[{"href":"https:\/\/www.agriatv.hu\/index.php?rest_route=%2Fwp%2Fv2%2Fmedia&parent=15180"}],"wp:term":[{"taxonomy":"category","embeddable":true,"href":"https:\/\/www.agriatv.hu\/index.php?rest_route=%2Fwp%2Fv2%2Fcategories&post=15180"},{"taxonomy":"post_tag","embeddable":true,"href":"https:\/\/www.agriatv.hu\/index.php?rest_route=%2Fwp%2Fv2%2Ftags&post=15180"}],"curies":[{"name":"wp","href":"https:\/\/api.w.org\/{rel}","templated":true}]}}