{"id":15182,"date":"2016-01-20T09:47:53","date_gmt":"2016-01-20T09:47:53","guid":{"rendered":"http:\/\/www.agriatv.hu\/?p=15182"},"modified":"2016-01-20T09:54:02","modified_gmt":"2016-01-20T09:54:02","slug":"ifjusagi-szolotancverseny","status":"publish","type":"post","link":"https:\/\/www.agriatv.hu\/?p=15182","title":{"rendered":"Ifj\u00fas\u00e1gi sz\u00f3l\u00f3t\u00e1ncverseny"},"content":{"rendered":"<p><a href=\"https:\/\/www.agriatv.hu\/wp-content\/uploads\/2016\/01\/tanc0123.jpg\" rel=\"attachment wp-att-15176\"><img loading=\"lazy\" decoding=\"async\" class=\"wp-image-15176 aligncenter\" src=\"https:\/\/www.agriatv.hu\/wp-content\/uploads\/2016\/01\/tanc0123-725x1024.jpg\" alt=\"tanc0123\" width=\"689\" height=\"973\" srcset=\"https:\/\/www.agriatv.hu\/wp-content\/uploads\/2016\/01\/tanc0123-725x1024.jpg 725w, https:\/\/www.agriatv.hu\/wp-content\/uploads\/2016\/01\/tanc0123-212x300.jpg 212w, https:\/\/www.agriatv.hu\/wp-content\/uploads\/2016\/01\/tanc0123-768x1085.jpg 768w\" sizes=\"auto, (max-width: 689px) 100vw, 689px\" \/><\/a><\/p>\n<p style=\"text-align: justify;\">A <strong>IX. Orsz\u00e1gos Ifj\u00fas\u00e1gi Sz\u00f3l\u00f3t\u00e1ncverseny<\/strong> d\u00f6nt\u0151j\u00e9ben 65 versenyz\u0151t k\u00f6sz\u00f6nthet\u00fcnk, akik \u00f6sszesen 91 produkci\u00f3t hoznak el Egerbe, a Forr\u00e1s Gyermek \u00e9s Ifj\u00fas\u00e1gi H\u00e1zba. Az esem\u00e9ny janu\u00e1r 22-\u00e9n \u00e9s 23-\u00e1n zajlik, menete a k\u00f6vetkez\u0151:<\/p>\n<p style=\"text-align: justify;\"><em>22-\u00e9n, p\u00e9nteken:<\/em><\/p>\n<p style=\"text-align: justify;\">13.30 \u00a0 \u00a0 \u00a0 \u00a0 \u00a0 \u00a0 \u00a0\u00c9rkez\u00e9s, regisztr\u00e1ci\u00f3, \u00f6lt\u00f6z\u0151k elfoglal\u00e1sa<\/p>\n<p style=\"text-align: justify;\">14.30-15.30 \u00a0 \u00a0K\u00f6telez\u0151 t\u00e1ncok pr\u00f3b\u00e1ja &#8211; Szikes zenekar<\/p>\n<p style=\"text-align: justify;\">16.00-18.00 \u00a0\u00a0<strong>Megnyit\u00f3, k\u00f6telez\u0151 t\u00e1ncok versenye kettes\u00e9vel<\/strong><\/p>\n<p style=\"text-align: justify;\">18.00 \u00a0 \u00a0 \u00a0 \u00a0 \u00a0 \u00a0 \u00a0Sz\u00e1ll\u00e1sfoglal\u00e1s, vacsora, szabad program<\/p>\n<p style=\"text-align: justify;\">20.00- 23.00 \u00a0<strong>T\u00e1nch\u00e1z<\/strong>\u00a0a Szikes zenekarral<\/p>\n<p style=\"text-align: justify;\"><em>23-\u00e1n, szombaton:<\/em><\/p>\n<p style=\"text-align: justify;\">9.00-13.00 \u00a0 \u00a0 \u00a0 <strong>Szabadon v\u00e1lasztott t\u00e1ncok versenye<\/strong><\/p>\n<p style=\"text-align: justify;\">13.00 \u00a0 \u00a0 \u00a0 \u00a0 \u00a0 \u00a0 \u00a0 \u00a0Eb\u00e9d, szabad program<\/p>\n<p style=\"text-align: justify;\">D\u00f6nt\u00e9s, g\u00e1lam\u0171sor \u00f6ssze\u00e1ll\u00edt\u00e1sa, szakmai \u00e9rt\u00e9kel\u00e9s<\/p>\n<p style=\"text-align: justify;\">18.00-19.30 \u00a0 \u00a0 \u00a0<strong>Eredm\u00e9nyhirdet\u00e9s, d\u00edj\u00e1tad\u00e1s, g\u00e1lam\u0171sor<\/strong><\/p>\n<p style=\"text-align: justify;\"><em>El\u0151zm\u00e9ny: a 15-18 \u00e9ves n\u00e9pt\u00e1ncos koroszt\u00e1lynak sz\u00f3l\u00f3 verseng\u00e9sre k\u00f6zel k\u00e9tsz\u00e1zan jelentkeztek az orsz\u00e1g minden t\u00e1j\u00e1r\u00f3l. A nevez\u0151k Sz\u00e1zhalombatt\u00e1n, Ny\u00edregyh\u00e1z\u00e1n \u00e9s Szarvason selejtez\u0151k\u00f6n vettek r\u00e9szt, innen jutottak a legjobbak az egri d\u00f6nt\u0151be.<\/em><\/p>\n<p style=\"text-align: justify;\"><em>Szakmai v\u00e9dn\u00f6k: Martin Gy\u00f6rgy N\u00e9pt\u00e1ncsz\u00f6vets\u00e9g, \u00d6r\u00f6ks\u00e9g Gyermek N\u00e9pm\u0171v\u00e9szeti Egyes\u00fclet.<\/em><\/p>\n<p style=\"text-align: justify;\"><em>Az EKMK rendez\u0151partnere: a Forr\u00e1s Alap\u00edtv\u00e1ny Eger; t\u00e1mogat\u00f3ja: a Nemzeti Kultur\u00e1lis Alap K\u00f6zm\u0171vel\u0151d\u00e9si \u00e9s N\u00e9pm\u0171v\u00e9szeti Koll\u00e9giuma<\/em><\/p>\n","protected":false},"excerpt":{"rendered":"<p>A IX. Orsz\u00e1gos Ifj\u00fas\u00e1gi Sz\u00f3l\u00f3t\u00e1ncverseny d\u00f6nt\u0151j\u00e9ben 65 versenyz\u0151t k\u00f6sz\u00f6nthet\u00fcnk, akik \u00f6sszesen 91 produkci\u00f3t hoznak el Egerbe, a Forr\u00e1s Gyermek \u00e9s Ifj\u00fas\u00e1gi H\u00e1zba. Az esem\u00e9ny janu\u00e1r 22-\u00e9n \u00e9s 23-\u00e1n zajlik, menete a k\u00f6vetkez\u0151:<br \/>\n22-\u00e9n, p\u00e9nteken:<br \/>\n13.30 \u00a0 \u00a0 \u00a0 \u00a0 \u00a0 \u00a0 \u00a0\u00c9rkez\u00e9s, regisztr\u00e1ci\u00f3, \u00f6lt\u00f6z\u0151k elfoglal\u00e1sa<br \/>\n14.30-15.30 \u00a0 \u00a0K\u00f6telez\u0151 t\u00e1ncok pr\u00f3b\u00e1ja &#8211; Szikes zenekar<br \/>\n16.00-18.00 \u00a0\u00a0Megnyit\u00f3, k\u00f6telez\u0151 t\u00e1ncok versenye kettes\u00e9vel<br \/>\n18.00 [&#8230;]<\/p>\n","protected":false},"author":4,"featured_media":0,"comment_status":"closed","ping_status":"closed","sticky":false,"template":"","format":"standard","meta":{"footnotes":""},"categories":[8,1,4],"tags":[262,930],"class_list":["post-15182","post","type-post","status-publish","format-standard","hentry","category-kultura","category-nincs-kategorizalva","category-szabadido","tag-ekmk","tag-tanc"],"_links":{"self":[{"href":"https:\/\/www.agriatv.hu\/index.php?rest_route=\/wp\/v2\/posts\/15182","targetHints":{"allow":["GET"]}}],"collection":[{"href":"https:\/\/www.agriatv.hu\/index.php?rest_route=\/wp\/v2\/posts"}],"about":[{"href":"https:\/\/www.agriatv.hu\/index.php?rest_route=\/wp\/v2\/types\/post"}],"author":[{"embeddable":true,"href":"https:\/\/www.agriatv.hu\/index.php?rest_route=\/wp\/v2\/users\/4"}],"replies":[{"embeddable":true,"href":"https:\/\/www.agriatv.hu\/index.php?rest_route=%2Fwp%2Fv2%2Fcomments&post=15182"}],"version-history":[{"count":4,"href":"https:\/\/www.agriatv.hu\/index.php?rest_route=\/wp\/v2\/posts\/15182\/revisions"}],"predecessor-version":[{"id":15189,"href":"https:\/\/www.agriatv.hu\/index.php?rest_route=\/wp\/v2\/posts\/15182\/revisions\/15189"}],"wp:attachment":[{"href":"https:\/\/www.agriatv.hu\/index.php?rest_route=%2Fwp%2Fv2%2Fmedia&parent=15182"}],"wp:term":[{"taxonomy":"category","embeddable":true,"href":"https:\/\/www.agriatv.hu\/index.php?rest_route=%2Fwp%2Fv2%2Fcategories&post=15182"},{"taxonomy":"post_tag","embeddable":true,"href":"https:\/\/www.agriatv.hu\/index.php?rest_route=%2Fwp%2Fv2%2Ftags&post=15182"}],"curies":[{"name":"wp","href":"https:\/\/api.w.org\/{rel}","templated":true}]}}