{"id":15196,"date":"2016-01-20T19:21:55","date_gmt":"2016-01-20T19:21:55","guid":{"rendered":"http:\/\/www.agriatv.hu\/?p=15196"},"modified":"2016-01-20T20:24:31","modified_gmt":"2016-01-20T20:24:31","slug":"stadion-helyett-cafeteria","status":"publish","type":"post","link":"https:\/\/www.agriatv.hu\/?p=15196","title":{"rendered":"Stadion helyett cafeteria"},"content":{"rendered":"<p style=\"text-align: justify;\"><a href=\"https:\/\/www.agriatv.hu\/wp-content\/uploads\/2016\/01\/160120korhaz_eger.Still002.jpg\" rel=\"attachment wp-att-15197\"><img loading=\"lazy\" decoding=\"async\" class=\"alignleft wp-image-15197\" src=\"https:\/\/www.agriatv.hu\/wp-content\/uploads\/2016\/01\/160120korhaz_eger.Still002-300x240.jpg\" alt=\"160120korhaz_eger.Still002\" width=\"148\" height=\"118\" srcset=\"https:\/\/www.agriatv.hu\/wp-content\/uploads\/2016\/01\/160120korhaz_eger.Still002-300x240.jpg 300w, https:\/\/www.agriatv.hu\/wp-content\/uploads\/2016\/01\/160120korhaz_eger.Still002-100x80.jpg 100w, https:\/\/www.agriatv.hu\/wp-content\/uploads\/2016\/01\/160120korhaz_eger.Still002.jpg 720w\" sizes=\"auto, (max-width: 148px) 100vw, 148px\" \/><\/a><strong>Megtelt az egri Bartakovics B\u00e9la K\u00f6z\u00f6ss\u00e9gi H\u00e1z nagyterme szerda d\u00e9lut\u00e1n. A Markhot Ferenc K\u00f3rh\u00e1z dolgoz\u00f3 t\u00f6lt\u00f6tt\u00e9k meg, k\u00f6z\u00fcl\u00fck is els\u0151sorban az \u00c1pol\u00e1si Szakszervezet tagjai. Elmaradt b\u00e9ren k\u00edv\u00fcli juttat\u00e1suk kifizet\u00e9s\u00e9ben rem\u00e9nykednek.<\/strong><\/p>\n<p style=\"text-align: justify;\">Az Egri \u00c1pol\u00e1si Szakszervezet \u00f6t tagja el\u0151bb az Egri K\u00f6zigazgat\u00e1si \u00e9s Munka\u00fcgyi B\u00edr\u00f3s\u00e1gon, majd k\u00e9s\u0151bb az Egri T\u00f6rv\u00e9nysz\u00e9ken nyert pert az elmaradt cafet\u00e9ria juttat\u00e1suk kifizet\u00e9s\u00e9re, \u00e1m a Markhot Ferenc K\u00f3rh\u00e1z fellebbez\u00e9se nyom\u00e1n az \u00fcgy a K\u00fari\u00e1hoz ker\u00fclt, amely a napokban a kor\u00e1bbi b\u00edr\u00f3s\u00e1gi d\u00f6nt\u00e9seket helyben hagyta.<\/p>\n<p>Ismert: a k\u00f3rh\u00e1z a 2013-as \u00e1llamos\u00edt\u00e1s \u00f3ta nem ad az alkalmazottainak b\u00e9ren k\u00edv\u00fcli juttat\u00e1st. Ez\u00e9rt perelt \u00e9s nyert \u00f6t dolgoz\u00f3. A t\u00f6bbiek most azt szeretn\u00e9k, ha\u00a0 valamennyi k\u00f3rh\u00e1zi alkalmazott megkaphatn\u00e1 jogos j\u00e1rand\u00f3s\u00e1g\u00e1t.<\/p>\n<p>A BBKH-ban tartott dolgoz\u00f3i \u00e9rtekezleten ott volt dr. Bajusz Krisztina, az Auton\u00f3m Szakszervezetek munkajog\u00e1sza. \u0150 k\u00e9pviselte az \u00f6t\u00f6ket a nemr\u00e9g z\u00e1rult perben. A jogi k\u00e9pvisel\u0151 a port\u00e1lunk k\u00e9rd\u00e9s\u00e9re elmondta, term\u00e9szetesen tiszt\u00e1ban vannak azzal, hogy Magyarorsz\u00e1gon nincs precedensjog, \u00e1m azt is l\u00e1tni kell, hogy az \u00f6t pernyertessel egyez\u0151 jogi helyzetben van a t\u00f6bbi k\u00f3rh\u00e1zi dolgoz\u00f3 is, r\u00e1ad\u00e1sul maga a k\u00f3rh\u00e1zvezet\u00e9s is \u00fagy nyilatkozott, keresi a forr\u00e1s\u00e1t a dolgoz\u00f3k kifizet\u00e9s\u00e9nek.<\/p>\n<div class=\"cikkleft cikktext\" style=\"text-align: justify;\">\n<p>Sz\u00e9kely Tam\u00e1s, a Magyar Szakszervezeti Sz\u00f6vets\u00e9g aleln\u00f6ke a f\u00f3rumon \u00fagy v\u00e9lte: az egri k\u00f3rh\u00e1z vezet\u00e9s\u00e9nek \u00e9s a legnagyobb szakszervezetnek k\u00f6z\u00f6s az \u00e9rdeke, egy\u00fctt juthatnak eredm\u00e9nyre, hiszen a csaknem 1500 dolgoz\u00f3 elmaradt cafet\u00e9ri\u00e1ja csakis a k\u00f6zponti k\u00f6lts\u00e9gvet\u00e9sb\u0151l finansz\u00edrozhat\u00f3. Sz\u00e9kely szerint sem v\u00e1rhat\u00f3 az el egy gy\u00f3gyint\u00e9zm\u00e9nyt\u0151l, hogy egy \u00e9ves szinten 162 milli\u00f3 forintra r\u00fag\u00f3 t\u00f6bbletkifizet\u00e9st kigazd\u00e1lkodjon.<br \/>\n\u2013 Csak \u00fagy \u00e9rhet\u00fcnk el eredm\u00e9nyt, ha meger\u0151s\u00edtj\u00fck a szakszervezetet, amelynek most mintegy n\u00e9gysz\u00e1z tagja van az egri k\u00f3rh\u00e1zban. Ha a dolgoz\u00f3k t\u00f6bbs\u00e9g\u00e9t magunk m\u00f6g\u00f6tt tudhatjuk, akkor tudunk val\u00f3di nyom\u00e1st gyakorolni \u2013 fogalmazott Sz\u00e9kely, aki a szakszervezetbe val\u00f3 bel\u00e9p\u00e9sre buzd\u00edtotta a r\u00e9sztvev\u0151ket.<br \/>\n\u2013 Az senkinek nem lehet \u00e9rdeke, hogy most 1400-n\u00e1l is t\u00f6bb pert ind\u00edtsanak a dolgoz\u00f3k egyenk\u00e9nt \u2013 tette hozz\u00e1 Sz\u00e9kely. \u2013 Ha stadionokra van p\u00e9nz, akkor az eg\u00e9szs\u00e9g\u00fcgyben dolgoz\u00f3knak is kell, hogy jusson.<\/p>\n<p>Az Egri \u00c1pol\u00e1si Szakszervezet eln\u00f6ke, Kov\u00e1csn\u00e9 P\u00e1los Rita, aki egy\u00e9bk\u00e9nt egyike azoknak, akik v\u00e1llalt\u00e1k a pert, elmondta:<br \/>\n\u2013 Elkezd\u0151d\u00f6tt\u00a0 az egyeztet\u00e9s a k\u00f3rh\u00e1zvezet\u00e9ssel, de nyilv\u00e1n hosszas p\u00e1rbesz\u00e9dre lesz sz\u00fcks\u00e9g, hogy a v\u00e9gleges megold\u00e1s megsz\u00fclethessen. A jelenlegi igazgat\u00f3, \u00fagy \u00e9rzem, igyekszik seg\u00edt\u0151 kezet ny\u00fajtani.<\/p>\n<p>A dolgoz\u00f3k k\u00f6z\u00f6tt nagy volt a bizonytalans\u00e1g, sok m\u00e9g a tiszt\u00e1zatlan k\u00e9rd\u00e9s. Ez a f\u00f3rumon is kider\u00fclt, mert egy-egy k\u00e9rdez\u0151 m\u00e9g azt sem tudta, hogy a K\u00faria d\u00f6nt\u00e9s\u00e9t k\u00f6vet\u0151en 2016. janu\u00e1r 15-i hat\u00e1llyal a Markhot Ferenc K\u00f3rh\u00e1z vezet\u00e9se felmondta az addig \u00e9rv\u00e9nyben l\u00e9v\u0151 cafeteria-szab\u00e1lyzatot, mely a per alapj\u00e1t k\u00e9pezte.<\/p>\n<p>A Markhot Ferenc K\u00f3rh\u00e1z nyitott a cafeteria \u00fcgy\u00e9nek rendez\u00e9s\u00e9re, fogalmazott dr. T\u00f3th Ildik\u00f3 megb\u00edzott f\u0151igazgat\u00f3 k\u00f6zlem\u00e9ny\u00e9ben. A k\u00f3rh\u00e1z a k\u00faria d\u00f6nt\u00e9s\u00e9t k\u00f6vet\u0151en megkezdte az egyeztet\u00e9seket az int\u00e9zm\u00e9ny tulajdonosa \u00e9s a dolgoz\u00f3i \u00e9rdekk\u00e9pviselet k\u00f6z\u00f6tt. Dr. T\u00f3th Ildik\u00f3, aki meg\u00f6r\u00f6k\u00f6lte ezt a 2013-ban kialakult jogi helyzetet, az \u00fcgy megnyugtat\u00f3 rendez\u00e9s\u00e9re t\u00f6rekszik.<\/p>\n<\/div>\n<div class=\"cikkleft cikktext\" style=\"text-align: justify;\">\n\n<div class=\"youtube-embed ye-container\" itemprop=\"video\" itemscope itemtype=\"https:\/\/schema.org\/VideoObject\">\n\t<meta itemprop=\"url\" content=\"https:\/\/www.youtube.com\/v\/QavS6q6HcVk\" \/>\n\t<meta itemprop=\"name\" content=\"Stadion helyett cafeteria\" \/>\n\t<meta itemprop=\"description\" content=\"Stadion helyett cafeteria\" \/>\n\t<meta itemprop=\"uploadDate\" content=\"2016-01-20T19:21:55+00:00\" \/>\n\t<meta itemprop=\"thumbnailUrl\" content=\"https:\/\/i.ytimg.com\/vi\/QavS6q6HcVk\/default.jpg\" \/>\n\t<meta itemprop=\"embedUrl\" content=\"https:\/\/www.youtube.com\/embed\/QavS6q6HcVk\" \/>\n\t<meta itemprop=\"height\" content=\"1080\" \/>\n\t<meta itemprop=\"width\" content=\"1920\" \/>\n\t<iframe loading=\"lazy\" style=\"border: 0;\" class=\"youtube-player\" width=\"1920\" height=\"1080\" src=\"https:\/\/www.youtube.com\/embed\/QavS6q6HcVk?modestbranding=1&fs=0&rel=0\"><\/iframe>\n<\/div>\n\n<p>\u2013 Term\u00e9szetesen a k\u00faria d\u00f6nt\u00e9se alapj\u00e1n a perben szerepl\u0151 \u00f6t dolgoz\u00f3 megkapja j\u00e1rand\u00f3s\u00e1g\u00e1t, a t\u00f6bbi dolgoz\u00f3 kifizet\u00e9s\u00e9r\u0151l pedig\u00a0 folyamatban vannak a t\u00e1rgyal\u00e1sok.\u00a0 Peren k\u00edv\u00fcli egyezs\u00e9gre van ugyan m\u00f3d, de sajn\u00e1latos, hogy jelenleg nincs meg a fedezete a kifizetend\u0151 t\u00f6bb mint 300 milli\u00f3 forintnak \u2013 \u00edgy a f\u0151igazgat\u00f3.<\/p>\n<p>\u2013 Amennyiben az egyeztet\u00e9sek nem vezetn\u00e9nek eredm\u00e9nyre, a f\u00f3rumon megegyeztek a r\u00e9sztvev\u0151k, hogy ak\u00e1r perk\u00f6z\u00f6ss\u00e9get alak\u00edtva is tov\u00e1bb viszik az \u00fcgyet \u2013 fogalmazott Kov\u00e1csn\u00e9 P\u00e1los Rita a tal\u00e1lkoz\u00f3 ut\u00e1n.<br \/>\nElmondta: rem\u00e9lik, hogy erre nem lesz sz\u00fcks\u00e9g, de a jelenl\u00e9v\u0151 szakszervezeti tagok t\u00f6bbs\u00e9ge egyeztetett a jogi k\u00e9pvisel\u0151vel lehet\u0151s\u00e9geikr\u0151l.<br \/>\nP\u00e1los Rita hozz\u00e1tette: elk\u00e9pzelhet\u0151, hogy \u00fajabb tal\u00e1lkoz\u00f3t is meghirdetnek majd, hogy mindenki \u00e9lhessen a szakszervezet \u00e1ltal k\u00edn\u00e1lt jogi seg\u00edts\u00e9ggel.<\/p>\n<p><strong>A kor\u00e1bbi vezet\u0151 rossz d\u00f6nt\u00e9seinek k\u00f6vetkezm\u00e9ny\u00e9t viselik<br \/>\n<\/strong><br \/>\nA Markhot Ferenc K\u00f3rh\u00e1z (volt Nonprofit Kft.) 2010. janu\u00e1r 19-\u00e9n k\u00f6t\u00f6tt meg\u00e1llapod\u00e1st az \u00e9rdekk\u00e9pviseletekkel a cafet\u00e9ria juttat\u00e1sr\u00f3l, \u00e9s ellent\u00e9tben a magyarorsz\u00e1gi k\u00f3rh\u00e1zak nagy r\u00e9sz\u00e9vel, eg\u00e9szen 2013. m\u00e1rcius v\u00e9g\u00e9ig fizette is dolgoz\u00f3inak a juttat\u00e1st. Dr. F\u0171t\u0151 L\u00e1szl\u00f3 akkori f\u0151igazgat\u00f3 d\u00f6nt\u00e9se nyom\u00e1n alakult ki a mostani helyzet, miszerint a k\u00f3rh\u00e1z nem fizetett a tov\u00e1bbiakban. Az int\u00e9zm\u00e9ny jelenlegi vezet\u0151je szerint egy rossz d\u00f6nt\u00e9s k\u00f6vetkezm\u00e9nyeit viseli most a k\u00f3rh\u00e1z.<\/p>\n<p>A cafeteria juttat\u00e1sr\u00f3l sz\u00f3l\u00f3 meg\u00e1llapod\u00e1st az int\u00e9zm\u00e9nyvezet\u0151 a k\u00faria d\u00f6nt\u00e9se ut\u00e1n f\u00f6lmondta, \u00e9s elind\u00edtotta az egyeztet\u00e9si folyamatot a tulajdonos k\u00e9pvisel\u0151j\u00e9vel, az \u00c1llami Eg\u00e9szs\u00e9g\u00fcgyi Ell\u00e1t\u00f3 K\u00f6zpont vezet\u0151ivel. Megt\u00f6rt\u00e9nt az els\u0151 egyeztet\u00e9s az int\u00e9zm\u00e9ny szakszervezeti vezet\u0151ivel is.<\/p>\n<p>Sz\u00f6veg: <a href=\"http:\/\/heol.hu\">HEOL<\/a><\/p>\n<p>&nbsp;<\/p>\n<\/div>\n<p><a class=\"embedly-card\" href=\"http:\/\/tenyek.hu\/neoplayer\/tv2\/embed\/200319_nincs-penz-mindenkit-kifizetni-az-egri-korhazban.html\/760\">T\u00c9NYEK \/ Nincs p\u00e9nz mindenkit kifizetni az egri k\u00f3rh\u00e1zban \/ tenyek.hu<\/a><br \/>\n<script src=\"\/\/cdn.embedly.com\/widgets\/platform.js\" async=\"\" charset=\"UTF-8\"><\/script><\/p>\n","protected":false},"excerpt":{"rendered":"<p>Megtelt az egri Bartakovics B\u00e9la K\u00f6z\u00f6ss\u00e9gi H\u00e1z nagyterme szerda d\u00e9lut\u00e1n. A Markhot Ferenc K\u00f3rh\u00e1z dolgoz\u00f3 t\u00f6lt\u00f6tt\u00e9k meg, k\u00f6z\u00fcl\u00fck is els\u0151sorban az \u00c1pol\u00e1si Szakszervezet tagjai. Elmaradt b\u00e9ren k\u00edv\u00fcli juttat\u00e1suk kifizet\u00e9s\u00e9ben rem\u00e9nykednek.<br \/>\nAz Egri \u00c1pol\u00e1si Szakszervezet \u00f6t tagja el\u0151bb az Egri K\u00f6zigazgat\u00e1si \u00e9s Munka\u00fcgyi B\u00edr\u00f3s\u00e1gon, majd k\u00e9s\u0151bb az Egri T\u00f6rv\u00e9nysz\u00e9ken nyert pert az elmaradt cafet\u00e9ria juttat\u00e1suk kifizet\u00e9s\u00e9re, \u00e1m [&#8230;]<\/p>\n","protected":false},"author":4,"featured_media":0,"comment_status":"closed","ping_status":"closed","sticky":false,"template":"","format":"standard","meta":{"footnotes":""},"categories":[19],"tags":[71,36,713],"class_list":["post-15196","post","type-post","status-publish","format-standard","hentry","category-egeszseg","tag-birosag","tag-eger","tag-korhaz"],"_links":{"self":[{"href":"https:\/\/www.agriatv.hu\/index.php?rest_route=\/wp\/v2\/posts\/15196","targetHints":{"allow":["GET"]}}],"collection":[{"href":"https:\/\/www.agriatv.hu\/index.php?rest_route=\/wp\/v2\/posts"}],"about":[{"href":"https:\/\/www.agriatv.hu\/index.php?rest_route=\/wp\/v2\/types\/post"}],"author":[{"embeddable":true,"href":"https:\/\/www.agriatv.hu\/index.php?rest_route=\/wp\/v2\/users\/4"}],"replies":[{"embeddable":true,"href":"https:\/\/www.agriatv.hu\/index.php?rest_route=%2Fwp%2Fv2%2Fcomments&post=15196"}],"version-history":[{"count":3,"href":"https:\/\/www.agriatv.hu\/index.php?rest_route=\/wp\/v2\/posts\/15196\/revisions"}],"predecessor-version":[{"id":15200,"href":"https:\/\/www.agriatv.hu\/index.php?rest_route=\/wp\/v2\/posts\/15196\/revisions\/15200"}],"wp:attachment":[{"href":"https:\/\/www.agriatv.hu\/index.php?rest_route=%2Fwp%2Fv2%2Fmedia&parent=15196"}],"wp:term":[{"taxonomy":"category","embeddable":true,"href":"https:\/\/www.agriatv.hu\/index.php?rest_route=%2Fwp%2Fv2%2Fcategories&post=15196"},{"taxonomy":"post_tag","embeddable":true,"href":"https:\/\/www.agriatv.hu\/index.php?rest_route=%2Fwp%2Fv2%2Ftags&post=15196"}],"curies":[{"name":"wp","href":"https:\/\/api.w.org\/{rel}","templated":true}]}}