{"id":15245,"date":"2016-01-25T21:08:00","date_gmt":"2016-01-25T21:08:00","guid":{"rendered":"http:\/\/www.agriatv.hu\/?p=15245"},"modified":"2016-01-25T21:08:58","modified_gmt":"2016-01-25T21:08:58","slug":"33-havi-cafeteriat-var-1500-korhazi-dolgozo","status":"publish","type":"post","link":"https:\/\/www.agriatv.hu\/?p=15245","title":{"rendered":"Cafeteri\u00e1t v\u00e1r 1500 k\u00f3rh\u00e1zi dolgoz\u00f3"},"content":{"rendered":"<p style=\"text-align: justify;\"><a href=\"https:\/\/www.agriatv.hu\/wp-content\/uploads\/2016\/01\/480187.720x405.jpg\" rel=\"attachment wp-att-15246\"><img loading=\"lazy\" decoding=\"async\" class=\"alignleft wp-image-15246\" src=\"https:\/\/www.agriatv.hu\/wp-content\/uploads\/2016\/01\/480187.720x405-300x169.jpg\" alt=\"480187.720x405\" width=\"170\" height=\"96\" srcset=\"https:\/\/www.agriatv.hu\/wp-content\/uploads\/2016\/01\/480187.720x405-300x169.jpg 300w, https:\/\/www.agriatv.hu\/wp-content\/uploads\/2016\/01\/480187.720x405.jpg 720w\" sizes=\"auto, (max-width: 170px) 100vw, 170px\" \/><\/a>A korm\u00e1nyt\u00f3l v\u00e1r seg\u00edts\u00e9get az egri Markhot Ferenc K\u00f3rh\u00e1z 1500 dolgoz\u00f3ja, hogy a 3 \u00e9ve nem fizetett b\u00e9ren k\u00edv\u00fcli juttat\u00e1s\u00e1hoz hozz\u00e1jusson. F\u00e9lmilli\u00e1rd forintot nem fizetett ki a k\u00f3rh\u00e1z. A T\u00e9nyeknek nyilatkoz\u00f3 \u00e1pol\u00f3n\u0151 szerint neki 300 ezerrel tartoznak.<\/p>\n<p><a class=\"embedly-card\" href=\"http:\/\/tenyek.hu\/neoplayer\/tv2\/embed\/200868_33-havi-cafeteriat-var-1500-korhazi-dolgozo.html\/760\">T\u00c9NYEK \/ 33 havi cafeteri\u00e1t v\u00e1r 1500 k\u00f3rh\u00e1zi dolgoz\u00f3 \/ tenyek.hu<\/a><br \/>\n<script src=\"\/\/cdn.embedly.com\/widgets\/platform.js\" async=\"\" charset=\"UTF-8\"><\/script><\/p>\n","protected":false},"excerpt":{"rendered":"<p>A korm\u00e1nyt\u00f3l v\u00e1r seg\u00edts\u00e9get az egri Markhot Ferenc K\u00f3rh\u00e1z 1500 dolgoz\u00f3ja, hogy a 3 \u00e9ve nem fizetett b\u00e9ren k\u00edv\u00fcli juttat\u00e1s\u00e1hoz hozz\u00e1jusson. F\u00e9lmilli\u00e1rd forintot nem fizetett ki a k\u00f3rh\u00e1z. A T\u00e9nyeknek nyilatkoz\u00f3 \u00e1pol\u00f3n\u0151 szerint neki 300 ezerrel tartoznak.<br \/>\nT\u00c9NYEK \/ 33 havi cafeteri\u00e1t v\u00e1r 1500 k\u00f3rh\u00e1zi dolgoz\u00f3 \/ tenyek.hu<\/p>\n","protected":false},"author":4,"featured_media":0,"comment_status":"closed","ping_status":"closed","sticky":false,"template":"","format":"standard","meta":{"footnotes":""},"categories":[6,19,450],"tags":[71,36,713],"class_list":["post-15245","post","type-post","status-publish","format-standard","hentry","category-belfold","category-egeszseg","category-gazdasag-2","tag-birosag","tag-eger","tag-korhaz"],"_links":{"self":[{"href":"https:\/\/www.agriatv.hu\/index.php?rest_route=\/wp\/v2\/posts\/15245","targetHints":{"allow":["GET"]}}],"collection":[{"href":"https:\/\/www.agriatv.hu\/index.php?rest_route=\/wp\/v2\/posts"}],"about":[{"href":"https:\/\/www.agriatv.hu\/index.php?rest_route=\/wp\/v2\/types\/post"}],"author":[{"embeddable":true,"href":"https:\/\/www.agriatv.hu\/index.php?rest_route=\/wp\/v2\/users\/4"}],"replies":[{"embeddable":true,"href":"https:\/\/www.agriatv.hu\/index.php?rest_route=%2Fwp%2Fv2%2Fcomments&post=15245"}],"version-history":[{"count":3,"href":"https:\/\/www.agriatv.hu\/index.php?rest_route=\/wp\/v2\/posts\/15245\/revisions"}],"predecessor-version":[{"id":15249,"href":"https:\/\/www.agriatv.hu\/index.php?rest_route=\/wp\/v2\/posts\/15245\/revisions\/15249"}],"wp:attachment":[{"href":"https:\/\/www.agriatv.hu\/index.php?rest_route=%2Fwp%2Fv2%2Fmedia&parent=15245"}],"wp:term":[{"taxonomy":"category","embeddable":true,"href":"https:\/\/www.agriatv.hu\/index.php?rest_route=%2Fwp%2Fv2%2Fcategories&post=15245"},{"taxonomy":"post_tag","embeddable":true,"href":"https:\/\/www.agriatv.hu\/index.php?rest_route=%2Fwp%2Fv2%2Ftags&post=15245"}],"curies":[{"name":"wp","href":"https:\/\/api.w.org\/{rel}","templated":true}]}}