{"id":15263,"date":"2016-01-29T07:07:57","date_gmt":"2016-01-29T07:07:57","guid":{"rendered":"http:\/\/www.agriatv.hu\/?p=15263"},"modified":"2016-01-29T07:07:57","modified_gmt":"2016-01-29T07:07:57","slug":"sarloval-olte-meg-az-elettarsat","status":"publish","type":"post","link":"https:\/\/www.agriatv.hu\/?p=15263","title":{"rendered":"Sarl\u00f3val \u00f6lte meg az \u00e9lett\u00e1rs\u00e1t"},"content":{"rendered":"<p style=\"text-align: justify;\"><a href=\"https:\/\/www.agriatv.hu\/wp-content\/uploads\/2016\/01\/480688.720x405.jpg\" rel=\"attachment wp-att-15264\"><img loading=\"lazy\" decoding=\"async\" class=\"alignleft wp-image-15264\" src=\"https:\/\/www.agriatv.hu\/wp-content\/uploads\/2016\/01\/480688.720x405-300x169.jpg\" alt=\"480688.720x405\" width=\"176\" height=\"99\" srcset=\"https:\/\/www.agriatv.hu\/wp-content\/uploads\/2016\/01\/480688.720x405-300x169.jpg 300w, https:\/\/www.agriatv.hu\/wp-content\/uploads\/2016\/01\/480688.720x405.jpg 720w\" sizes=\"auto, (max-width: 176px) 100vw, 176px\" \/><\/a>Sarl\u00f3val, r\u00e9szegen, f\u00e9lt\u00e9kenys\u00e9gb\u0151l meg\u00f6lte \u00e9lett\u00e1rs\u00e1t B\u00fckkszenterzs\u00e9beten egy 23 \u00e9ves f\u00e9rfi, az \u00fcgy\u00e9szs\u00e9g most emelt v\u00e1dat ellene. Az\u00e9rt verte, majd \u00f6lte meg a n\u0151t, mert f\u00e9lmeztelen\u00fcl tal\u00e1lta otthon az egyik bar\u00e1tj\u00e1val. Ezen feld\u00fch\u00f6d\u00f6tt \u00e9s t\u00f6bb mint 50 s\u00e9r\u00fcl\u00e9st okozott az \u00e9lett\u00e1rs\u00e1nak, aki a k\u00f3rh\u00e1zban belehalt a s\u00e9r\u00fcl\u00e9seibe.<\/p>\n<p><a class=\"embedly-card\" href=\"http:\/\/tenyek.hu\/neoplayer\/tv2\/embed\/201237_sarloval-olte-meg-az-elettarsat.html\/760\">T\u00c9NYEK \/ Sarl\u00f3val \u00f6lte meg az \u00e9lett\u00e1rs\u00e1t \/ tenyek.hu<\/a><br \/>\n<script src=\"\/\/cdn.embedly.com\/widgets\/platform.js\" async=\"\" charset=\"UTF-8\"><\/script><\/p>\n","protected":false},"excerpt":{"rendered":"<p>Sarl\u00f3val, r\u00e9szegen, f\u00e9lt\u00e9kenys\u00e9gb\u0151l meg\u00f6lte \u00e9lett\u00e1rs\u00e1t B\u00fckkszenterzs\u00e9beten egy 23 \u00e9ves f\u00e9rfi, az \u00fcgy\u00e9szs\u00e9g most emelt v\u00e1dat ellene. Az\u00e9rt verte, majd \u00f6lte meg a n\u0151t, mert f\u00e9lmeztelen\u00fcl tal\u00e1lta otthon az egyik bar\u00e1tj\u00e1val. Ezen feld\u00fch\u00f6d\u00f6tt \u00e9s t\u00f6bb mint 50 s\u00e9r\u00fcl\u00e9st okozott az \u00e9lett\u00e1rs\u00e1nak, aki a k\u00f3rh\u00e1zban belehalt a s\u00e9r\u00fcl\u00e9seibe.<br \/>\nT\u00c9NYEK \/ Sarl\u00f3val \u00f6lte meg az \u00e9lett\u00e1rs\u00e1t \/ tenyek.hu<\/p>\n","protected":false},"author":4,"featured_media":0,"comment_status":"closed","ping_status":"closed","sticky":false,"template":"","format":"standard","meta":{"footnotes":""},"categories":[5],"tags":[71,1885,1079,771,122],"class_list":["post-15263","post","type-post","status-publish","format-standard","hentry","category-kek-hirek","tag-birosag","tag-bukkszenterzsebet","tag-gyilkossag","tag-halal","tag-rendorseg"],"_links":{"self":[{"href":"https:\/\/www.agriatv.hu\/index.php?rest_route=\/wp\/v2\/posts\/15263","targetHints":{"allow":["GET"]}}],"collection":[{"href":"https:\/\/www.agriatv.hu\/index.php?rest_route=\/wp\/v2\/posts"}],"about":[{"href":"https:\/\/www.agriatv.hu\/index.php?rest_route=\/wp\/v2\/types\/post"}],"author":[{"embeddable":true,"href":"https:\/\/www.agriatv.hu\/index.php?rest_route=\/wp\/v2\/users\/4"}],"replies":[{"embeddable":true,"href":"https:\/\/www.agriatv.hu\/index.php?rest_route=%2Fwp%2Fv2%2Fcomments&post=15263"}],"version-history":[{"count":1,"href":"https:\/\/www.agriatv.hu\/index.php?rest_route=\/wp\/v2\/posts\/15263\/revisions"}],"predecessor-version":[{"id":15265,"href":"https:\/\/www.agriatv.hu\/index.php?rest_route=\/wp\/v2\/posts\/15263\/revisions\/15265"}],"wp:attachment":[{"href":"https:\/\/www.agriatv.hu\/index.php?rest_route=%2Fwp%2Fv2%2Fmedia&parent=15263"}],"wp:term":[{"taxonomy":"category","embeddable":true,"href":"https:\/\/www.agriatv.hu\/index.php?rest_route=%2Fwp%2Fv2%2Fcategories&post=15263"},{"taxonomy":"post_tag","embeddable":true,"href":"https:\/\/www.agriatv.hu\/index.php?rest_route=%2Fwp%2Fv2%2Ftags&post=15263"}],"curies":[{"name":"wp","href":"https:\/\/api.w.org\/{rel}","templated":true}]}}